{"id":5774,"date":"2020-11-04T18:26:13","date_gmt":"2020-11-04T15:26:13","guid":{"rendered":"http:\/\/mersinekonomipolitikagazetesi.com\/?p=5774"},"modified":"2020-11-04T18:26:13","modified_gmt":"2020-11-04T15:26:13","slug":"nuhun-gemisi-kongre-merkezi-aciliyor-onkoloji-hastanesi-de-tamamlandi-saglik-alaninda-buyuk-devrim","status":"publish","type":"post","link":"https:\/\/mersinekonomipolitikagazetesi.com\/?p=5774","title":{"rendered":"\u2018NUHUN GEM\u0130S\u0130 KONGRE MERKEZ\u0130\u2019 A\u00c7ILIYOR ONKOLOJ\u0130 HASTANES\u0130 DE TAMAMLANDI  &#8220;Sa\u011fl\u0131k Alan\u0131nda B\u00fcy\u00fck Devrim\u201d"},"content":{"rendered":"<p>MES\u0130AD Y\u00f6netimi, Mersin \u00dcniversitesi Rekt\u00f6r\u00fc Prof. Ahmet \u00c7amsar\u0131&#8217;y\u0131 ziyaret etti. Nuhun Gemisi Kongre Merkezi&#8217;nin hizmete a\u00e7\u0131laca\u011f\u0131 m\u00fcjdesi verildi. Onkoloji Hastanesi&#8217;nde de son r\u00f6tu\u015flar\u0131n kald\u0131\u011f\u0131n\u0131 belirten \u00c7amsar\u0131, &#8220;Kadrolu eleman alarak istihdam\u0131 da sa\u011flayabilirsek hemen hizmete a\u00e7aca\u011f\u0131z, geciktirmeyece\u011fiz.&#8221; dedi.\u00a0<\/p>\n<p>Mersin \u0130\u015f Adamlar\u0131 Derne\u011fi (MES\u0130AD) Ba\u015fkan\u0131 Hasan Engin, Y\u00f6netim Kurulu \u00dcyeleri ile birlikte Mersin \u00dcniversitesi Rekt\u00f6r\u00fc Prof. Ahmet \u00c7amsar\u0131&#8217;y\u0131 ziyarette bulundu. Kentin ve \u00dcniversitenin e\u011fitim alan\u0131ndaki geli\u015fmeleri ve mezuniyet sonras\u0131 \u00f6\u011frencilerin i\u015f hayat\u0131na dahil edilme s\u00fcreci hakk\u0131nda kar\u015f\u0131l\u0131kl\u0131 g\u00f6r\u00fc\u015f bildirildi.\u00a0<\/p>\n<p>29 Y\u0131l Aradan Sonra Tamamlan\u0131yor<\/p>\n<p>Mersin \u00dcniversitesi b\u00fcnyesinde yap\u0131lan T\u0131p Fak\u00fcltesinin yan\u0131nda bulunan kongre merkezi, Bin 650 ki\u015filik ana salon ve 200 ki\u015filik toplant\u0131 salonlar\u0131n\u0131 i\u00e7inde bar\u0131nd\u0131ran \u201dNuh\u2019un Gemisi Kongre Merkezi\u201d hizmete a\u00e7\u0131l\u0131yor. Kongre Merkezi, sanat\u00e7\u0131lar\u0131n konforu i\u00e7in tasarlanan dinlenme odalar\u0131 yan\u0131 s\u0131ra seminer salonlar\u0131 ile \u00dcniversitenin ve Mersinlilerin hizmetine sunulacak.<br \/>\nKentin geneli i\u00e7in \u00fcst\u00fcn ve nitelikli bir proje olan Nuh\u2019un Gemisi yeni ad\u0131yla Akdeniz K\u00fclt\u00fcrlerini Ara\u015ft\u0131rma ve Kongre Merkezi ayn\u0131 zamanda kongre turizmine de b\u00fcy\u00fck katk\u0131 sa\u011flayacak. B\u00f6lgenin bir k\u00fclt\u00fcrler mozai\u011fi olmas\u0131na, co\u011frafi \u00f6zelliklerine ve projenin \u00e7\u0131k\u0131\u015f ismi olan Nuh\u2019un Gemisi\u2019ne atfen mimari tasar\u0131m\u0131 gemi \u015feklinde yap\u0131lan kongre merkezine ili\u015fkin MES\u0130AD Ba\u015fkan\u0131 Hasan Engin, \u201dMersin \u00dcniversitesinin kurulu\u015funda b\u00fcy\u00fck katk\u0131s\u0131 olan MES\u0130AD\u2019\u0131n vizyonerli\u011fi ve hayali ger\u00e7e\u011fe d\u00f6n\u00fc\u015ft\u00fcrmekteki g\u00fcc\u00fc 1993 y\u0131l\u0131nda \u00fcniversiteye y\u00f6nelik geli\u015ftirdi. Fakat \u00e7e\u015fitli sebeplerden dolay\u0131 hayata ge\u00e7irilmesi hayli uzun s\u00fcren projenin 29 y\u0131l aradan sonra tamamlanmas\u0131n\u0131n gururunu ya\u015famaktay\u0131z.\u201d dedi.<br \/>\n\u00a0<br \/>\nK\u00fclt\u00fcr Merkezi\u2019nin ve Gen\u00e7 Giri\u015fimci Merkezi\u2019nin mevcut giri\u015ften ayr\u0131 bir giri\u015fe sahip olmalar\u0131 gerekti\u011fini belirten Engin, \u201cBu projeyi de B\u00fcy\u00fck\u015fehir Belediye Ba\u015fkan\u0131m\u0131z \u00a0Vahap Se\u00e7er \u00fcstlenmi\u015ftir. K\u00fclt\u00fcrel ve sosyal faaliyetlerin, konferanslar\u0131n, konserlerin, toplant\u0131lar\u0131n, panellerin, ara\u015ft\u0131rma \u00e7al\u0131\u015fmalar\u0131n\u0131n ve \u00e7e\u015fitli e\u011fitim etkinliklerinin yap\u0131laca\u011f\u0131 bir yer olarak planlanan merkez, t\u00fcm fak\u00fcltelerin yan\u0131 s\u0131ra kamu ve \u00f6zel sekt\u00f6re de hizmet verecektir.\u201d ifadelerini kulland\u0131.<\/p>\n<p>&#8220;Hastane tamamland\u0131&#8221;<\/p>\n<p>Mersin \u00dcniversitesi Rekt\u00f6r\u00fc Prof. Dr. Ahmet \u00c7amsar\u0131, Onkoloji Hastanesi hakk\u0131nda bilgi vererek, devam eden son r\u00f6tu\u015flar\u0131n kald\u0131\u011f\u0131n\u0131 belirtti. \u00c7amsar\u0131, &#8220;Kadrolu eleman alarak istihdam\u0131 da sa\u011flayabilirsek hemen hizmete a\u00e7aca\u011f\u0131z, geciktirmeyece\u011fiz. Zaten radyoterapi \u00fcnitesini erken a\u00e7ma nedenimiz de buydu. Yani ilin en fazla ihtiya\u00e7 duydu\u011fu \u015feyleri geciktirmeyelim istedik. Biz burada sadece kemoterapi veya transplantasyon yapmak de\u011fil, buran\u0131n imkanlar\u0131n\u0131 ar-ge i\u00e7in de olu\u015fturmak istiyoruz. Yerli-milli \u00fcretim 2023 hedefleri, d\u0131\u015far\u0131ya ba\u011f\u0131ml\u0131l\u0131\u011f\u0131n azalt\u0131lmas\u0131, \u00fcniversite olarak bizim \u00f6nceliklerimiz. Biz, biyoteknolojiden bilgisayar m\u00fchendisli\u011fine kadar bununla uyumlu b\u00f6l\u00fcmler de a\u00e7t\u0131k. Multidisipliner \u00e7al\u0131\u015farak, hocalar\u0131m\u0131z\u0131 da ar-ge\u2019ye te\u015fvik ederek, d\u0131\u015far\u0131dan \u00f6nce bizim bir \u015feyler yapmam\u0131z\u0131 sa\u011flamaya \u00e7al\u0131\u015faca\u011f\u0131z.\u201d dedi.<\/p>\n<p>Onkoloji Hastanesini de ziyaret eden Ba\u015fkan Engin, toplamda 14 bin 500 metrekare kapal\u0131 alana ve 150 yatak kapasitesine sahip Onkoloji Hastanesi\u2019ni, kentin sa\u011fl\u0131k alan\u0131ndaki b\u00fcy\u00fck devrimlerden birisi olarak de\u011ferlendirdi. Engin, &#8220;Ba\u015flang\u0131\u00e7ta 136 yatak olarak projelendirilen, ancak daha sonra yatak kapasitesi art\u0131r\u0131larak 150 yata\u011fa \u00e7\u0131kar\u0131lan hastanede, ayr\u0131ca 60 ki\u015filik kemoterapi \u00fcnitesi de yer al\u0131yor. Hastanede bir ba\u015fka hedef de kemik ili\u011fi naklinin ger\u00e7ekle\u015ftirilmesi. MES\u0130AD insan odakl\u0131 bir kurulu\u015f oldu\u011fu i\u00e7in insan sa\u011fl\u0131\u011f\u0131 konusunda yap\u0131lan her hizmeti \u00f6nemsiyor ve destekliyor. Mersinliler buna lay\u0131k. \u0130nsani \u015fartlarda, d\u0131\u015far\u0131 gitme ihtiyac\u0131 duymadan, en iyi ve son d\u00f6nem cihazlarla onlara sa\u011fl\u0131k hizmetini Onkoloji Hastanesinde alacaklar. Hem \u00e7ocuk hem b\u00fcy\u00fck onkoloji hem de bunlar\u0131n hematoloji kanatlar\u0131 birarada olacak. Hastane bir ilim yuvas\u0131 olacak, sadece tedavi de\u011fil ayn\u0131 zamanda ara\u015ft\u0131rma faaliyetlerini de y\u00fcr\u00fctecek. Mersin halk\u0131n\u0131n sa\u011fl\u0131\u011f\u0131 tam donan\u0131ml\u0131 bir hastaneyle art\u0131k g\u00fcvenilir ellerde diyebiliriz.\u201d dedi. \u00a0<\/p>\n<p>&#8220;Konuk Evi B\u00fcy\u00fck Katk\u0131 Sa\u011fl\u0131yor&#8221;\u00a0<\/p>\n<p>MES\u0130AD Ba\u015fkan\u0131 Hasan Engin, Kongre merkezine ve hastaneye y\u00f6nelik katk\u0131 sa\u011flayacak projelerden birisinin de Konuk Evi oldu\u011funu belirtti. Engin, &#8220;Konuklar\u0131n ihtiya\u00e7lar\u0131na eksiksiz kar\u015f\u0131l\u0131k verecek \u015fekilde tasarlanm\u0131\u015f ve hayata ge\u00e7irilmi\u015f bu proje; ayn\u0131 zamanda kongre ve sa\u011fl\u0131k turizmi a\u00e7\u0131s\u0131ndan da tercih seviyesini \u00fcst s\u0131ralara \u00e7\u0131karmaktad\u0131r. Ama ne yaz\u0131k ki kongre merkezinin kapasitesini g\u00f6z \u00f6n\u00fcnde bulundurdu\u011fumuzda mevcut yap\u0131n\u0131n yetersiz olaca\u011f\u0131 kanaatindeyim. \u0130vedi bir \u015fekilde bu ihtiyac\u0131 kar\u015f\u0131layacak ve misafirlerin konaklayaca\u011f\u0131 bir otel in\u015fas\u0131na ba\u015flan\u0131lmal\u0131. Bu proje de gerek h\u00fck\u00fcmet gerek yerel y\u00f6netimler taraf\u0131ndan desteklenmelidir.&#8221; diye konu\u015ftu.\u00a0<\/p>\n<p>&#8220;\u0130\u015f arayan de\u011fil, \u0130\u015fveren Gen\u00e7ler Yeti\u015ftirecek &#8221;\u00a0<\/p>\n<p>Rekt\u00f6r Prof. Dr. Ahmet \u00c7amsar\u0131, Mersin Gen\u00e7 Giri\u015fimci Merkezini, \u2018i\u015f arayan de\u011fil, i\u015fveren gen\u00e7ler yeti\u015ftiriyor\u2019 slogan\u0131yla kentin hem istihdam hem de \u00fcretim potansiyelini olduk\u00e7a yukar\u0131lara \u00e7ekecek bir proje olarak tan\u0131mlad\u0131.<br \/>\n\u00c7amsar\u0131, &#8220;Sadece \u00dcniversite \u00f6\u011frencilerine de\u011fil ayn\u0131 zamanda sanayi ve ticari faaliyetlerde bulunan, bulunmak isteyen k\u0131sacas\u0131 fikri olan herkese kap\u0131lar\u0131n\u0131 a\u00e7an bir merkez. Sanayi ve \u00fcretimin bir\u00e7ok alan\u0131nda yenilik\u00e7i, \u00e7a\u011f\u0131n gereksinimine uygun te\u00e7hizatlar ile donat\u0131lm\u0131\u015f bu merkez; yeni fikirlere ve pazarlara zemin haz\u0131rlayacak en \u00f6nemli ar-ge merkezlerinden biri haline gelecektir. Proje fikriniz varsa, kendiniz yeni bir \u015feyler geli\u015ftirmek istiyorsan\u0131z, kendi kendinize \u00e7al\u0131\u015f\u0131p veya destek al\u0131p \u015firket kurmak istiyor ve yenilik\u00e7i bir tak\u0131m \u00fcr\u00fcnler geli\u015ftirmek istiyorsan\u0131z Mersin\u2019deki gen\u00e7 giri\u015fimci merkezi sizlere tam te\u015fekk\u00fcll\u00fc hizmet sunacakt\u0131r. Burada hayata ge\u00e7irilen fikirler toplumsal kalk\u0131nmay\u0131 da do\u011frudan etkileyecektir. \u0130\u015f fikri olan giri\u015fimcilere dan\u0131\u015fmanl\u0131k, mentorl\u00fck deste\u011fi, ofis alanlar\u0131 ile birlikte altyap\u0131 hizmetleri ve toplant\u0131 salonlar\u0131 sa\u011flayacak, onlar\u0131 yat\u0131r\u0131mc\u0131 a\u011flar\u0131 ile bulu\u015fturulup fikirlerini giri\u015fime d\u00f6n\u00fc\u015ft\u00fcrmeleri ve geli\u015ftirmeleri i\u00e7in b\u00fcy\u00fck katk\u0131 sa\u011flayacakt\u0131r.\u201d dedi.\u00a0<\/p>\n<p>&#8220;Bakan\u0131m\u0131z L\u00fctfi Elvan&#8217;n\u0131n Katk\u0131s\u0131 B\u00fcy\u00fck&#8221;\u00a0<\/p>\n<p>Prof. \u00c7amsar\u0131, s\u00f6zlerine s\u00f6zlerine devam ederek; \u201cGen\u00e7 giri\u015fimciler merkezimizde, h\u00e2lihaz\u0131rda akl\u0131nda var olan teknolojik ve do\u011frulanm\u0131\u015f fikrini ya da \u00fcretti\u011fi i\u015f fikrini, laboratuvarlarda \u00fcr\u00fcne d\u00f6n\u00fc\u015ft\u00fcrebilecek, giri\u015fimci olma yolunda ad\u0131mlar\u0131n\u0131 h\u0131zland\u0131rabilecektir. Bu a\u015famada giri\u015fimciler, ihtiya\u00e7lar\u0131 ve i\u015f fikri do\u011frultusunda \u00f6zel tahsis edilen ve yeterli donan\u0131ma sahip uygulama alanlar\u0131nda ticarile\u015ftirmek \u00fczere prototipler \u00fcretebilecek, e\u011fitim ve hizmetlerden \u00fccretsiz olarak faydalanabilecek ve yeni tak\u0131m arkada\u015flar\u0131 bulabileceklerdir\u201d diye konu\u015ftu.<br \/>\nRekt\u00f6r \u00c7amsar\u0131 s\u00f6zlerini bitirirken \u201cAyr\u0131ca bakan\u0131m\u0131z\u0131n \u00f6nc\u00fcl\u00fc\u011f\u00fcnde Ayd\u0131nc\u0131k, Anamur ve \u00e7evre illerdeki Y\u00fcksekokullar\u0131m\u0131z da tadilat ve tamiratlar\u0131n\u0131n yap\u0131lmas\u0131 suretiyle yeni bir \u00e7ehreye kavu\u015fmu\u015ftur. Bu t\u00fcm projelerin yap\u0131m\u0131nda Bakan\u0131m\u0131z, Mersin Milletvekili Say\u0131n L\u00fctfi Elvan&#8217;\u0131n h\u00fck\u00fcmet nezdindeki \u00e7al\u0131\u015fmalar\u0131 ve destekleri g\u00f6z ard\u0131 edilmemelidir. Kendisi bu b\u00fcy\u00fck projenin finansal deste\u011fi i\u00e7in bizzat mesai yapm\u0131\u015f projeye \u00f6denek sa\u011flanmas\u0131 hususunda b\u00fcy\u00fck emekler vermi\u015ftir.\u201d diye konu\u015ftu.\u00a0<\/p>\n","protected":false},"excerpt":{"rendered":"<p>MES\u0130AD Y\u00f6netimi, Mersin \u00dcniversitesi Rekt\u00f6r\u00fc Prof. Ahmet \u00c7amsar\u0131&#8217;y\u0131 ziyaret etti. Nuhun Gemisi Kongre Merkezi&#8217;nin hizmete a\u00e7\u0131laca\u011f\u0131 m\u00fcjdesi verildi. Onkoloji Hastanesi&#8217;nde de son r\u00f6tu\u015flar\u0131n kald\u0131\u011f\u0131n\u0131 belirten \u00c7amsar\u0131, &#8220;Kadrolu eleman alarak istihdam\u0131 &hellip; <a href=\"https:\/\/mersinekonomipolitikagazetesi.com\/?p=5774\" class=\"more-link\">Devam\u0131n\u0131 Oku&#8230;<\/a><\/p>\n","protected":false},"author":1,"featured_media":0,"comment_status":"open","ping_status":"open","sticky":false,"template":"","format":"standard","meta":[],"categories":[],"tags":[],"_links":{"self":[{"href":"https:\/\/mersinekonomipolitikagazetesi.com\/index.php?rest_route=\/wp\/v2\/posts\/5774"}],"collection":[{"href":"https:\/\/mersinekonomipolitikagazetesi.com\/index.php?rest_route=\/wp\/v2\/posts"}],"about":[{"href":"https:\/\/mersinekonomipolitikagazetesi.com\/index.php?rest_route=\/wp\/v2\/types\/post"}],"author":[{"embeddable":true,"href":"https:\/\/mersinekonomipolitikagazetesi.com\/index.php?rest_route=\/wp\/v2\/users\/1"}],"replies":[{"embeddable":true,"href":"https:\/\/mersinekonomipolitikagazetesi.com\/index.php?rest_route=%2Fwp%2Fv2%2Fcomments&post=5774"}],"version-history":[{"count":0,"href":"https:\/\/mersinekonomipolitikagazetesi.com\/index.php?rest_route=\/wp\/v2\/posts\/5774\/revisions"}],"wp:attachment":[{"href":"https:\/\/mersinekonomipolitikagazetesi.com\/index.php?rest_route=%2Fwp%2Fv2%2Fmedia&parent=5774"}],"wp:term":[{"taxonomy":"category","embeddable":true,"href":"https:\/\/mersinekonomipolitikagazetesi.com\/index.php?rest_route=%2Fwp%2Fv2%2Fcategories&post=5774"},{"taxonomy":"post_tag","embeddable":true,"href":"https:\/\/mersinekonomipolitikagazetesi.com\/index.php?rest_route=%2Fwp%2Fv2%2Ftags&post=5774"}],"curies":[{"name":"wp","href":"https:\/\/api.w.org\/{rel}","templated":true}]}}