{"id":5775,"date":"2020-11-04T18:26:13","date_gmt":"2020-11-04T15:26:13","guid":{"rendered":"http:\/\/mersinekonomipolitikagazetesi.com\/?p=5775"},"modified":"2020-11-04T18:26:13","modified_gmt":"2020-11-04T15:26:13","slug":"mersinde-dev-dalgalar-korkuttu-2","status":"publish","type":"post","link":"https:\/\/mersinekonomipolitikagazetesi.com\/?p=5775","title":{"rendered":"Mersin&#8217;de dev dalgalar korkuttu"},"content":{"rendered":"<p>Mersin&#8217;de saatteki h\u0131z\u0131 75 kilometreye ula\u015fan f\u0131rt\u0131na etkili olurken, denizde dev dalgalar olu\u015ftu. Sahilde dalgan\u0131n y\u00fcksekli\u011fi 5-6 metreye ula\u015f\u0131rken, baz\u0131 b\u00f6lgelerde deniz karaya \u00e7\u0131kt\u0131.\u00a0<br \/>\n\u00c7ar\u015famba g\u00fcn\u00fc ak\u015fam \u00fczeri Mersin merkezde ba\u015flayan ya\u011fmurlu hava d\u00fcn sabah saatlerinde yerini f\u0131rt\u0131naya b\u0131rakt\u0131. D\u00fcn sabah denizlerde etkili olan f\u0131rt\u0131na, \u00f6\u011fleden sonra kent merkezinde de etkisini artt\u0131rd\u0131. Karada f\u0131rt\u0131na nedeniyle vatanda\u015flar y\u00fcr\u00fcmekte zorlan\u0131rken, \u00f6zellikle il\u00e7elerde baz\u0131 \u00e7at\u0131lar u\u00e7tu, a\u011fa\u00e7lar yerinden s\u00f6k\u00fcld\u00fc. Denizde ise f\u0131rt\u0131na nedeniyle dev dalgalar olu\u015ftu. \u00d6zellikle kent merkezi Atat\u00fcrk Park\u0131 sahili ile K\u00fclt\u00fcr Park\u0131 sahilinde dalgalar\u0131n boyu 5-6 metreyi buldu. Sahile vuran dalgalar g\u00f6renleri korkuturken, baz\u0131 b\u00f6lgelerde deniz karaya \u00e7\u0131kt\u0131. Ayr\u0131ca sahildeki baz\u0131 a\u011fa\u00e7lar ve kald\u0131r\u0131m ta\u015flar\u0131 da yerinden s\u00f6k\u00fcld\u00fc. Bal\u0131k\u00e7\u0131 bar\u0131na\u011f\u0131nda bulunan teknelerin hi\u00e7biri denize a\u00e7\u0131lamazken, a\u00e7\u0131kta bulunan b\u00fcy\u00fck tekneler de demir att\u0131. Bunun yan\u0131 s\u0131ra denizde bal\u0131k avlanmaya \u00e7al\u0131\u015fan mart\u0131lar\u0131n da u\u00e7makta g\u00fc\u00e7l\u00fck \u00e7ekti\u011fi g\u00f6r\u00fcld\u00fc. Ayr\u0131ca Mersin&#8217;in Silifke, Erdemli il\u00e7elerinde ise f\u0131rt\u0131nan\u0131n yan\u0131 s\u0131ra sa\u011fanak ya\u011fmur etkili oluyor.\u00a0<br \/>\nMeteoroloji Genel M\u00fcd\u00fcrl\u00fc\u011f\u00fc, f\u0131rt\u0131nal\u0131 havan\u0131n gece saatlerine kadar s\u00fcrece\u011fini, vatanda\u015flar\u0131n bu konuda dikkatli ve tedbirli olmalar\u0131n\u0131 istedi.\u00a0<\/p>\n<p>\u00a0Mersin&#8217;de sel gelen derenin seviyesi kritik seviyeye ula\u015ft\u0131\u00a0<\/p>\n<p>Mersin&#8217;in Erdemli il\u00e7esindeki Alata deresindeki sel sular\u0131n\u0131n y\u00fckselmesi dolay\u0131s\u0131yla i\u015f makineleriyle, k\u00f6pr\u00fc ayaklar\u0131na biriken kum ve molozlara m\u00fcdahale edildi.\u00a0<\/p>\n<p>\u0130l\u00e7enin y\u00fcksek kesimlerdeki karlar ya\u011f\u0131\u015f sonras\u0131 eriyip sel suyu olarak olarak Alata Deresine ula\u015ft\u0131. \u0130l\u00e7enin sahil yolunda Alata Deresi \u00fczerinde bulunan \u015eehit Hasan Furkan \u00d6zmen k\u00f6pr\u00fcs\u00fcnde debi ve su seviyesi kritik seviyeye ula\u015ft\u0131. \u00d6\u011fle saatlerinde g\u00fcvenlik gerek\u00e7esiyle k\u00f6pr\u00fc yaya ve ara\u00e7 trafi\u011fine kapat\u0131ld\u0131. Seviye \u00f6\u011fleden sonrada ya\u011f\u0131\u015f\u0131n s\u00fcrmesi dolay\u0131s\u0131yla daha da y\u00fckseldi. Erdemli Belediye Ba\u015fkan\u0131 M\u00fckerrem Tollu, Mersin B\u00fcy\u00fck\u015fehir Belediye Genel Sekreter Yard\u0131mc\u0131s\u0131 Ali Ulusoy ve MESK\u0130 ekipleri k\u00f6pr\u00fc etraf\u0131nda incelemede bulundu. Ard\u0131ndan da i\u015f makineleriyle su alt\u0131nda birikti\u011fi d\u00fc\u015f\u00fcn\u00fclen kumullara m\u00fcdahale edildi.<br \/>\n\u00a0<br \/>\nMersin B\u00fcy\u00fck\u015fehir Belediye Genel Sekreter Yard\u0131mc\u0131s\u0131 Ali Ulusoy burada bir a\u00e7\u0131klama yaparak, &#8220;Yo\u011fun ya\u011f\u0131\u015f nedeniyle deredeki su seviyesi y\u00fckseldi. \u015euanda kritik seviyeye geldi\u011fini s\u00f6yleyebiliriz. Yaylalarda yo\u011fun kar ya\u011f\u0131\u015f\u0131 nedeniyle ya\u011fmurla birlikte derenin su debisi y\u00fckseldi. Mersin B\u00fcy\u00fck\u015fehir Belediyesinin ekipleri, MESK\u0130&#8217;nin ekipleri ve Erdemli belediyesinin ekipleri \u015fuanda alandalar. Burada herhangi bir olumsuzluk ya\u015fanmamas\u0131 i\u00e7in b\u00fct\u00fcn ekipler canla ba\u015fla \u00e7al\u0131\u015f\u0131yorlar. Umuyoruz ki bu tehlikeyi hasars\u0131z atlat\u0131r\u0131z. Ama maalesef \u015fuanda suyun debisi ve seviyesi y\u00fckselmi\u015f durumda&#8221; dedi. \u00a0<\/p>\n","protected":false},"excerpt":{"rendered":"<p>Mersin&#8217;de saatteki h\u0131z\u0131 75 kilometreye ula\u015fan f\u0131rt\u0131na etkili olurken, denizde dev dalgalar olu\u015ftu. Sahilde dalgan\u0131n y\u00fcksekli\u011fi 5-6 metreye ula\u015f\u0131rken, baz\u0131 b\u00f6lgelerde deniz karaya \u00e7\u0131kt\u0131.\u00a0 \u00c7ar\u015famba g\u00fcn\u00fc ak\u015fam \u00fczeri Mersin merkezde &hellip; <a href=\"https:\/\/mersinekonomipolitikagazetesi.com\/?p=5775\" class=\"more-link\">Devam\u0131n\u0131 Oku&#8230;<\/a><\/p>\n","protected":false},"author":1,"featured_media":0,"comment_status":"open","ping_status":"open","sticky":false,"template":"","format":"standard","meta":[],"categories":[],"tags":[],"_links":{"self":[{"href":"https:\/\/mersinekonomipolitikagazetesi.com\/index.php?rest_route=\/wp\/v2\/posts\/5775"}],"collection":[{"href":"https:\/\/mersinekonomipolitikagazetesi.com\/index.php?rest_route=\/wp\/v2\/posts"}],"about":[{"href":"https:\/\/mersinekonomipolitikagazetesi.com\/index.php?rest_route=\/wp\/v2\/types\/post"}],"author":[{"embeddable":true,"href":"https:\/\/mersinekonomipolitikagazetesi.com\/index.php?rest_route=\/wp\/v2\/users\/1"}],"replies":[{"embeddable":true,"href":"https:\/\/mersinekonomipolitikagazetesi.com\/index.php?rest_route=%2Fwp%2Fv2%2Fcomments&post=5775"}],"version-history":[{"count":0,"href":"https:\/\/mersinekonomipolitikagazetesi.com\/index.php?rest_route=\/wp\/v2\/posts\/5775\/revisions"}],"wp:attachment":[{"href":"https:\/\/mersinekonomipolitikagazetesi.com\/index.php?rest_route=%2Fwp%2Fv2%2Fmedia&parent=5775"}],"wp:term":[{"taxonomy":"category","embeddable":true,"href":"https:\/\/mersinekonomipolitikagazetesi.com\/index.php?rest_route=%2Fwp%2Fv2%2Fcategories&post=5775"},{"taxonomy":"post_tag","embeddable":true,"href":"https:\/\/mersinekonomipolitikagazetesi.com\/index.php?rest_route=%2Fwp%2Fv2%2Ftags&post=5775"}],"curies":[{"name":"wp","href":"https:\/\/api.w.org\/{rel}","templated":true}]}}