{"id":5776,"date":"2020-11-04T18:26:13","date_gmt":"2020-11-04T15:26:13","guid":{"rendered":"http:\/\/mersinekonomipolitikagazetesi.com\/?p=5776"},"modified":"2020-11-04T18:26:13","modified_gmt":"2020-11-04T15:26:13","slug":"basarir-ihalenin-ertelenmesinin-gerekceleri-nelerdir","status":"publish","type":"post","link":"https:\/\/mersinekonomipolitikagazetesi.com\/?p=5776","title":{"rendered":"BA\u015eARIR: \u201c\u0130HALEN\u0130N  ERTELENMES\u0130N\u0130N  GEREK\u00c7ELER\u0130 NELERD\u0130R?\u201d"},"content":{"rendered":"<p>\u00c7ukurova Havaalan\u0131 tesislerinin yap\u0131m\u0131, i\u00e7 ve d\u0131\u015f hatlar terminali ile m\u00fctemmimlerinin i\u015fletilmesi ve devri i\u00e7in yap\u0131lmas\u0131 planlanan ihale 16 Mart&#8217;a ertelendi. CHP Mersin Milletvekili Ali Mahir Ba\u015far\u0131r, se\u00e7im yat\u0131r\u0131m\u0131 haline getirilen \u00c7ukurova Havaliman\u0131 ihalesinin ertelenmesi ile ilgili yaz\u0131l\u0131 soru \u00f6nergesi verdi.<br \/>\n\u00a0\u00a0<br \/>\nTemeli 2013 y\u0131l\u0131nda d\u00f6nemin Ekonomi Bakan\u0131 Zafer \u00c7a\u011flayan, Ula\u015ft\u0131rma Bakan\u0131 Binali Y\u0131ld\u0131r\u0131m ve K\u00fclt\u00fcr ve Turizm Bakan\u0131 \u00d6mer \u00c7elik taraf\u0131ndan at\u0131lan fakat ge\u00e7en s\u00fcre zarf\u0131nda tamamlanmas\u0131 ertelenen in\u015fa \u00e7al\u0131\u015fmas\u0131 yine ihalenin ertelenmesiyle ask\u0131ya al\u0131nd\u0131. AK Parti Mersin Milletvekili L\u00fctfi Elvan\u2019\u0131n yapt\u0131\u011f\u0131 a\u00e7\u0131klamada \u00c7ukurova B\u00f6lgesel Havaliman\u0131 i\u00e7in 4 \u015eubat\u2019ta i\u015fletme ve \u00fcst yap\u0131 i\u00e7in ihaleye \u00e7\u0131kaca\u011f\u0131 belirtilmesine ra\u011fmen Resmi gazetede yer alan d\u00fczenlemeye g\u00f6re teklif verme s\u00fcresi 16 Mart tarihine ertelendi.<br \/>\n\u00a0<br \/>\nBa\u015far\u0131r TBMM\u2019ye soru \u00f6nergesi verdi;<br \/>\nCHP Mersin Milletvekili Ali Mahir Ba\u015far\u0131r ise \u00c7ukurova Havaalan\u0131\u2019n\u0131n s\u00fcrekli de\u011fi\u015fen ihale s\u00fcreciyle ilgili T\u00fcrkiye B\u00fcy\u00fck Millet Meclisi\u2019ne (TBMM) yaz\u0131l\u0131 \u00f6nerge vererek konunun detaylar\u0131n\u0131n a\u00e7\u0131klanmas\u0131 gerekti\u011fini vurgulad\u0131.<br \/>\n\u0130hale s\u00fcrecinin kamuoyuyla payla\u015f\u0131lmas\u0131 gerekti\u011fini vurgulayan Ba\u015far\u0131r, \u201c4 \u015eubat 2020 tarihli Resmi Gazete\u2019de Devlet Hava Meydanlar\u0131 \u0130\u015fletmesi Genel M\u00fcd\u00fcrl\u00fc\u011f\u00fc taraf\u0131ndan verilen \u2018S\u00fcre Uzat\u0131m\u0131\u2019 ba\u015fl\u0131kl\u0131 ilanda; \u201804.02.2020 tarihinde saat 09.30\u2019da sona erece\u011fi bildirilen \u00c7ukurova Havaliman\u0131 \u00dcstyap\u0131 Tesislerinin Yap-\u0130\u015flet-Devret Modeli \u00c7er\u00e7evesinde Yapt\u0131r\u0131lmas\u0131, \u0130\u00e7 ve D\u0131\u015f Hatlar Terminali ile M\u00fctemmimlerinin \u0130\u015fletilmesi ve Devrine ili\u015fkin teklif alma tarihi 16.03.2020 g\u00fcn\u00fc saat 09.30\u2019a ertelenmi\u015ftir. \u0130hale, ayn\u0131 g\u00fcn saat 10.00\u2019da ihale ilan\u0131nda belirtilen yerde yap\u0131lacakt\u0131r\u2019 ifadeleri yer almaktad\u0131r.<br \/>\n1. \u00a0 \u00a0 S\u00f6z konusu ihalenin 16 Mart 2020 tarihine ertelenmesinin gerek\u00e7eleri nelerdir?<br \/>\n2. \u00a0 \u00a0 \u0130halenin yap\u0131lmas\u0131n\u0131n planland\u0131\u011f\u0131 4 \u015eubat 2020 tarihine kadar hangi firmalar ihale kat\u0131l\u0131m\u0131 i\u00e7in ba\u015fvuruda bulunmu\u015ftur?<br \/>\n3. \u00a0 \u00a0 \u0130halenin 16 Mart 2020 tarihine kadar ertelenmesi i\u00e7in taraf\u0131n\u0131za bildirilmi\u015f yaz\u0131l\u0131 ya da s\u00f6zl\u00fc bir uyar\u0131 var m\u0131d\u0131r? Varsa bu uyar\u0131 kim ya da kimlerden gelmi\u015ftir?\u201d diyerek Ula\u015ft\u0131rma ve Altyap\u0131 Bakan\u0131 Mehmet Cahit Turhan taraf\u0131ndan yan\u0131tlanmas\u0131n\u0131 istedi.<\/p>\n<p>\u0130hale 16 Mart tarihinde yap\u0131lacak<\/p>\n<p>Devlet Hava Meydanlar\u0131 \u0130\u015fletmesi (DHM\u0130) Genel M\u00fcd\u00fcrl\u00fc\u011f\u00fc\u2019n\u00fcn Resmi Gazete\u2019de yay\u0131mlanan ilan\u0131na g\u00f6re, s\u00f6z konusu ihaleye teklifler 16 Mart saat 09.30\u2019a kadar yap\u0131labilecek ve ihale ayn\u0131 g\u00fcn saat 10.00\u2019da d\u00fczenlenecek.\u00a0<br \/>\n\u00a0<\/p>\n","protected":false},"excerpt":{"rendered":"<p>\u00c7ukurova Havaalan\u0131 tesislerinin yap\u0131m\u0131, i\u00e7 ve d\u0131\u015f hatlar terminali ile m\u00fctemmimlerinin i\u015fletilmesi ve devri i\u00e7in yap\u0131lmas\u0131 planlanan ihale 16 Mart&#8217;a ertelendi. CHP Mersin Milletvekili Ali Mahir Ba\u015far\u0131r, se\u00e7im yat\u0131r\u0131m\u0131 haline &hellip; <a href=\"https:\/\/mersinekonomipolitikagazetesi.com\/?p=5776\" class=\"more-link\">Devam\u0131n\u0131 Oku&#8230;<\/a><\/p>\n","protected":false},"author":1,"featured_media":0,"comment_status":"open","ping_status":"open","sticky":false,"template":"","format":"standard","meta":[],"categories":[],"tags":[],"_links":{"self":[{"href":"https:\/\/mersinekonomipolitikagazetesi.com\/index.php?rest_route=\/wp\/v2\/posts\/5776"}],"collection":[{"href":"https:\/\/mersinekonomipolitikagazetesi.com\/index.php?rest_route=\/wp\/v2\/posts"}],"about":[{"href":"https:\/\/mersinekonomipolitikagazetesi.com\/index.php?rest_route=\/wp\/v2\/types\/post"}],"author":[{"embeddable":true,"href":"https:\/\/mersinekonomipolitikagazetesi.com\/index.php?rest_route=\/wp\/v2\/users\/1"}],"replies":[{"embeddable":true,"href":"https:\/\/mersinekonomipolitikagazetesi.com\/index.php?rest_route=%2Fwp%2Fv2%2Fcomments&post=5776"}],"version-history":[{"count":0,"href":"https:\/\/mersinekonomipolitikagazetesi.com\/index.php?rest_route=\/wp\/v2\/posts\/5776\/revisions"}],"wp:attachment":[{"href":"https:\/\/mersinekonomipolitikagazetesi.com\/index.php?rest_route=%2Fwp%2Fv2%2Fmedia&parent=5776"}],"wp:term":[{"taxonomy":"category","embeddable":true,"href":"https:\/\/mersinekonomipolitikagazetesi.com\/index.php?rest_route=%2Fwp%2Fv2%2Fcategories&post=5776"},{"taxonomy":"post_tag","embeddable":true,"href":"https:\/\/mersinekonomipolitikagazetesi.com\/index.php?rest_route=%2Fwp%2Fv2%2Ftags&post=5776"}],"curies":[{"name":"wp","href":"https:\/\/api.w.org\/{rel}","templated":true}]}}