{"id":5777,"date":"2020-11-04T18:26:13","date_gmt":"2020-11-04T15:26:13","guid":{"rendered":"http:\/\/mersinekonomipolitikagazetesi.com\/?p=5777"},"modified":"2020-11-04T18:26:13","modified_gmt":"2020-11-04T15:26:13","slug":"8-subatta-alanlardayiz","status":"publish","type":"post","link":"https:\/\/mersinekonomipolitikagazetesi.com\/?p=5777","title":{"rendered":"8 \u015eUBAT\u2019TA  ALANLARDAYIZ..!"},"content":{"rendered":"<p>Sa\u011fl\u0131k \u00e7al\u0131\u015fanlar\u0131na y\u00f6nelik \u015fiddetin artmas\u0131ndan dolay\u0131 \u00a0Mersin Aile Hekimleri Derne\u011fi ve Y\u00f6netim Kurulu Ba\u015fkan\u0131 Uzm. Dr. \u00c7a\u011flar \u00d6zen yaz\u0131l\u0131 bas\u0131n a\u00e7\u0131klamas\u0131 yapt\u0131. \u00d6zen, \u201cSa\u011fl\u0131kta \u015eiddete Hay\u0131r\u2019 demek ve daha iyi bir Aile Hekimli\u011fi i\u00e7in 8 \u015eubat\u2019ta Ankara\u2019da alanlarday\u0131z!\u201d dedi.<\/p>\n<p>Mersin\u2019de ve T\u00fcrkiye genelinde sa\u011fl\u0131k \u00e7al\u0131\u015fanlar\u0131na y\u00f6nelik s\u00f6zl\u00fc ve fiziki \u015fiddetin artmas\u0131ndan dolay\u0131 Mersin Aile Hekimleri Derne\u011fi ve Y\u00f6netim Kurulu Ba\u015fkan\u0131 Uzm. Dr. \u00c7a\u011flar \u00d6zen yapt\u0131\u011f\u0131 bas\u0131n a\u00e7\u0131klamas\u0131 yapt\u0131.<br \/>\nDr. \u00d6zen, \u201cSon y\u0131llarda sa\u011fl\u0131k \u00e7al\u0131\u015fanlar\u0131na y\u00f6nelik \u015fiddet olaylar\u0131n\u0131n giderek artmas\u0131 ve art\u0131k tahamm\u00fcl edilemez noktaya gelmesi, ayr\u0131ca giderek artan hak kay\u0131plar\u0131 ve noktaya gelmesi, ayr\u0131ca giderek artan hak kay\u0131plar\u0131 ve angaryalar nedeniyle mesle\u011fimizi gerekti\u011fi gibi yapamaz olduk. Sa\u011fl\u0131k \u00e7al\u0131\u015fanlar\u0131na y\u00f6nelik kabul edilemez \u015fiddet olaylar\u0131n\u0131 i\u015fleyenlere kar\u015f\u0131 verilen cezalar\u0131n cayd\u0131r\u0131c\u0131 olmamas\u0131 bu t\u00fcr olaylar\u0131n giderek artmas\u0131na ve \u00f6l\u00fcmc\u00fcl olmas\u0131na yol a\u00e7maktad\u0131r\u201d diye konu\u015ftu.<\/p>\n<p>\u201cSabr\u0131m\u0131z t\u00fckenmi\u015ftir\u201d<\/p>\n<p>\u015eiddet olaylar\u0131n\u0131n sa\u011fl\u0131k \u00e7al\u0131\u015fanlar\u0131n\u0131 sevdiklerinden koparmakta oldu\u011funu ve vurgulayan ve can g\u00fcvenliklerinin olmad\u0131\u011f\u0131na dikkat \u00e7eken Dr. \u00c7a\u011flar \u00d6zen, \u201cSabr\u0131m\u0131z t\u00fckenmi\u015ftir. Bizler birinci basamakta sa\u011fl\u0131\u011f\u0131n en \u00f6nemli noktas\u0131nda \u00e7al\u0131\u015fmaktay\u0131z. En \u00f6nemli g\u00f6revimiz koruyucu hekimlik yani hastal\u0131klar\u0131 \u00f6nlemektir. Hal b\u00f6yle iken sa\u011fl\u0131k hizmet alan\u0131nda ya\u015fanan her bo\u015flu\u011fun biz aile hekimleri \u00fczerinden doldurulmaya \u00e7al\u0131\u015f\u0131lmas\u0131 kolay ula\u015f\u0131labilen hedef haline getirmektedir.\u201d dedi.<\/p>\n<p>\u201c\u0130lgin\u00e7 sa\u011fl\u0131k raporlar\u0131 icat edilmekte\u201d<\/p>\n<p>Son 10 y\u0131ld\u0131r neredeyse ya\u015fam\u0131n her alan\u0131nda gerekli gereksiz ilgin\u00e7 sa\u011fl\u0131k raporlar\u0131 icat edilmekte oldu\u011funu s\u00f6yleyen \u00d6zen, \u201cAile Sa\u011fl\u0131\u011f\u0131 Merkezlerinin donan\u0131m\u0131na bak\u0131lmaks\u0131z\u0131n bu raporlar\u0131 aile hekimleri taraf\u0131ndan verilmesinin istenmektedir. \u0130ste\u011fi an\u0131nda kar\u015f\u0131lanmayan hastalar\u0131n tepkilerini en kolay ula\u015fmas\u0131ndan \u00f6t\u00fcr\u00fc \u00a0bizlere y\u00f6nlendiriliyor. Bu dayat\u0131lan angaryalar, sonucunda u\u011frad\u0131\u011f\u0131m\u0131z \u015fiddet ve son 9 y\u0131ld\u0131r artan hak kay\u0131plar\u0131n\u0131n art\u0131k dayan\u0131lmaz bir noktaya gelmi\u015ftir.\u201d diyerek tepkisini dile getirdi.<\/p>\n<p>\u201cMesle\u011fimizi can korkusu olmadan yapmak i\u00e7in alanlarday\u0131z\u201d<\/p>\n<p>\u0130stekleri duyulana ve kar\u015f\u0131lanana kadar her f\u0131rsatta isteklerini hayk\u0131racaklar\u0131n\u0131 belirten \u00d6zen, \u201cben Sa\u011fl\u0131k \u00e7al\u0131\u015fanlar\u0131na y\u00f6nelik \u015fiddete hay\u0131r demek onurlu mesle\u011fimizi gerekti\u011fi \u015fekilde can korkusu olmadan yapmak, hak kay\u0131plar\u0131m\u0131z\u0131 geri almak i\u00e7in, yok edilen sayg\u0131nl\u0131\u011f\u0131m\u0131z\u0131 geri kazanmak i\u00e7in biz Mersin Aile Hekimleri 8 \u015eubat\u2019ta Ankara\u2019da d\u00fczenlenecek olan mitingde alanlarda olaca\u011f\u0131z.\u201d \u015feklinde belirtti.<\/p>\n","protected":false},"excerpt":{"rendered":"<p>Sa\u011fl\u0131k \u00e7al\u0131\u015fanlar\u0131na y\u00f6nelik \u015fiddetin artmas\u0131ndan dolay\u0131 \u00a0Mersin Aile Hekimleri Derne\u011fi ve Y\u00f6netim Kurulu Ba\u015fkan\u0131 Uzm. Dr. \u00c7a\u011flar \u00d6zen yaz\u0131l\u0131 bas\u0131n a\u00e7\u0131klamas\u0131 yapt\u0131. \u00d6zen, \u201cSa\u011fl\u0131kta \u015eiddete Hay\u0131r\u2019 demek ve daha iyi &hellip; <a href=\"https:\/\/mersinekonomipolitikagazetesi.com\/?p=5777\" class=\"more-link\">Devam\u0131n\u0131 Oku&#8230;<\/a><\/p>\n","protected":false},"author":1,"featured_media":0,"comment_status":"open","ping_status":"open","sticky":false,"template":"","format":"standard","meta":[],"categories":[],"tags":[],"_links":{"self":[{"href":"https:\/\/mersinekonomipolitikagazetesi.com\/index.php?rest_route=\/wp\/v2\/posts\/5777"}],"collection":[{"href":"https:\/\/mersinekonomipolitikagazetesi.com\/index.php?rest_route=\/wp\/v2\/posts"}],"about":[{"href":"https:\/\/mersinekonomipolitikagazetesi.com\/index.php?rest_route=\/wp\/v2\/types\/post"}],"author":[{"embeddable":true,"href":"https:\/\/mersinekonomipolitikagazetesi.com\/index.php?rest_route=\/wp\/v2\/users\/1"}],"replies":[{"embeddable":true,"href":"https:\/\/mersinekonomipolitikagazetesi.com\/index.php?rest_route=%2Fwp%2Fv2%2Fcomments&post=5777"}],"version-history":[{"count":0,"href":"https:\/\/mersinekonomipolitikagazetesi.com\/index.php?rest_route=\/wp\/v2\/posts\/5777\/revisions"}],"wp:attachment":[{"href":"https:\/\/mersinekonomipolitikagazetesi.com\/index.php?rest_route=%2Fwp%2Fv2%2Fmedia&parent=5777"}],"wp:term":[{"taxonomy":"category","embeddable":true,"href":"https:\/\/mersinekonomipolitikagazetesi.com\/index.php?rest_route=%2Fwp%2Fv2%2Fcategories&post=5777"},{"taxonomy":"post_tag","embeddable":true,"href":"https:\/\/mersinekonomipolitikagazetesi.com\/index.php?rest_route=%2Fwp%2Fv2%2Ftags&post=5777"}],"curies":[{"name":"wp","href":"https:\/\/api.w.org\/{rel}","templated":true}]}}