{"id":5778,"date":"2020-11-04T18:26:13","date_gmt":"2020-11-04T15:26:13","guid":{"rendered":"http:\/\/mersinekonomipolitikagazetesi.com\/?p=5778"},"modified":"2020-11-04T18:26:13","modified_gmt":"2020-11-04T15:26:13","slug":"sele-cozum-uretilemiyor","status":"publish","type":"post","link":"https:\/\/mersinekonomipolitikagazetesi.com\/?p=5778","title":{"rendered":"SELE \u00c7\u00d6Z\u00dcM \u00dcRET\u0130LEM\u0130YOR"},"content":{"rendered":"<p>Mersin\u2019de etkili olan \u015fiddetli ya\u011f\u0131\u015f ve f\u0131rt\u0131na, baz\u0131 il\u00e7elerde su ta\u015fk\u0131nlar\u0131na ve derelerin ta\u015fmas\u0131na neden oldu. Mersin B\u00fcy\u00fck\u015fehir Belediyesi, olu\u015fturdu\u011fu kriz masas\u0131 ile t\u00fcm ekiplerini teyakkuza ge\u00e7irerek, meydana gelen olumsuzluklara an\u0131nda m\u00fcdahale ediyor.\u00a0<br \/>\nMersin\u2019de \u00c7ar\u015famba g\u00fcn\u00fc ba\u015flayan \u015fiddetli ya\u011f\u0131\u015f ve f\u0131rt\u0131na hayat\u0131 olumsuz etkiledi. \u00d6zellikle Silifke, Erdemli ve Tarsus il\u00e7elerinde etkili olan \u015fiddetli ya\u011f\u0131\u015f nedeniyle dereler ta\u015ft\u0131, su ta\u015fk\u0131nlar\u0131 meydana geldi. F\u0131rt\u0131nada ise baz\u0131 a\u011fa\u00e7lar k\u0131r\u0131ld\u0131.\u00a0<br \/>\nMersin B\u00fcy\u00fck\u015fehir Belediyesi, ya\u015fanan olumsuzluklara kar\u015f\u0131 kriz masas\u0131 olu\u015fturdu. Kriz Masas\u0131 koordinesinde Silifke, Erdemli ve Tarsus il\u00e7elerinde yo\u011fun olarak ya\u015fanan su ta\u015fk\u0131nlar\u0131n\u0131 \u00f6nlemek amac\u0131yla seferber olan ekipler, f\u0131rt\u0131na dolay\u0131s\u0131yla olu\u015fan durumlar\u0131n da \u00f6n\u00fcne ge\u00e7mek i\u00e7in haz\u0131r bekliyor.\u00a0<br \/>\nDere ta\u015fk\u0131n\u0131, su bask\u0131n\u0131, a\u011fa\u00e7 devrilmesi gibi ya\u011f\u0131\u015f ve f\u0131rt\u0131na nedeniyle meydana gelen olumsuzluklar konusunda t\u00fcm ekip ve ekipmanlar\u0131yla teyakkuzda olan \u0130tfaiye, Fen \u0130\u015fleri, Yol Yap\u0131m Bak\u0131m ve Onar\u0131m, Park ve Bah\u00e7eler ile Muhtarl\u0131k \u0130\u015fleri Dairesi Ba\u015fkanl\u0131klar\u0131na ba\u011fl\u0131 ekipler, ya\u011f\u0131\u015f ve f\u0131rt\u0131na etkisini kaybedene kadar \u00e7al\u0131\u015fmalar\u0131n\u0131 s\u00fcrd\u00fcrecek.\u00a0<br \/>\nErdemli ve Silifke il\u00e7elerinde, yo\u011fun ya\u011f\u0131\u015f\u0131n ba\u015flamas\u0131yla birlikte yaylalardaki kar sular\u0131 eridi ve derelerin ta\u015fmas\u0131na neden oldu. B\u00fcy\u00fck\u015fehir ekipleri, i\u015f makineleriyle ta\u015fk\u0131nlar\u0131 \u00f6nlemek i\u00e7in \u00e7al\u0131\u015fmalar\u0131n\u0131 s\u00fcrd\u00fcr\u00fcyor.\u00a0<\/p>\n<p>Selde mahsur kalan \u00f6\u011frenciler kurtar\u0131ld\u0131<br \/>\n\u00a0<br \/>\nSilifke il\u00e7esi Ke\u015flit\u00fcrkmenli Mahallesi Delikkaya mevkinde ya\u015fanan \u015fiddetli ya\u011fmurda olu\u015fan su ta\u015fk\u0131n\u0131nda mahsur kalan okul servisi i\u00e7erisindeki 5 \u00f6\u011frenci ve bir \u015fof\u00f6r, Silifke \u0130tfaiye Grup Amirli\u011fi ekiplerinin m\u00fcdahalesiyle kurtar\u0131ld\u0131.\u00a0<br \/>\n\u00d6te yandan, Silifke B\u00fckde\u011firmeni, Seyranl\u0131k ve Ovac\u0131k Mahallelerinde yo\u011fun olarak olu\u015fan su ta\u015fk\u0131nlar\u0131na m\u00fcdahale eden B\u00fcy\u00fck\u015fehir ekipleri, \u00c7alt\u0131bozk\u0131r ve Ke\u015flit\u00fcrkmenli Mahallerinde de vatanda\u015flar\u0131n selden ma\u011fdur olmamal\u0131 i\u00e7in t\u00fcm tedbirleri al\u0131yor.\u00a0<br \/>\nErdemli il\u00e7esi G\u00fcc\u00fc\u015f Mahallesi yolu Alata deresinde kritik seviyeye ula\u015fan su ta\u015fk\u0131n\u0131na da m\u00fcdahale eden ekipler, Erdemli\u2019de yo\u011fun ya\u011f\u0131\u015f nedeni ile doluluk oran\u0131 artan derelerde olas\u0131 ta\u015fk\u0131nlar\u0131 \u00f6nlemek amac\u0131yla gerekli \u00f6nlemleri alarak, teyakkuzda bekliyor.\u00a0<\/p>\n<p>Tarsus da a\u015f\u0131r\u0131 ya\u011f\u0131\u015flardan etkilendi<br \/>\n\u00a0<br \/>\n\u015eiddetli ya\u011f\u0131\u015f Tarsus\u2019u da etkiledi. Tarsus il\u00e7esi Pir\u00f6merli, Boztepe ve B\u00f6\u011fr\u00fce\u011fri grup yolunda a\u015f\u0131r\u0131 ya\u011f\u0131\u015flar nedeniyle kapanan b\u00f6lgelere m\u00fcdahale eden ekipler, g\u00fcvenli\u011fi sa\u011flayarak yolu ara\u00e7 trafi\u011fine a\u00e7t\u0131. \u00c7iftlik Mahallesinde a\u015f\u0131r\u0131 ya\u011f\u0131\u015f nedeniyle meydana gelen heyelan sonucunda kapanan yol da trafi\u011fe a\u00e7\u0131ld\u0131. Tarsus\u2019ta etkisini g\u00f6steren ya\u011f\u0131\u015flarda zarar g\u00f6ren yol ve kald\u0131r\u0131mlar, ekipler taraf\u0131ndan onar\u0131l\u0131yor.\u00a0<br \/>\n\u00d6te yandan, Mersin merkez Karaduvar sahili Kazanl\u0131 Deli\u00e7ay Ge\u00e7i\u015fi, ta\u015fk\u0131n nedeniyle trafi\u011fe kapat\u0131ld\u0131.\u00a0<\/p>\n<p>F\u0131rt\u0131nadan a\u011fa\u00e7lar devrildi<br \/>\n\u00a0<br \/>\nMerkezde etkisini g\u00f6steren f\u0131rt\u0131na nedeniyle Yeni\u015fehir il\u00e7esi Bat\u0131kent Mahallesindeki bir sitenin i\u00e7erisinde bulunan ara\u00e7lar\u0131n \u00fczerine devrilen a\u011fa\u00e7, ekipler taraf\u0131ndan kald\u0131r\u0131ld\u0131. Ekipler, k\u0131sa s\u00fcrede kent genelinde devrilen a\u011fa\u00e7larla ilgili gerekli \u00f6nlemleri ald\u0131.\u00a0<br \/>\n\u00c7aml\u0131yayla Devlet Hastanesinde meydana gelen su bask\u0131n\u0131 da B\u00fcy\u00fck\u015fehir ekipleri taraf\u0131ndan giderildi. \u00a0<\/p>\n","protected":false},"excerpt":{"rendered":"<p>Mersin\u2019de etkili olan \u015fiddetli ya\u011f\u0131\u015f ve f\u0131rt\u0131na, baz\u0131 il\u00e7elerde su ta\u015fk\u0131nlar\u0131na ve derelerin ta\u015fmas\u0131na neden oldu. Mersin B\u00fcy\u00fck\u015fehir Belediyesi, olu\u015fturdu\u011fu kriz masas\u0131 ile t\u00fcm ekiplerini teyakkuza ge\u00e7irerek, meydana gelen olumsuzluklara &hellip; <a href=\"https:\/\/mersinekonomipolitikagazetesi.com\/?p=5778\" class=\"more-link\">Devam\u0131n\u0131 Oku&#8230;<\/a><\/p>\n","protected":false},"author":1,"featured_media":0,"comment_status":"open","ping_status":"open","sticky":false,"template":"","format":"standard","meta":[],"categories":[],"tags":[],"_links":{"self":[{"href":"https:\/\/mersinekonomipolitikagazetesi.com\/index.php?rest_route=\/wp\/v2\/posts\/5778"}],"collection":[{"href":"https:\/\/mersinekonomipolitikagazetesi.com\/index.php?rest_route=\/wp\/v2\/posts"}],"about":[{"href":"https:\/\/mersinekonomipolitikagazetesi.com\/index.php?rest_route=\/wp\/v2\/types\/post"}],"author":[{"embeddable":true,"href":"https:\/\/mersinekonomipolitikagazetesi.com\/index.php?rest_route=\/wp\/v2\/users\/1"}],"replies":[{"embeddable":true,"href":"https:\/\/mersinekonomipolitikagazetesi.com\/index.php?rest_route=%2Fwp%2Fv2%2Fcomments&post=5778"}],"version-history":[{"count":0,"href":"https:\/\/mersinekonomipolitikagazetesi.com\/index.php?rest_route=\/wp\/v2\/posts\/5778\/revisions"}],"wp:attachment":[{"href":"https:\/\/mersinekonomipolitikagazetesi.com\/index.php?rest_route=%2Fwp%2Fv2%2Fmedia&parent=5778"}],"wp:term":[{"taxonomy":"category","embeddable":true,"href":"https:\/\/mersinekonomipolitikagazetesi.com\/index.php?rest_route=%2Fwp%2Fv2%2Fcategories&post=5778"},{"taxonomy":"post_tag","embeddable":true,"href":"https:\/\/mersinekonomipolitikagazetesi.com\/index.php?rest_route=%2Fwp%2Fv2%2Ftags&post=5778"}],"curies":[{"name":"wp","href":"https:\/\/api.w.org\/{rel}","templated":true}]}}