{"id":5780,"date":"2020-11-04T18:26:13","date_gmt":"2020-11-04T15:26:13","guid":{"rendered":"http:\/\/mersinekonomipolitikagazetesi.com\/?p=5780"},"modified":"2020-11-04T18:26:13","modified_gmt":"2020-11-04T15:26:13","slug":"sel-sularinda-mahsur-kalan-14-kisi-kurtarildi","status":"publish","type":"post","link":"https:\/\/mersinekonomipolitikagazetesi.com\/?p=5780","title":{"rendered":"Sel sular\u0131nda mahsur kalan 14 ki\u015fi kurtar\u0131ld\u0131"},"content":{"rendered":"<p>Mersin&#8217;in Tarsus il\u00e7esinde \u015fiddetli ya\u011f\u0131\u015flar\u0131n neden oldu\u011fu selde mahsur kalan 14 ki\u015fi kurtar\u0131ld\u0131.\u00a0<br \/>\n\u00a0 Sa\u011fanak ya\u011f\u0131\u015f Tarsus\u2019a ba\u011fl\u0131 G\u00fclek Mahallesi, merkez \u00c7elikli b\u00f6lgesi ve \u00e7evresinde hayat\u0131 olumsuz y\u00f6nde etkiledi.\u00a0<br \/>\n\u00a0 G\u00fclek Mahallesi s\u0131n\u0131rlar\u0131 i\u00e7erisinde yer alan Karbo\u011faz\u0131 mevkisi yolunda sel sular\u0131n\u0131n y\u00fckselmesi neticesinde bir minib\u00fcs ve bir otomobilde mahsur kalan 14 ki\u015fi i\u00e7in kurtarma \u00e7al\u0131\u015fmas\u0131 ger\u00e7ekle\u015ftirildi. \u00d6nce orman i\u00e7inden 10 kilometre yol a\u00e7\u0131l\u0131p, ard\u0131ndan Mersin B\u00fcy\u00fck\u015fehir Belediyesi Tarsus Grup Amirli\u011fi ekiplerinin \u00e7al\u0131\u015fmas\u0131 sonucu mahsur kalan vatanda\u015flar kurtar\u0131ld\u0131.\u00a0<br \/>\n\u00a0 \u0130\u015f makineleri ve onlarca personelle y\u00fcr\u00fct\u00fclen \u00e7al\u0131\u015fmalarda \u00c7aml\u0131yayla il\u00e7esinin Bel\u00e7\u0131nar, Pir \u00d6merli, \u00c7iftlik, B\u00f6\u011fr\u00fce\u011fri, Sebil, Boztepe, Fak\u0131lar, Ke\u015fb\u00fck\u00fc, Olukkoya\u011f\u0131 ve daha bir\u00e7ok mahallede heyelan ve sel sular\u0131n\u0131n ta\u015f\u0131d\u0131\u011f\u0131 topraklardan dolay\u0131 zarar g\u00f6ren noktalara m\u00fcdahale edildi.\u00a0<\/p>\n","protected":false},"excerpt":{"rendered":"<p>Mersin&#8217;in Tarsus il\u00e7esinde \u015fiddetli ya\u011f\u0131\u015flar\u0131n neden oldu\u011fu selde mahsur kalan 14 ki\u015fi kurtar\u0131ld\u0131.\u00a0 \u00a0 Sa\u011fanak ya\u011f\u0131\u015f Tarsus\u2019a ba\u011fl\u0131 G\u00fclek Mahallesi, merkez \u00c7elikli b\u00f6lgesi ve \u00e7evresinde hayat\u0131 olumsuz y\u00f6nde etkiledi.\u00a0 \u00a0 &hellip; <a href=\"https:\/\/mersinekonomipolitikagazetesi.com\/?p=5780\" class=\"more-link\">Devam\u0131n\u0131 Oku&#8230;<\/a><\/p>\n","protected":false},"author":1,"featured_media":0,"comment_status":"open","ping_status":"open","sticky":false,"template":"","format":"standard","meta":[],"categories":[],"tags":[],"_links":{"self":[{"href":"https:\/\/mersinekonomipolitikagazetesi.com\/index.php?rest_route=\/wp\/v2\/posts\/5780"}],"collection":[{"href":"https:\/\/mersinekonomipolitikagazetesi.com\/index.php?rest_route=\/wp\/v2\/posts"}],"about":[{"href":"https:\/\/mersinekonomipolitikagazetesi.com\/index.php?rest_route=\/wp\/v2\/types\/post"}],"author":[{"embeddable":true,"href":"https:\/\/mersinekonomipolitikagazetesi.com\/index.php?rest_route=\/wp\/v2\/users\/1"}],"replies":[{"embeddable":true,"href":"https:\/\/mersinekonomipolitikagazetesi.com\/index.php?rest_route=%2Fwp%2Fv2%2Fcomments&post=5780"}],"version-history":[{"count":0,"href":"https:\/\/mersinekonomipolitikagazetesi.com\/index.php?rest_route=\/wp\/v2\/posts\/5780\/revisions"}],"wp:attachment":[{"href":"https:\/\/mersinekonomipolitikagazetesi.com\/index.php?rest_route=%2Fwp%2Fv2%2Fmedia&parent=5780"}],"wp:term":[{"taxonomy":"category","embeddable":true,"href":"https:\/\/mersinekonomipolitikagazetesi.com\/index.php?rest_route=%2Fwp%2Fv2%2Fcategories&post=5780"},{"taxonomy":"post_tag","embeddable":true,"href":"https:\/\/mersinekonomipolitikagazetesi.com\/index.php?rest_route=%2Fwp%2Fv2%2Ftags&post=5780"}],"curies":[{"name":"wp","href":"https:\/\/api.w.org\/{rel}","templated":true}]}}