{"id":5782,"date":"2020-11-04T18:26:13","date_gmt":"2020-11-04T15:26:13","guid":{"rendered":"http:\/\/mersinekonomipolitikagazetesi.com\/?p=5782"},"modified":"2020-11-04T18:26:13","modified_gmt":"2020-11-04T15:26:13","slug":"mersinin-yuksek-kesimleri-sele-teslim-oldu","status":"publish","type":"post","link":"https:\/\/mersinekonomipolitikagazetesi.com\/?p=5782","title":{"rendered":"Mersin\u2019in y\u00fcksek kesimleri sele teslim oldu"},"content":{"rendered":"<p><span style=\"font-family: sans-serif; font-size: 14px; text-align: justify; background-color: rgb(242, 244, 245);\">\u00a0Mersin&#8217;in Silifke il\u00e7esine ba\u011fl\u0131 K\u0131robas\u0131, Kavak ve Sarayd\u0131n mahallelerinde etkili olan ya\u011fmur, kar\u0131n da erimesiyle sele neden oldu.<\/span><br style=\"box-sizing: border-box; font-family: sans-serif; font-size: 14px; text-align: justify; background-color: rgb(242, 244, 245);\" \/><br \/>\n<span style=\"font-family: sans-serif; font-size: 14px; text-align: justify; background-color: rgb(242, 244, 245);\">Uzun s\u00fcredir kar alt\u0131nda olan K\u0131robas\u0131 Mahallesi&#8217;nde a\u015f\u0131r\u0131 ya\u011fan ya\u011fmurla birlikte karlar eridi ve sele neden oldu. Sel sular\u0131 k\u00f6y meydan\u0131na akarken, bir\u00e7ok d\u00fckkan da sular alt\u0131nda kald\u0131. F\u0131r\u0131n i\u015fletmecili\u011fi yapan Mehmet G\u00fcrsoy, sel sular\u0131ndan dolay\u0131 b\u00fcy\u00fck zarar\u0131 oldu\u011funu ifade etti. G\u00fcrsoy, \u201cA\u015f\u0131r\u0131 ya\u011fan ya\u011fmur ve kar\u0131n da erimesiyle birlikte gece 3\u2019ten bu zamana kadar sele maruz kald\u0131k. F\u0131r\u0131n\u0131m\u0131n i\u00e7inde bulunan unlar ve mayalar tamamen zarar g\u00f6rd\u00fc. F\u0131r\u0131n\u0131n i\u00e7ine giren yakla\u015f\u0131k yar\u0131m metre sel suyu nedeniyle unlar\u0131n tamam\u0131 eridi ve zarar g\u00f6rd\u00fc. Yetkililerimizden destek bekliyoruz\u201d dedi.<\/span><br style=\"box-sizing: border-box; font-family: sans-serif; font-size: 14px; text-align: justify; background-color: rgb(242, 244, 245);\" \/><br \/>\n<span style=\"font-family: sans-serif; font-size: 14px; text-align: justify; background-color: rgb(242, 244, 245);\">Silifke\u2019nin en y\u00fcksek mahallelerinden olan Sarayd\u0131n\u2019da Halil \u00c7ekme\u2019ye ait \u00e7atma tabir edilen bir ev ve 200 k\u00fc\u00e7\u00fckba\u015f ke\u00e7isinin a\u011f\u0131l\u0131 tamamen sular alt\u0131nda kal\u0131rken, a\u011f\u0131lda bulunan 3 ke\u00e7isi sel sular\u0131 nedeniyle telef oldu. A\u011f\u0131llar su alt\u0131nda kald\u0131 i\u00e7in hayvanlar\u0131n\u0131 a\u00e7\u0131kta bekletti\u011fini ifade eden \u00c7ekme, \u201cSelden bizler de b\u00fcy\u00fck zarar g\u00f6rd\u00fck. 3 hayvan\u0131m telef oldu. \u015eu anda da ba\u015f\u0131m\u0131z\u0131 sokabilece\u011fimiz bir yerimiz yok. Her \u015fey suyun i\u00e7inde\u201d dedi.<\/span><br style=\"box-sizing: border-box; font-family: sans-serif; font-size: 14px; text-align: justify; background-color: rgb(242, 244, 245);\" \/><br \/>\n<span style=\"font-family: sans-serif; font-size: 14px; text-align: justify; background-color: rgb(242, 244, 245);\">Sel sular\u0131 nedeniyle de dereler \u00fczerindeki bir\u00e7ok k\u00f6pr\u00fc y\u0131k\u0131ld\u0131. K\u00f6pr\u00fcler y\u0131k\u0131ld\u0131\u011f\u0131 i\u00e7in de baz\u0131 evlere ula\u015f\u0131m sa\u011flanam\u0131yor. K\u00f6pr\u00fcleri y\u0131k\u0131lan vatanda\u015flar Silifke ve Mersin B\u00fcy\u00fck\u015fehir Belediyelerinden yard\u0131m istediler.<\/span><br style=\"box-sizing: border-box; font-family: sans-serif; font-size: 14px; text-align: justify; background-color: rgb(242, 244, 245);\" \/><br \/>\n<span style=\"font-family: sans-serif; font-size: 14px; text-align: justify; background-color: rgb(242, 244, 245);\">Karayollar\u0131 ekipleri, Silifke Belediyesi ve Mersin B\u00fcy\u00fck\u015fehir Belediyesine ait ekipler selin meydana geldi\u011fi mahallelerde \u00e7al\u0131\u015fmalar ba\u015flatt\u0131.<\/span><\/p>\n","protected":false},"excerpt":{"rendered":"<p>\u00a0Mersin&#8217;in Silifke il\u00e7esine ba\u011fl\u0131 K\u0131robas\u0131, Kavak ve Sarayd\u0131n mahallelerinde etkili olan ya\u011fmur, kar\u0131n da erimesiyle sele neden oldu. Uzun s\u00fcredir kar alt\u0131nda olan K\u0131robas\u0131 Mahallesi&#8217;nde a\u015f\u0131r\u0131 ya\u011fan ya\u011fmurla birlikte karlar &hellip; <a href=\"https:\/\/mersinekonomipolitikagazetesi.com\/?p=5782\" class=\"more-link\">Devam\u0131n\u0131 Oku&#8230;<\/a><\/p>\n","protected":false},"author":1,"featured_media":0,"comment_status":"open","ping_status":"open","sticky":false,"template":"","format":"standard","meta":[],"categories":[],"tags":[],"_links":{"self":[{"href":"https:\/\/mersinekonomipolitikagazetesi.com\/index.php?rest_route=\/wp\/v2\/posts\/5782"}],"collection":[{"href":"https:\/\/mersinekonomipolitikagazetesi.com\/index.php?rest_route=\/wp\/v2\/posts"}],"about":[{"href":"https:\/\/mersinekonomipolitikagazetesi.com\/index.php?rest_route=\/wp\/v2\/types\/post"}],"author":[{"embeddable":true,"href":"https:\/\/mersinekonomipolitikagazetesi.com\/index.php?rest_route=\/wp\/v2\/users\/1"}],"replies":[{"embeddable":true,"href":"https:\/\/mersinekonomipolitikagazetesi.com\/index.php?rest_route=%2Fwp%2Fv2%2Fcomments&post=5782"}],"version-history":[{"count":0,"href":"https:\/\/mersinekonomipolitikagazetesi.com\/index.php?rest_route=\/wp\/v2\/posts\/5782\/revisions"}],"wp:attachment":[{"href":"https:\/\/mersinekonomipolitikagazetesi.com\/index.php?rest_route=%2Fwp%2Fv2%2Fmedia&parent=5782"}],"wp:term":[{"taxonomy":"category","embeddable":true,"href":"https:\/\/mersinekonomipolitikagazetesi.com\/index.php?rest_route=%2Fwp%2Fv2%2Fcategories&post=5782"},{"taxonomy":"post_tag","embeddable":true,"href":"https:\/\/mersinekonomipolitikagazetesi.com\/index.php?rest_route=%2Fwp%2Fv2%2Ftags&post=5782"}],"curies":[{"name":"wp","href":"https:\/\/api.w.org\/{rel}","templated":true}]}}