{"id":5794,"date":"2020-11-04T18:26:14","date_gmt":"2020-11-04T15:26:14","guid":{"rendered":"http:\/\/mersinekonomipolitikagazetesi.com\/?p=5794"},"modified":"2020-11-04T18:26:14","modified_gmt":"2020-11-04T15:26:14","slug":"baskan-gultak","status":"publish","type":"post","link":"https:\/\/mersinekonomipolitikagazetesi.com\/?p=5794","title":{"rendered":"Ba\u015fkan G\u00fcltak:"},"content":{"rendered":"<p><span style=\"font-family: sans-serif; font-size: 14px; text-align: justify; background-color: rgb(242, 244, 245);\">Mersin&#8217;in merkez il\u00e7e Akdeniz Belediye Ba\u015fkan\u0131 Mustafa G\u00fcltak, ge\u00e7mi\u015fte yap\u0131lan hatalar nedeniyle Akdeniz&#8217;de ya\u015fayan vatanda\u015flar\u0131n hizmetlerden mahrum kald\u0131\u011f\u0131n\u0131 belirterek, &#8220;Biz, y\u0131llard\u0131r yanl\u0131\u015f giden bu sisteme \u2018dur\u2019 diyoruz. Akdeniz\u2019i birlikte d\u00f6n\u00fc\u015ft\u00fcr\u00fcp g\u00fczelle\u015ftirece\u011fiz, hak etti\u011fi hizmet, proje ve yat\u0131r\u0131mlarla kalk\u0131nd\u0131raca\u011f\u0131z&#8221; dedi.<\/span><br style=\"box-sizing: border-box; font-family: sans-serif; font-size: 14px; text-align: justify; background-color: rgb(242, 244, 245);\" \/><br \/>\n<span style=\"font-family: sans-serif; font-size: 14px; text-align: justify; background-color: rgb(242, 244, 245);\">Akdeniz Belediyesi \u015eubat ay\u0131 Meclisi Toplant\u0131s\u0131, ikinci birle\u015fim, birinci oturumu Ba\u015fkan G\u00fcltak ba\u015fkanl\u0131\u011f\u0131nda ger\u00e7ekle\u015ftirdi. Yoklama ve bir \u00f6nceki birle\u015fim tutanaklar\u0131n\u0131n kabul\u00fcnden sonra g\u00fcndem maddelerine ge\u00e7ilen Meclis\u2019te, \u00f6nceki toplant\u0131da komisyonlara havale edilen g\u00fcndem maddeleriyle ilgili komisyonlardan oy birli\u011fiyle ge\u00e7en raporlar, Meclis \u00fcyelerinin de oy birli\u011fiyle kabul edildi. S\u00f6z alan meclis \u00fcyeleri, Van\u2019\u0131n Bah\u00e7esaray il\u00e7esinde ya\u015fanan \u00e7\u0131\u011f felaketi ile Sabiha G\u00f6k\u00e7en Havaalan\u0131\u2019nda ya\u015fanan u\u00e7ak kazas\u0131nda ya\u015fam\u0131n\u0131 yitirenlere rahmet, ailelerine sab\u0131r ve ba\u015fsa\u011fl\u0131\u011f\u0131 diledi.<\/span><br style=\"box-sizing: border-box; font-family: sans-serif; font-size: 14px; text-align: justify; background-color: rgb(242, 244, 245);\" \/><br \/>\n<br style=\"box-sizing: border-box; font-family: sans-serif; font-size: 14px; text-align: justify; background-color: rgb(242, 244, 245);\" \/><br \/>\n<span style=\"font-family: sans-serif; font-size: 14px; text-align: justify; background-color: rgb(242, 244, 245);\">&#8220;Akdeniz ve Mezitli&#8217;de dere \u0131slahlar\u0131 yap\u0131lmad\u0131\u011f\u0131 s\u00fcrece biz ahlar\u0131, vahlar\u0131 daima i\u015fitece\u011fiz&#8221;<\/span><\/p>\n<p><br style=\"box-sizing: border-box; font-family: sans-serif; font-size: 14px; text-align: justify; background-color: rgb(242, 244, 245);\" \/><br \/>\n<span style=\"font-family: sans-serif; font-size: 14px; text-align: justify; background-color: rgb(242, 244, 245);\">Meclis \u00fcyelerinin, \u00e7e\u015fitli konulardaki fikir ve ele\u015ftirilerini y\u00f6neltmesinin ard\u0131ndan s\u00f6z alan Ba\u015fkan G\u00fcltak, Mersin\u2019de son g\u00fcnlerde etkili olan ve yer yer sel ve su bask\u0131nlar\u0131na yol a\u00e7an ya\u011f\u0131\u015flara dikkat \u00e7ekerek, konuyu B\u00fcy\u00fck\u015fehir Belediyesi Meclisi&#8217;nde yeniden g\u00fcndeme getireceklerini s\u00f6yledi. Akdeniz ve Toroslar&#8217;\u0131n kurtulmas\u0131n\u0131n MESK\u0130&#8217;nin yapaca\u011f\u0131 yat\u0131r\u0131mlarla m\u00fcmk\u00fcn olaca\u011f\u0131n\u0131 savunan G\u00fcltak, &#8220;\u00c7avu\u015flu Deresi\u2019nin bir bu\u00e7uk kilometrelik kapal\u0131 kalan b\u00f6l\u00fcm\u00fc \u00fczerindeki yap\u0131lar acilen kamula\u015ft\u0131r\u0131lmal\u0131. Bu alan kamula\u015ft\u0131r\u0131lmad\u0131\u011f\u0131 s\u00fcrece Akdeniz ve Toroslar\u2019\u0131n bir k\u0131sm\u0131 daima diken \u00fcst\u00fcnde olaca\u011f\u0131z. DS\u0130\u2019den s\u00f6z ald\u0131m, kamula\u015ft\u0131r\u0131lmas\u0131 halinde gerekeni yapacaklar. Akl\u0131n yolu bir. Bu konuda art\u0131k fiiliyata ge\u00e7memiz gerek. \u00d6zellikle b\u00fct\u00e7e konusunda gereken deste\u011fi de sunaca\u011f\u0131m. Akdeniz ve Mezitli\u2019de, dere \u0131slahlar\u0131 ve belli kamula\u015ft\u0131rmalar yap\u0131lmad\u0131\u011f\u0131 s\u00fcrece, biz bu ahlar\u0131, vahlar\u0131 daima i\u015fitece\u011fiz. \u0130nsanlar\u0131m\u0131z\u0131n ya\u015fad\u0131\u011f\u0131 travmalar\u0131, maddi kay\u0131plar\u0131n\u0131 art\u0131k \u00f6nlememiz gerekiyor&#8221; dedi.<\/span><br style=\"box-sizing: border-box; font-family: sans-serif; font-size: 14px; text-align: justify; background-color: rgb(242, 244, 245);\" \/><br \/>\n<span style=\"font-family: sans-serif; font-size: 14px; text-align: justify; background-color: rgb(242, 244, 245);\">Akdeniz\u2019de bir\u00e7ok mahallenin altyap\u0131s\u0131n\u0131n halen olmad\u0131\u011f\u0131n\u0131, olanlar\u0131n da yetmedi\u011fini veya zaman i\u00e7inde zarar g\u00f6rd\u00fc\u011f\u00fcn\u00fc kaydeden G\u00fcltak, MESK\u0130 ve B\u00fcy\u00fck\u015fehir\u2019in bu konuda acil planlama yapmas\u0131 gerekti\u011fini vurgulad\u0131. Sorunu s\u00fcrekli g\u00fcndeme getirece\u011finin alt\u0131n\u0131 \u00e7izen G\u00fcltak, \u201cFakat Akdeniz il\u00e7esinin altyap\u0131 hizmetleri i\u00e7in B\u00fcy\u00fck\u015fehir Belediye b\u00fct\u00e7esinden MESK\u0130\u2019ye y\u0131ll\u0131k 1 milyon lira ay\u0131rarak bu i\u015fler \u00e7\u00f6z\u00fclmez. A\u00e7\u0131k\u00e7as\u0131 bu b\u00fct\u00e7e ile hi\u00e7bir \u015feyi \u00e7\u00f6zemeyiz&#8221; \u015feklinde konu\u015ftu.<\/span><br style=\"box-sizing: border-box; font-family: sans-serif; font-size: 14px; text-align: justify; background-color: rgb(242, 244, 245);\" \/><br \/>\n<br style=\"box-sizing: border-box; font-family: sans-serif; font-size: 14px; text-align: justify; background-color: rgb(242, 244, 245);\" \/><br \/>\n<span style=\"font-family: sans-serif; font-size: 14px; text-align: justify; background-color: rgb(242, 244, 245);\">\u201cT\u00fcrkiye\u2019nin \u00f6zledi\u011fi tabloyu ortaya koyuyoruz\u201d<\/span><\/p>\n<p><br style=\"box-sizing: border-box; font-family: sans-serif; font-size: 14px; text-align: justify; background-color: rgb(242, 244, 245);\" \/><br \/>\n<span style=\"font-family: sans-serif; font-size: 14px; text-align: justify; background-color: rgb(242, 244, 245);\">Akdeniz Meclisi\u2019nin uyumlu \u00e7al\u0131\u015fmas\u0131 nedeniyle Meclis \u00fcyelerine te\u015fekk\u00fcr eden G\u00fcltak, \u201c\u0130yi bir sinerji yakalad\u0131k. Bundan herkes, hepimiz karl\u0131 \u00e7\u0131kar. En \u00e7ok karl\u0131 \u00e7\u0131kacak olanlar da Akdeniz\u2019de oturan insanlar\u0131m\u0131z. Mersin\u2019de ve T\u00fcrkiye\u2019de herkesin \u00f6zledi\u011fi tablo budur. Siz de\u011ferli Meclis \u00fcyelerimiz sayesinde biz bu ortam\u0131 yakalad\u0131k. Bizim, t\u00fcm T\u00fcrkiye\u2019nin buna ihtiyac\u0131 var. Hep beraber hareket ediyoruz. Bundan da Akdeniz halk\u0131 kazan\u00e7l\u0131 \u00e7\u0131kacak. T\u00fcm siyasi partilerimize, s\u00f6zc\u00fclerimize ve \u00fcyelerimize tek tek te\u015fekk\u00fcr ediyorum&#8221; ifadelerini kulland\u0131.<\/span><br style=\"box-sizing: border-box; font-family: sans-serif; font-size: 14px; text-align: justify; background-color: rgb(242, 244, 245);\" \/><br \/>\n<br style=\"box-sizing: border-box; font-family: sans-serif; font-size: 14px; text-align: justify; background-color: rgb(242, 244, 245);\" \/><br \/>\n<span style=\"font-family: sans-serif; font-size: 14px; text-align: justify; background-color: rgb(242, 244, 245);\">\u201cY\u0131llar boyunca yanl\u0131\u015f giden sisteme \u2018dur\u2019 diyoruz\u201d<\/span><\/p>\n<p><br style=\"box-sizing: border-box; font-family: sans-serif; font-size: 14px; text-align: justify; background-color: rgb(242, 244, 245);\" \/><br \/>\n<span style=\"font-family: sans-serif; font-size: 14px; text-align: justify; background-color: rgb(242, 244, 245);\">Y\u0131llarca hizmet g\u00f6rmeyen insanlara, hak ettikleri hizmetin en iyisini, en g\u00fczelini g\u00f6t\u00fcrmek istediklerini vurgulayan G\u00fcltak, &#8220;Ge\u00e7mi\u015fte bir\u00e7ok yanl\u0131\u015f yap\u0131lm\u0131\u015f. Ama biz, y\u0131llard\u0131r yanl\u0131\u015f giden bu sisteme \u2018dur\u2019 diyoruz. G\u00f6reve geldi\u011fimde, Akdeniz\u2019de ya\u015fanan insanl\u0131k dram\u0131n\u0131 \u00e7\u00f6zece\u011fim, hi\u00e7 kimseyi asla ayr\u0131\u015ft\u0131rmayaca\u011f\u0131m, \u00f6telemeyece\u011fim diye s\u00f6z verdim. Bu s\u00f6z\u00fcm\u00fc de tutuyorum. Akdeniz il\u00e7emizi hep birlikte kalk\u0131nd\u0131r\u0131p g\u00fczelle\u015ftirece\u011fiz, hak etti\u011fi hizmet, proje ve yat\u0131r\u0131mlarla d\u00f6n\u00fc\u015ft\u00fcrece\u011fiz. Bu can bu bedende durdu\u011fu s\u00fcrece, kimse Akdeniz\u2019de dininden, dilinden, mezhebinden, inanc\u0131ndan dolay\u0131 asla ayr\u0131mc\u0131l\u0131\u011fa u\u011frayamaz&#8221; diye konu\u015ftu.<\/span><br style=\"box-sizing: border-box; font-family: sans-serif; font-size: 14px; text-align: justify; background-color: rgb(242, 244, 245);\" \/><br \/>\n<span style=\"font-family: sans-serif; font-size: 14px; text-align: justify; background-color: rgb(242, 244, 245);\">Her \u015feyin yol, asfalt veya kald\u0131r\u0131m yapmak olmad\u0131\u011f\u0131na dikkat \u00e7eken G\u00fcltak, &#8220;Biz karde\u015fiz, biz beraberiz, vatanda\u015flar\u0131m\u0131z aras\u0131nda ayr\u0131mc\u0131l\u0131k veya b\u00f6l\u00fcc\u00fcl\u00fck yap\u0131lmas\u0131na izin vermem. Bence bunun en g\u00fczel \u00f6rneklerinden birisi de k\u0131z\u0131m\u0131n d\u00fc\u011f\u00fcn\u00fcyd\u00fc. Nitekim d\u00fc\u011f\u00fcne hepiniz geldiniz, gelemeyenler ise mazeret bildirdi. Herkes oradayd\u0131. Tek eksi\u011fim, Hristiyan vatanda\u015flar\u0131m\u0131z\u0131 davet etmeyi unutmak oldu. Bu anlamda da \u00f6z\u00fcr diliyorum. Ben daima yap\u0131c\u0131 bir insan\u0131m. Tek amac\u0131m\u0131z Akdeniz ve Mersin\u2019e hizmet etmek, t\u00fcm insanlar\u0131m\u0131z\u0131 kazanmakt\u0131r&#8221; dedi.<\/span><br style=\"box-sizing: border-box; font-family: sans-serif; font-size: 14px; text-align: justify; background-color: rgb(242, 244, 245);\" \/><br \/>\n<span style=\"font-family: sans-serif; font-size: 14px; text-align: justify; background-color: rgb(242, 244, 245);\">Bir sonraki Akdeniz Belediye Meclis toplant\u0131s\u0131, 3 Mart 2020 Sal\u0131 g\u00fcn\u00fc saat 10.00\u2019da, belediye konferans salonunda yap\u0131lacak.<\/span><\/p>\n","protected":false},"excerpt":{"rendered":"<p>Mersin&#8217;in merkez il\u00e7e Akdeniz Belediye Ba\u015fkan\u0131 Mustafa G\u00fcltak, ge\u00e7mi\u015fte yap\u0131lan hatalar nedeniyle Akdeniz&#8217;de ya\u015fayan vatanda\u015flar\u0131n hizmetlerden mahrum kald\u0131\u011f\u0131n\u0131 belirterek, &#8220;Biz, y\u0131llard\u0131r yanl\u0131\u015f giden bu sisteme \u2018dur\u2019 diyoruz. Akdeniz\u2019i birlikte d\u00f6n\u00fc\u015ft\u00fcr\u00fcp &hellip; <a href=\"https:\/\/mersinekonomipolitikagazetesi.com\/?p=5794\" class=\"more-link\">Devam\u0131n\u0131 Oku&#8230;<\/a><\/p>\n","protected":false},"author":1,"featured_media":0,"comment_status":"open","ping_status":"open","sticky":false,"template":"","format":"standard","meta":[],"categories":[],"tags":[],"_links":{"self":[{"href":"https:\/\/mersinekonomipolitikagazetesi.com\/index.php?rest_route=\/wp\/v2\/posts\/5794"}],"collection":[{"href":"https:\/\/mersinekonomipolitikagazetesi.com\/index.php?rest_route=\/wp\/v2\/posts"}],"about":[{"href":"https:\/\/mersinekonomipolitikagazetesi.com\/index.php?rest_route=\/wp\/v2\/types\/post"}],"author":[{"embeddable":true,"href":"https:\/\/mersinekonomipolitikagazetesi.com\/index.php?rest_route=\/wp\/v2\/users\/1"}],"replies":[{"embeddable":true,"href":"https:\/\/mersinekonomipolitikagazetesi.com\/index.php?rest_route=%2Fwp%2Fv2%2Fcomments&post=5794"}],"version-history":[{"count":0,"href":"https:\/\/mersinekonomipolitikagazetesi.com\/index.php?rest_route=\/wp\/v2\/posts\/5794\/revisions"}],"wp:attachment":[{"href":"https:\/\/mersinekonomipolitikagazetesi.com\/index.php?rest_route=%2Fwp%2Fv2%2Fmedia&parent=5794"}],"wp:term":[{"taxonomy":"category","embeddable":true,"href":"https:\/\/mersinekonomipolitikagazetesi.com\/index.php?rest_route=%2Fwp%2Fv2%2Fcategories&post=5794"},{"taxonomy":"post_tag","embeddable":true,"href":"https:\/\/mersinekonomipolitikagazetesi.com\/index.php?rest_route=%2Fwp%2Fv2%2Ftags&post=5794"}],"curies":[{"name":"wp","href":"https:\/\/api.w.org\/{rel}","templated":true}]}}