{"id":5795,"date":"2020-11-04T18:26:14","date_gmt":"2020-11-04T15:26:14","guid":{"rendered":"http:\/\/mersinekonomipolitikagazetesi.com\/?p=5795"},"modified":"2020-11-04T18:26:14","modified_gmt":"2020-11-04T15:26:14","slug":"yenisehir-yuruyus-yolu-arac-galerisi","status":"publish","type":"post","link":"https:\/\/mersinekonomipolitikagazetesi.com\/?p=5795","title":{"rendered":"YEN\u0130\u015eEH\u0130R Y\u00dcR\u00dcY\u00dc\u015e YOLU  ARA\u00c7 GALER\u0130S\u0130"},"content":{"rendered":"<p>Yeni\u015fehir y\u00fcr\u00fcy\u00fc\u015f yolu giri\u015finde g\u00fcnlerdir park halinde b\u0131rak\u0131lan ara\u00e7 dikkat \u00e7ekti. Vatanda\u015flar, \u201cY\u00fcr\u00fcy\u00fc\u015f yolunu oto galerisi olarak kullan\u0131yorlar\u201d dedi.<\/p>\n<p>\u00a0<\/p>\n<p>\u00a0<\/p>\n<p>\nM\u00fcft\u00fc k\u00f6pr\u00fcs\u00fc yan\u0131 Yeni\u015fehir y\u00fcr\u00fcy\u00fc\u015f yolu giri\u015finde g\u00fcnlerdir park halinde b\u0131rak\u0131lan ara\u00e7, vatanda\u015flar taraf\u0131ndan tepki g\u00f6rd\u00fc. Ara\u00e7 trafi\u011finin etkilendi\u011fi ve \u00e7irkin g\u00f6r\u00fcnt\u00fcye neden olacak durumda b\u0131rak\u0131lan ara\u00e7 sat\u0131lmas\u0131 i\u00e7in konumland\u0131r\u0131ld\u0131\u011f\u0131 a\u00e7\u0131kland\u0131.<\/p>\n<p>\u00a0<\/p>\n<p>\u201cSat\u0131l\u0131k ara\u00e7lar\u0131n yeri buras\u0131 m\u0131?\u201d<\/p>\n<p>\u00a0<\/p>\n<p>Sat\u0131l\u0131k arac\u0131n y\u00fcr\u00fcy\u00fc\u015f yolu giri\u015fine b\u0131rak\u0131lmas\u0131na ise vatanda\u015flar, \u201cG\u00fcnlerdir park halinde b\u0131rak\u0131lan ara\u00e7 i\u00e7in kimse sahip \u00e7\u0131kmad\u0131. Sat\u0131l\u0131k ara\u00e7lar\u0131n yeri buras\u0131 m\u0131? Kaza durumunda can kayb\u0131 da olabilir\u201d diyerek tepki g\u00f6sterdiler.<\/p>\n<p>\n\u201cZab\u0131talar neden g\u00f6rm\u00fcyor?\u201d<\/p>\n<p>\u00a0<\/p>\n<p>Ara\u00e7 sahibinin uyar\u0131ld\u0131\u011f\u0131 halde ayn\u0131 yere park etti\u011fini belirten Mersinliler, \u201cOto galeri olarak buray\u0131 kullan\u0131yorlar. Yeni\u015fehir Zab\u0131ta M\u00fcd\u00fcrl\u00fc\u011f\u00fc neden g\u00f6rm\u00fcyor bu durumu. Vatanda\u015f olarak \u015fikayet\u00e7iyiz.\u201d dedi.<\/p>\n","protected":false},"excerpt":{"rendered":"<p>Yeni\u015fehir y\u00fcr\u00fcy\u00fc\u015f yolu giri\u015finde g\u00fcnlerdir park halinde b\u0131rak\u0131lan ara\u00e7 dikkat \u00e7ekti. Vatanda\u015flar, \u201cY\u00fcr\u00fcy\u00fc\u015f yolunu oto galerisi olarak kullan\u0131yorlar\u201d dedi. \u00a0 \u00a0 M\u00fcft\u00fc k\u00f6pr\u00fcs\u00fc yan\u0131 Yeni\u015fehir y\u00fcr\u00fcy\u00fc\u015f yolu giri\u015finde g\u00fcnlerdir park &hellip; <a href=\"https:\/\/mersinekonomipolitikagazetesi.com\/?p=5795\" class=\"more-link\">Devam\u0131n\u0131 Oku&#8230;<\/a><\/p>\n","protected":false},"author":1,"featured_media":0,"comment_status":"open","ping_status":"open","sticky":false,"template":"","format":"standard","meta":[],"categories":[],"tags":[],"_links":{"self":[{"href":"https:\/\/mersinekonomipolitikagazetesi.com\/index.php?rest_route=\/wp\/v2\/posts\/5795"}],"collection":[{"href":"https:\/\/mersinekonomipolitikagazetesi.com\/index.php?rest_route=\/wp\/v2\/posts"}],"about":[{"href":"https:\/\/mersinekonomipolitikagazetesi.com\/index.php?rest_route=\/wp\/v2\/types\/post"}],"author":[{"embeddable":true,"href":"https:\/\/mersinekonomipolitikagazetesi.com\/index.php?rest_route=\/wp\/v2\/users\/1"}],"replies":[{"embeddable":true,"href":"https:\/\/mersinekonomipolitikagazetesi.com\/index.php?rest_route=%2Fwp%2Fv2%2Fcomments&post=5795"}],"version-history":[{"count":0,"href":"https:\/\/mersinekonomipolitikagazetesi.com\/index.php?rest_route=\/wp\/v2\/posts\/5795\/revisions"}],"wp:attachment":[{"href":"https:\/\/mersinekonomipolitikagazetesi.com\/index.php?rest_route=%2Fwp%2Fv2%2Fmedia&parent=5795"}],"wp:term":[{"taxonomy":"category","embeddable":true,"href":"https:\/\/mersinekonomipolitikagazetesi.com\/index.php?rest_route=%2Fwp%2Fv2%2Fcategories&post=5795"},{"taxonomy":"post_tag","embeddable":true,"href":"https:\/\/mersinekonomipolitikagazetesi.com\/index.php?rest_route=%2Fwp%2Fv2%2Ftags&post=5795"}],"curies":[{"name":"wp","href":"https:\/\/api.w.org\/{rel}","templated":true}]}}