{"id":5796,"date":"2020-11-04T18:26:14","date_gmt":"2020-11-04T15:26:14","guid":{"rendered":"http:\/\/mersinekonomipolitikagazetesi.com\/?p=5796"},"modified":"2020-11-04T18:26:14","modified_gmt":"2020-11-04T15:26:14","slug":"vatandas-cop-kovasi-istiyor","status":"publish","type":"post","link":"https:\/\/mersinekonomipolitikagazetesi.com\/?p=5796","title":{"rendered":"Vatanda\u015f \u00c7\u00f6p Kovas\u0131 \u0130stiyor"},"content":{"rendered":"<p>Mersin Mondros K\u00f6pr\u00fcs\u00fc \u00fczerinde mart\u0131lara yem atan vatanda\u015flar tepkili. Hayvanseverler, \u201cMart\u0131lar a\u00e7 kalmas\u0131n diye \u00e7al\u0131\u015f\u0131yoruz fakat k\u00f6pr\u00fc \u00fczerinde torbay\u0131 ataca\u011f\u0131m\u0131z k\u00fc\u00e7\u00fck \u00e7\u00f6p kovas\u0131 yok.\u201d diye konu\u015ftu.<\/p>\n<p>Mart\u0131lar\u0131n a\u00e7 kalmamas\u0131 i\u00e7in u\u011fra\u015fan vatanda\u015flar Mondros K\u00f6pr\u00fcs\u00fc \u00fczerinde eksikli\u011fin oldu\u011funa dikkat \u00e7ekti. Vatanda\u015f ekmek ve yem kutular\u0131n\u0131n at\u0131labilece\u011fi bir kova istedi.<\/p>\n<p>\u201cMart\u0131lar a\u00e7 kalm\u0131yor ve israf\u0131 \u00f6nl\u00fcyoruz.\u201d<\/p>\n<p>K\u0131\u015f ay\u0131n\u0131n zor hava \u015fartlar\u0131ndan kaynaklanan s\u0131k\u0131nt\u0131lar\u0131n sadece insanlar \u00fczerinde etkisinin olmad\u0131\u011f\u0131n\u0131 belirten hayvan severler, \u201cMart\u0131lar k\u0131\u015f ay\u0131 boyunca a\u00e7 kalabiliyorlar. Bizler de destek olabilmek i\u00e7in onlara biriktirdi\u011fimiz ekmekleri veriyoruz. \u00c7\u00f6p kovas\u0131na at\u0131lacak ekmekler burada de\u011ferlendirilebiliyor. Mart\u0131lar a\u00e7 kalm\u0131yor ve israf\u0131 \u00f6nl\u00fcyoruz.\u201d dedi.<\/p>\n<p>\u201cK\u00fc\u00e7\u00fck \u015f\u0131k \u00e7\u00f6p kovalar\u0131 istiyoruz\u201d<\/p>\n<p>K\u00f6pr\u00fc \u00fczerinden at\u0131lan ekmeklerin po\u015fet ve ya ka\u011f\u0131tlar\u0131n\u0131n etrafa at\u0131lmamas\u0131 i\u00e7in ise vatanda\u015flar, \u201cS\u00fcrekli olarak buray\u0131 kullan\u0131yoruz. Fakat etrafta torba, kutu, \u00e7\u00f6p atabilece\u011fimiz kutular yok. Bu eksikli\u011fin k\u00fc\u00e7\u00fck \u015f\u0131k \u00e7\u00f6p kovalar\u0131yla tamamlanmas\u0131 gerekiyor\u201d diye konu\u015ftu.<\/p>\n","protected":false},"excerpt":{"rendered":"<p>Mersin Mondros K\u00f6pr\u00fcs\u00fc \u00fczerinde mart\u0131lara yem atan vatanda\u015flar tepkili. Hayvanseverler, \u201cMart\u0131lar a\u00e7 kalmas\u0131n diye \u00e7al\u0131\u015f\u0131yoruz fakat k\u00f6pr\u00fc \u00fczerinde torbay\u0131 ataca\u011f\u0131m\u0131z k\u00fc\u00e7\u00fck \u00e7\u00f6p kovas\u0131 yok.\u201d diye konu\u015ftu. Mart\u0131lar\u0131n a\u00e7 kalmamas\u0131 i\u00e7in &hellip; <a href=\"https:\/\/mersinekonomipolitikagazetesi.com\/?p=5796\" class=\"more-link\">Devam\u0131n\u0131 Oku&#8230;<\/a><\/p>\n","protected":false},"author":1,"featured_media":0,"comment_status":"open","ping_status":"open","sticky":false,"template":"","format":"standard","meta":[],"categories":[],"tags":[],"_links":{"self":[{"href":"https:\/\/mersinekonomipolitikagazetesi.com\/index.php?rest_route=\/wp\/v2\/posts\/5796"}],"collection":[{"href":"https:\/\/mersinekonomipolitikagazetesi.com\/index.php?rest_route=\/wp\/v2\/posts"}],"about":[{"href":"https:\/\/mersinekonomipolitikagazetesi.com\/index.php?rest_route=\/wp\/v2\/types\/post"}],"author":[{"embeddable":true,"href":"https:\/\/mersinekonomipolitikagazetesi.com\/index.php?rest_route=\/wp\/v2\/users\/1"}],"replies":[{"embeddable":true,"href":"https:\/\/mersinekonomipolitikagazetesi.com\/index.php?rest_route=%2Fwp%2Fv2%2Fcomments&post=5796"}],"version-history":[{"count":0,"href":"https:\/\/mersinekonomipolitikagazetesi.com\/index.php?rest_route=\/wp\/v2\/posts\/5796\/revisions"}],"wp:attachment":[{"href":"https:\/\/mersinekonomipolitikagazetesi.com\/index.php?rest_route=%2Fwp%2Fv2%2Fmedia&parent=5796"}],"wp:term":[{"taxonomy":"category","embeddable":true,"href":"https:\/\/mersinekonomipolitikagazetesi.com\/index.php?rest_route=%2Fwp%2Fv2%2Fcategories&post=5796"},{"taxonomy":"post_tag","embeddable":true,"href":"https:\/\/mersinekonomipolitikagazetesi.com\/index.php?rest_route=%2Fwp%2Fv2%2Ftags&post=5796"}],"curies":[{"name":"wp","href":"https:\/\/api.w.org\/{rel}","templated":true}]}}