{"id":5797,"date":"2020-11-04T18:26:14","date_gmt":"2020-11-04T15:26:14","guid":{"rendered":"http:\/\/mersinekonomipolitikagazetesi.com\/?p=5797"},"modified":"2020-11-04T18:26:14","modified_gmt":"2020-11-04T15:26:14","slug":"baskan-secer-ve-aktaya-sert-uyari","status":"publish","type":"post","link":"https:\/\/mersinekonomipolitikagazetesi.com\/?p=5797","title":{"rendered":"BA\u015eKAN SE\u00c7ER VE AKTAY&#8217;A SERT UYARI..!"},"content":{"rendered":"<p>CHP \u00fcyeleri ve bir grup il delegesi kamuoyuna yapt\u0131\u011f\u0131 duyuruda, mevcut CHP \u0130l Ba\u015fkan\u0131 Adil Aktay ve B\u00fcy\u00fck\u015fehir Belediye Ba\u015fkan\u0131 Vahap Se\u00e7er&#8217;e isyan ettiler!<\/p>\n<p>\u00a0<\/p>\n<p>&#8221;Bask\u0131lar\u0131 a\u00e7\u0131k\u00e7a red ediyoruz&#8221;<\/p>\n<p>Cumhuriyet Halk Partisi \u00fcyeleri ve bir grup il delegesi, kamuoyuna CHP Mersin \u0130l Kongresi se\u00e7imlerinde, bir aday lehine bask\u0131 kuruldu\u011fu y\u00f6n\u00fcnde isyan ederek duyuru yay\u0131nlad\u0131.<br \/>\nDuyuruda, &#8221;\u0130l delegelerimizin \u00f6zg\u00fcr demokratik iradeleri, her hangi bir \u015fekilde tek bir aday lehine bask\u0131 alt\u0131na al\u0131namaz!&#8221; diyerek mevcut CHP \u0130l Ba\u015fkan\u0131 Adil Aktay ve Mersin B\u00fcy\u00fck\u015fehir Belediyesi Vahap Se\u00e7er&#8217;e\u00a0 isyan ettiler. Kamuoyuna yap\u0131lan duyuruda,\u00a0 &#8221;Mersin&#8217;deki il kongre s\u00fcrecinde hi\u00e7 bir ki\u015fi ya da kurumsal kimli\u011fin her hangi bir aday lehine taraf olmas\u0131n\u0131 benimsemiyor, a\u00e7\u0131k\u00e7a red ediyoruz..!&#8221; denildi.<br \/>\nAlternatif aday ya da se\u00e7eneklerin bask\u0131 alt\u0131na al\u0131nmas\u0131, korkutulmas\u0131 ve adayl\u0131ktan geriye \u00e7ektirilmesi CHP ilkeleriyle \u00f6rt\u00fc\u015fmeyece\u011fi belirtilerek, &#8221;Hi\u00e7 bir CHP&#8217;linin uygulamayaca\u011f\u0131 bir y\u00f6ntemdir. T\u00fcrkiye&#8217;de CHP&#8217;nin vermi\u015f oldu\u011fu demokrasi m\u00fccadelesine zarar getirilmesine izin verilmeyecektir!.&#8221; g\u00f6r\u00fc\u015fleriyle de Mustafa Baysan\u2019a bask\u0131 yap\u0131lmas\u0131na ve adayl\u0131ktan \u00e7ektirilmesine tepki g\u00f6sterdiler.\u00a0<br \/>\nCumhuriyet Halk Partisi \u00fcyeleri, \u00fclke demokrasisinin geli\u015fmesine katk\u0131 i\u00e7in parti i\u00e7i demokrasiye \u00f6nem verdiklerini belirterek, &#8221;CHP Mersin \u0130l Kongresi se\u00e7imlerinde, il delegelerimizin \u00f6zg\u00fcr demokratik iradeleri her hangi bir aday lehine bask\u0131 alt\u0131na al\u0131namaz..! Devletin veya kamu y\u00f6netiminin bask\u0131lar\u0131, her hangi bir aday\u0131n kazanmas\u0131 i\u00e7in kullan\u0131lsa bile, bizim delege olarak oyumuz demokratik yar\u0131\u015f sonucu belli olacakt\u0131r..!&#8221; diye duyuruldu.<\/p>\n<p>&#8220;Demokrasi anlay\u0131\u015f\u0131 bunu gerektirir&#8221;<\/p>\n<p>Bar\u0131\u015f\u00e7\u0131l bir tutum sergilediklerini belirten \u00fcyeler, \u201cMersin \u0130l Kongre se\u00e7im s\u00fcrecinde CHP&#8217;nin gitti\u011fi yolun stratejik \u00f6nemde bir d\u00f6n\u00fcm noktas\u0131nda oldu\u011funu fark etmi\u015f durumday\u0131z. Mersin&#8217;deki il kongre s\u00fcrecinde Mersin&#8217;in rahatlamas\u0131 i\u00e7in hi\u00e7 bir ki\u015fi ya da kurumsal kimli\u011fin her hangi bir aday lehine taraf olmas\u0131n\u0131 benimsemiyor a\u00e7\u0131k\u00e7a red ediyoruz..! Bunun bir demokrasi ilkesi oldu\u011funun fark\u0131nday\u0131z ! Mersin CHP&#8217;de demokrasiye g\u00f6lge d\u00fc\u015fmedi\u011finde;* &#8220;Tek Adam Rejimi&#8221; dayatmas\u0131yla toplumda egemen olan otoriter yap\u0131 ve \u201cbiat k\u00fclt\u00fcr\u00fc\u201c egemenli\u011fi yerine demokrasiden yana tav\u0131r koymu\u015f olaca\u011f\u0131z. CHP\u2019de delege a\u011fal\u0131\u011f\u0131 sisteminin olmad\u0131\u011f\u0131 tescil edilmi\u015f olacak, parti i\u00e7i demokrasi&#8217;nin geli\u015fmesine katk\u0131 verilmi\u015f olacak. Kimlik siyaseti yapan rakip siyasi partilerin politikas\u0131n\u0131 ba\u015far\u0131s\u0131z k\u0131labilmek i\u00e7in kendisini d\u0131\u015flanm\u0131\u015f hisseden halk\u0131m\u0131z, ekip ve kadrolar ile se\u00e7men gruplar\u0131n\u0131n yeniden CHP saflar\u0131na kat\u0131lmas\u0131na \u00f6nem verilmi\u015f olacak. Toplumda ye\u015fermeye ba\u015flayan UMUT r\u00fczgarlar\u0131, bahar havas\u0131na d\u00f6n\u00fc\u015fecek.&#8221; denildi.<\/p>\n","protected":false},"excerpt":{"rendered":"<p>CHP \u00fcyeleri ve bir grup il delegesi kamuoyuna yapt\u0131\u011f\u0131 duyuruda, mevcut CHP \u0130l Ba\u015fkan\u0131 Adil Aktay ve B\u00fcy\u00fck\u015fehir Belediye Ba\u015fkan\u0131 Vahap Se\u00e7er&#8217;e isyan ettiler! \u00a0 &#8221;Bask\u0131lar\u0131 a\u00e7\u0131k\u00e7a red ediyoruz&#8221; Cumhuriyet &hellip; <a href=\"https:\/\/mersinekonomipolitikagazetesi.com\/?p=5797\" class=\"more-link\">Devam\u0131n\u0131 Oku&#8230;<\/a><\/p>\n","protected":false},"author":1,"featured_media":0,"comment_status":"open","ping_status":"open","sticky":false,"template":"","format":"standard","meta":[],"categories":[],"tags":[],"_links":{"self":[{"href":"https:\/\/mersinekonomipolitikagazetesi.com\/index.php?rest_route=\/wp\/v2\/posts\/5797"}],"collection":[{"href":"https:\/\/mersinekonomipolitikagazetesi.com\/index.php?rest_route=\/wp\/v2\/posts"}],"about":[{"href":"https:\/\/mersinekonomipolitikagazetesi.com\/index.php?rest_route=\/wp\/v2\/types\/post"}],"author":[{"embeddable":true,"href":"https:\/\/mersinekonomipolitikagazetesi.com\/index.php?rest_route=\/wp\/v2\/users\/1"}],"replies":[{"embeddable":true,"href":"https:\/\/mersinekonomipolitikagazetesi.com\/index.php?rest_route=%2Fwp%2Fv2%2Fcomments&post=5797"}],"version-history":[{"count":0,"href":"https:\/\/mersinekonomipolitikagazetesi.com\/index.php?rest_route=\/wp\/v2\/posts\/5797\/revisions"}],"wp:attachment":[{"href":"https:\/\/mersinekonomipolitikagazetesi.com\/index.php?rest_route=%2Fwp%2Fv2%2Fmedia&parent=5797"}],"wp:term":[{"taxonomy":"category","embeddable":true,"href":"https:\/\/mersinekonomipolitikagazetesi.com\/index.php?rest_route=%2Fwp%2Fv2%2Fcategories&post=5797"},{"taxonomy":"post_tag","embeddable":true,"href":"https:\/\/mersinekonomipolitikagazetesi.com\/index.php?rest_route=%2Fwp%2Fv2%2Ftags&post=5797"}],"curies":[{"name":"wp","href":"https:\/\/api.w.org\/{rel}","templated":true}]}}