{"id":5798,"date":"2020-11-04T18:26:14","date_gmt":"2020-11-04T15:26:14","guid":{"rendered":"http:\/\/mersinekonomipolitikagazetesi.com\/?p=5798"},"modified":"2020-11-04T18:26:14","modified_gmt":"2020-11-04T15:26:14","slug":"dogu-akdenizde-pazartesi-ve-sali-zirai-dona-dikkat","status":"publish","type":"post","link":"https:\/\/mersinekonomipolitikagazetesi.com\/?p=5798","title":{"rendered":"Do\u011fu Akdeniz\u2019de pazartesi ve sal\u0131 zirai dona dikkat"},"content":{"rendered":"<p><span style=\"font-family: sans-serif; font-size: 14px; text-align: justify; background-color: rgb(242, 244, 245);\">Meteoroloji Genel M\u00fcd\u00fcrl\u00fc\u011f\u00fc Analiz ve Tahmin Merkezi, Ege ve Akdeniz k\u0131y\u0131lar\u0131nda yar\u0131ndan itibaren 11 \u015eubat Sal\u0131 sabah\u0131na kadar zirai don beklendi\u011fini belirterek, \u00e7ift\u00e7ileri uyard\u0131.<\/span><br style=\"box-sizing: border-box; font-family: sans-serif; font-size: 14px; text-align: justify; background-color: rgb(242, 244, 245);\" \/><br \/>\n<span style=\"font-family: sans-serif; font-size: 14px; text-align: justify; background-color: rgb(242, 244, 245);\">Meteoroloji Genel M\u00fcd\u00fcrl\u00fc\u011f\u00fc Analiz ve Tahmin Merkezinden yap\u0131lan a\u00e7\u0131klamada, yap\u0131lan son de\u011ferlendirmelere g\u00f6re, zirai faaliyetlerin devam etti\u011fi K\u0131y\u0131 Ege ve Bat\u0131 Akdeniz k\u0131y\u0131lar\u0131nda 9 \u015eubat Pazar ve 10 \u015eubat Pazartesi g\u00fcnleri hafif, yer yer orta \u015fiddette zirai don hadisesi beklendi\u011fi bildirildi. A\u00e7\u0131klamaya g\u00f6re, Do\u011fu Akdeniz k\u0131y\u0131 kesimlerinde ise 10 \u015eubat Pazartesi g\u00fcn\u00fc hafif, 11 \u015eubat Sal\u0131 g\u00fcn\u00fc orta \u015fiddette zirai don hadisesi bekleniyor.<\/span><br style=\"box-sizing: border-box; font-family: sans-serif; font-size: 14px; text-align: justify; background-color: rgb(242, 244, 245);\" \/><br \/>\n<span style=\"font-family: sans-serif; font-size: 14px; text-align: justify; background-color: rgb(242, 244, 245);\">Meteoroloji yetkilileri, buzlanma ve don olay\u0131na kar\u015f\u0131 ba\u015fta \u00fcreticiler olmak \u00fczere ilgililerin ve vatanda\u015flar\u0131n dikkatli ve tedbirli olmalar\u0131n\u0131 istedi.<\/span><\/p>\n","protected":false},"excerpt":{"rendered":"<p>Meteoroloji Genel M\u00fcd\u00fcrl\u00fc\u011f\u00fc Analiz ve Tahmin Merkezi, Ege ve Akdeniz k\u0131y\u0131lar\u0131nda yar\u0131ndan itibaren 11 \u015eubat Sal\u0131 sabah\u0131na kadar zirai don beklendi\u011fini belirterek, \u00e7ift\u00e7ileri uyard\u0131. Meteoroloji Genel M\u00fcd\u00fcrl\u00fc\u011f\u00fc Analiz ve Tahmin &hellip; <a href=\"https:\/\/mersinekonomipolitikagazetesi.com\/?p=5798\" class=\"more-link\">Devam\u0131n\u0131 Oku&#8230;<\/a><\/p>\n","protected":false},"author":1,"featured_media":0,"comment_status":"open","ping_status":"open","sticky":false,"template":"","format":"standard","meta":[],"categories":[],"tags":[],"_links":{"self":[{"href":"https:\/\/mersinekonomipolitikagazetesi.com\/index.php?rest_route=\/wp\/v2\/posts\/5798"}],"collection":[{"href":"https:\/\/mersinekonomipolitikagazetesi.com\/index.php?rest_route=\/wp\/v2\/posts"}],"about":[{"href":"https:\/\/mersinekonomipolitikagazetesi.com\/index.php?rest_route=\/wp\/v2\/types\/post"}],"author":[{"embeddable":true,"href":"https:\/\/mersinekonomipolitikagazetesi.com\/index.php?rest_route=\/wp\/v2\/users\/1"}],"replies":[{"embeddable":true,"href":"https:\/\/mersinekonomipolitikagazetesi.com\/index.php?rest_route=%2Fwp%2Fv2%2Fcomments&post=5798"}],"version-history":[{"count":0,"href":"https:\/\/mersinekonomipolitikagazetesi.com\/index.php?rest_route=\/wp\/v2\/posts\/5798\/revisions"}],"wp:attachment":[{"href":"https:\/\/mersinekonomipolitikagazetesi.com\/index.php?rest_route=%2Fwp%2Fv2%2Fmedia&parent=5798"}],"wp:term":[{"taxonomy":"category","embeddable":true,"href":"https:\/\/mersinekonomipolitikagazetesi.com\/index.php?rest_route=%2Fwp%2Fv2%2Fcategories&post=5798"},{"taxonomy":"post_tag","embeddable":true,"href":"https:\/\/mersinekonomipolitikagazetesi.com\/index.php?rest_route=%2Fwp%2Fv2%2Ftags&post=5798"}],"curies":[{"name":"wp","href":"https:\/\/api.w.org\/{rel}","templated":true}]}}