{"id":5799,"date":"2020-11-04T18:26:14","date_gmt":"2020-11-04T15:26:14","guid":{"rendered":"http:\/\/mersinekonomipolitikagazetesi.com\/?p=5799"},"modified":"2020-11-04T18:26:14","modified_gmt":"2020-11-04T15:26:14","slug":"mersin-dikkat","status":"publish","type":"post","link":"https:\/\/mersinekonomipolitikagazetesi.com\/?p=5799","title":{"rendered":"MERS\u0130N D\u0130KKAT !"},"content":{"rendered":"<p>Her \u015fiddetli ya\u011fmurda sel felaketiyle kar\u015f\u0131 kar\u0131\u015fya kalan Mersin\u2019de Metereoloji uyar\u0131yor. F\u0131rt\u0131na ve zirai dona dikkat!<\/p>\n<p>Mersin Meteoroloji M\u00fcd\u00fcrl\u00fc\u011f\u00fc, 9 \u015eubat Pazar g\u00fcn\u00fc saat 15.00\u2019e kadar f\u0131rt\u0131na beklendi\u011fini belirterek, vatanda\u015flar\u0131 uyard\u0131.\u00a0<br \/>\nMersin Meteoroloji m\u00fcd\u00fcrl\u00fc\u011f\u00fcnden yap\u0131lan a\u00e7\u0131klamada, Meteoroloji Genel M\u00fcd\u00fcrl\u00fc\u011f\u00fc Analiz ve Tahmin Merkezinin denizlere ait meteorolojik uyar\u0131s\u0131na yer verildi. A\u00e7\u0131klamaya g\u00f6re, Akdeniz\u2019de r\u00fczgar\u0131n d\u00fcn ak\u015fam saatlerinden itibaren kuvvetini art\u0131rarak bat\u0131 ve g\u00fcneybat\u0131dan, gece saatlerinden itibaren bat\u0131s\u0131nda, cumartesi sabah saatlerinden itibaren genelinde kuzey ve kuzeybat\u0131dan 6 ila 8 (50-75 km\/sa) kuvvetinde f\u0131rt\u0131na \u015feklinde esmesi bekleniyor. F\u0131rt\u0131nan\u0131n 9 \u015eubat Pazar g\u00fcn\u00fc \u00f6\u011fleden sonra saat 15.00 s\u0131ralar\u0131nda etkisini kaybedece\u011fi tahmin ediliyor.\u00a0<br \/>\nMeteoroloji yetkilileri, denizdeki f\u0131rt\u0131na nedeniyle ula\u015f\u0131mda aksamalar ya\u015fanabilece\u011fini belirterek, dikkatli ve tedbirli olunmas\u0131n\u0131 istedi.\u00a0<\/p>\n<p>Do\u011fu Akdeniz\u2019de\u00a0<br \/>\nzirai dona dikkat\u00a0<\/p>\n<p>Meteoroloji Genel M\u00fcd\u00fcrl\u00fc\u011f\u00fc Analiz ve Tahmin Merkezi, Ege ve Akdeniz k\u0131y\u0131lar\u0131nda bug\u00fcnden itibaren 11 \u015eubat Sal\u0131 sabah\u0131na kadar zirai don beklendi\u011fini belirterek, \u00e7ift\u00e7ileri uyard\u0131. Meteoroloji Genel M\u00fcd\u00fcrl\u00fc\u011f\u00fc Analiz ve Tahmin Merkezinden yap\u0131lan a\u00e7\u0131klamada, yap\u0131lan son de\u011ferlendirmelere g\u00f6re, zirai faaliyetlerin devam etti\u011fi K\u0131y\u0131 Ege ve Bat\u0131 Akdeniz k\u0131y\u0131lar\u0131nda 9 \u015eubat Pazar ve 10 \u015eubat Pazartesi g\u00fcnleri hafif, yer yer orta \u015fiddette zirai don hadisesi beklendi\u011fi bildirildi. A\u00e7\u0131klamaya g\u00f6re, Do\u011fu Akdeniz k\u0131y\u0131 kesimlerinde ise 10 \u015eubat Pazartesi g\u00fcn\u00fc hafif, 11 \u015eubat Sal\u0131 g\u00fcn\u00fc orta \u015fiddette zirai don hadisesi bekleniyor. Meteoroloji yetkilileri, buzlanma ve don olay\u0131na kar\u015f\u0131 ba\u015fta \u00fcreticiler olmak \u00fczere ilgililerin ve vatanda\u015flar\u0131n dikkatli ve tedbirli olmalar\u0131n\u0131 istedi. \u00a0<\/p>\n","protected":false},"excerpt":{"rendered":"<p>Her \u015fiddetli ya\u011fmurda sel felaketiyle kar\u015f\u0131 kar\u0131\u015fya kalan Mersin\u2019de Metereoloji uyar\u0131yor. F\u0131rt\u0131na ve zirai dona dikkat! Mersin Meteoroloji M\u00fcd\u00fcrl\u00fc\u011f\u00fc, 9 \u015eubat Pazar g\u00fcn\u00fc saat 15.00\u2019e kadar f\u0131rt\u0131na beklendi\u011fini belirterek, vatanda\u015flar\u0131 &hellip; <a href=\"https:\/\/mersinekonomipolitikagazetesi.com\/?p=5799\" class=\"more-link\">Devam\u0131n\u0131 Oku&#8230;<\/a><\/p>\n","protected":false},"author":1,"featured_media":0,"comment_status":"open","ping_status":"open","sticky":false,"template":"","format":"standard","meta":[],"categories":[],"tags":[],"_links":{"self":[{"href":"https:\/\/mersinekonomipolitikagazetesi.com\/index.php?rest_route=\/wp\/v2\/posts\/5799"}],"collection":[{"href":"https:\/\/mersinekonomipolitikagazetesi.com\/index.php?rest_route=\/wp\/v2\/posts"}],"about":[{"href":"https:\/\/mersinekonomipolitikagazetesi.com\/index.php?rest_route=\/wp\/v2\/types\/post"}],"author":[{"embeddable":true,"href":"https:\/\/mersinekonomipolitikagazetesi.com\/index.php?rest_route=\/wp\/v2\/users\/1"}],"replies":[{"embeddable":true,"href":"https:\/\/mersinekonomipolitikagazetesi.com\/index.php?rest_route=%2Fwp%2Fv2%2Fcomments&post=5799"}],"version-history":[{"count":0,"href":"https:\/\/mersinekonomipolitikagazetesi.com\/index.php?rest_route=\/wp\/v2\/posts\/5799\/revisions"}],"wp:attachment":[{"href":"https:\/\/mersinekonomipolitikagazetesi.com\/index.php?rest_route=%2Fwp%2Fv2%2Fmedia&parent=5799"}],"wp:term":[{"taxonomy":"category","embeddable":true,"href":"https:\/\/mersinekonomipolitikagazetesi.com\/index.php?rest_route=%2Fwp%2Fv2%2Fcategories&post=5799"},{"taxonomy":"post_tag","embeddable":true,"href":"https:\/\/mersinekonomipolitikagazetesi.com\/index.php?rest_route=%2Fwp%2Fv2%2Ftags&post=5799"}],"curies":[{"name":"wp","href":"https:\/\/api.w.org\/{rel}","templated":true}]}}