{"id":5801,"date":"2020-11-04T18:26:14","date_gmt":"2020-11-04T15:26:14","guid":{"rendered":"http:\/\/mersinekonomipolitikagazetesi.com\/?p=5801"},"modified":"2020-11-04T18:26:14","modified_gmt":"2020-11-04T15:26:14","slug":"kadin-emegini-degerlendirecegiz","status":"publish","type":"post","link":"https:\/\/mersinekonomipolitikagazetesi.com\/?p=5801","title":{"rendered":"KADIN EME\u011e\u0130N\u0130  DE\u011eERLEND\u0130RECE\u011e\u0130Z"},"content":{"rendered":"<p>\nT\u00fcrk Kad\u0131nlar Konseyi Derne\u011fi Mersin \u015eubesi a\u00e7\u0131ld\u0131. Mersin Ticaret ve Sanayi Odas\u0131 (MTSO) binas\u0131nda ger\u00e7ekle\u015ftirilen a\u00e7\u0131l\u0131\u015fa Vali Ali \u0130hsan Su\u2019yun e\u015fi Zeliha Su, T\u00fcrk Kad\u0131nlar Konseyi Derne\u011fi Genel Ba\u015fkan\u0131 Fato\u015f \u0130nal, KKTC Ba\u015fkonsolosu Zalihe Mendeli, MTSO Meclis Ba\u015fkan\u0131 Hamit \u0130zol, Mersin Barosu Ba\u015fkan\u0131 \u00a0Bilgin Ye\u015filbo\u011faz ve bir\u00e7ok \u00fcye kat\u0131ld\u0131.<\/p>\n<p>MTSO binas\u0131nda ger\u00e7ekle\u015fen T\u00fcrk Kad\u0131nlar Konseyi Derne\u011fi Mersin \u015eubesi a\u00e7\u0131l\u0131\u015f kokteyli bir\u00e7ok \u015fehirdeki dernek \u00fcyelerinin de kat\u0131l\u0131m\u0131yla kalabal\u0131k bir ortamda ger\u00e7ekle\u015fti.\u00a0<br \/>\nDerne\u011fin kurulu\u015f tarihine ve amac\u0131na de\u011finen T\u00fcrk Kad\u0131nlar Konseyi Derne\u011fi Mersin \u015eubesi Ba\u015fkan\u0131 Belgin Bugay G\u00fcra\u011fa\u00e7, \u201cDerne\u011fimiz ilk olarak 1959 y\u0131l\u0131nda Ankara\u2019da kurulmu\u015ftur. Amac\u0131m\u0131z T\u00fcrk kad\u0131nlar\u0131n\u0131n maddi manevi kalk\u0131nmas\u0131nda dayan\u0131\u015fmay\u0131 sa\u011flamak, kad\u0131nda anne, e\u015f, yurtta\u015f ve ki\u015fi olmak bak\u0131m\u0131ndan bilin\u00e7 ve sorumluluk duygular\u0131n\u0131 uyand\u0131rmak ve geli\u015ftirmek. Ayr\u0131ca insan haklar\u0131 ve kad\u0131n erkek e\u015fitli\u011fi ile kad\u0131nlara kar\u015f\u0131 her t\u00fcrl\u00fc ayr\u0131mc\u0131l\u0131\u011f\u0131n \u00f6nlenmesi konular\u0131nda \u00fclke genelinde y\u00fcr\u00fct\u00fclen \u00e7al\u0131\u015fmalara kat\u0131larak desteklemektir.\u201d dedi.<\/p>\n<p>\u201cKad\u0131n eme\u011finin de\u011ferlendirilmesi i\u00e7in \u00e7al\u0131\u015faca\u011f\u0131z\u201d<\/p>\n<p>Kentteki kad\u0131nlarla daha \u00e7ok \u00f6zg\u00fcrle\u015fecekleri ekonomik ve sosyal projeler yapmaya \u00e7al\u0131\u015facaklar\u0131n\u0131 belirten G\u00fcra\u011fa\u00e7, \u201cHer t\u00fcrl\u00fc ayr\u0131mc\u0131l\u0131\u011f\u0131n \u00f6nlenmesi ve bu konuda kurumsal \u00e7al\u0131\u015fmalar y\u00fcr\u00fctmek toplumsal cinsiyet e\u015fitli\u011finin sa\u011flanmas\u0131 amac\u0131yla her t\u00fcrl\u00fc projelere katk\u0131da bulunmak, kad\u0131n eme\u011finin de\u011ferlendirilmesi, kad\u0131n istihdam\u0131n\u0131n artt\u0131r\u0131lmas\u0131na, kad\u0131n\u0131n karar alma mekanizmalar\u0131nda daha \u00e7ok yer almas\u0131na katk\u0131da bulunmak i\u00e7in \u00e7al\u0131\u015faca\u011f\u0131z.\u201d diye konu\u015ftu.<\/p>\n<p>\u201cKad\u0131n haklar\u0131 i\u00e7in el eleyiz\u201d<\/p>\n<p>T\u00fcrk Kad\u0131nlar Konseyi Derne\u011finin Mersin \u015eubesi\u2019nin a\u00e7\u0131lmas\u0131yla 20\u2019inci konseyin kuruldu\u011funa dikkat \u00e7eken Genel Ba\u015fkan Fato\u015f \u0130nal, \u201c60 y\u0131ld\u0131r bayrak elimizde y\u00fcr\u00fcyoruz. Arkada\u015flar\u0131m\u0131zla hep dayan\u0131\u015fma i\u00e7erisinde bu g\u00fcnlere geldik .Kad\u0131n haklar\u0131 i\u00e7in el eleyiz.\u201d diye belirtti.<\/p>\n<p>A\u00e7\u0131l\u0131\u015f konu\u015fmalar\u0131n\u0131n tamamlanmas\u0131n\u0131n ard\u0131ndan kat\u0131l\u0131mc\u0131lar koro dinletisiyle keyifli vakit ge\u00e7irdi.<\/p>\n","protected":false},"excerpt":{"rendered":"<p>T\u00fcrk Kad\u0131nlar Konseyi Derne\u011fi Mersin \u015eubesi a\u00e7\u0131ld\u0131. Mersin Ticaret ve Sanayi Odas\u0131 (MTSO) binas\u0131nda ger\u00e7ekle\u015ftirilen a\u00e7\u0131l\u0131\u015fa Vali Ali \u0130hsan Su\u2019yun e\u015fi Zeliha Su, T\u00fcrk Kad\u0131nlar Konseyi Derne\u011fi Genel Ba\u015fkan\u0131 Fato\u015f &hellip; <a href=\"https:\/\/mersinekonomipolitikagazetesi.com\/?p=5801\" class=\"more-link\">Devam\u0131n\u0131 Oku&#8230;<\/a><\/p>\n","protected":false},"author":1,"featured_media":0,"comment_status":"open","ping_status":"open","sticky":false,"template":"","format":"standard","meta":[],"categories":[],"tags":[],"_links":{"self":[{"href":"https:\/\/mersinekonomipolitikagazetesi.com\/index.php?rest_route=\/wp\/v2\/posts\/5801"}],"collection":[{"href":"https:\/\/mersinekonomipolitikagazetesi.com\/index.php?rest_route=\/wp\/v2\/posts"}],"about":[{"href":"https:\/\/mersinekonomipolitikagazetesi.com\/index.php?rest_route=\/wp\/v2\/types\/post"}],"author":[{"embeddable":true,"href":"https:\/\/mersinekonomipolitikagazetesi.com\/index.php?rest_route=\/wp\/v2\/users\/1"}],"replies":[{"embeddable":true,"href":"https:\/\/mersinekonomipolitikagazetesi.com\/index.php?rest_route=%2Fwp%2Fv2%2Fcomments&post=5801"}],"version-history":[{"count":0,"href":"https:\/\/mersinekonomipolitikagazetesi.com\/index.php?rest_route=\/wp\/v2\/posts\/5801\/revisions"}],"wp:attachment":[{"href":"https:\/\/mersinekonomipolitikagazetesi.com\/index.php?rest_route=%2Fwp%2Fv2%2Fmedia&parent=5801"}],"wp:term":[{"taxonomy":"category","embeddable":true,"href":"https:\/\/mersinekonomipolitikagazetesi.com\/index.php?rest_route=%2Fwp%2Fv2%2Fcategories&post=5801"},{"taxonomy":"post_tag","embeddable":true,"href":"https:\/\/mersinekonomipolitikagazetesi.com\/index.php?rest_route=%2Fwp%2Fv2%2Ftags&post=5801"}],"curies":[{"name":"wp","href":"https:\/\/api.w.org\/{rel}","templated":true}]}}