{"id":5803,"date":"2020-11-04T18:26:14","date_gmt":"2020-11-04T15:26:14","guid":{"rendered":"http:\/\/mersinekonomipolitikagazetesi.com\/?p=5803"},"modified":"2020-11-04T18:26:14","modified_gmt":"2020-11-04T15:26:14","slug":"ruzgarda-agaclar-yikildi-yikilma-riski-olanlar-budandi","status":"publish","type":"post","link":"https:\/\/mersinekonomipolitikagazetesi.com\/?p=5803","title":{"rendered":"R\u00fczgarda a\u011fa\u00e7lar y\u0131k\u0131ld\u0131,  y\u0131k\u0131lma riski olanlar budand\u0131"},"content":{"rendered":"<p>Mersin&#8217;in Erdemli il\u00e7esinde kuvvetli r\u00fczgar etkili oldu. R\u00fczgar dolay\u0131s\u0131yla baz\u0131 a\u011fa\u00e7lar devrilirken, itfaiyenin m\u00fcdahalesiyle devrilme riski bulunan baz\u0131 a\u011fa\u00e7lar da budand\u0131.\u00a0<br \/>\n\u0130l\u00e7e merkezindeki kapal\u0131 pazar yerinde okalipt\u00fcs a\u011fa\u00e7lar\u0131ndan biri kuvvetli r\u00fczgara dayanamay\u0131p devrildi. Halk pazar\u0131 yerinin prefabrik lavabosunun kap\u0131s\u0131 \u00f6n\u00fcne devrilen a\u011fac\u0131 fark eden bir kad\u0131n, a\u011fac\u0131n \u00fczerine d\u00fc\u015fmesine ramak kala kurtuldu. \u0130tfaiye ve belediye ekipleri devrilen a\u011fac\u0131 motorlu testere ile kesti.\u00a0<br \/>\nPazar esnaflar\u0131ndan Kalender T\u00fcer, ba\u011fr\u0131\u015fmalar sonucu kad\u0131n\u0131n son anda \u00fczerine gelen a\u011fa\u00e7tan kurtuldu\u011funu belirtti. T\u00fcer, &#8220;R\u00fczgarda lavabonun yan\u0131ndaki okalipt\u00fcs a\u011fac\u0131 aniden y\u0131k\u0131ld\u0131. Ba\u011fr\u0131\u015fmalar\u0131 duyan kad\u0131n \u00fczerine gelen a\u011fac\u0131 fark etti. Kad\u0131n k\u0131l pay\u0131 kurtuldu&#8221; dedi.<br \/>\n\u00a0<br \/>\n\u0130l\u00e7e merkezinde cadde kenarlar\u0131nda devrilme riski bulunan a\u011fa\u00e7lar da itfaiye ekiplerinin yard\u0131m\u0131 ile budand\u0131. Budama esnas\u0131nda cadde trafi\u011fe kapat\u0131ld\u0131, polis ekipleri cadde \u00fczerinde g\u00fcvenlik \u00f6nlemi ald\u0131.\u00a0<\/p>\n","protected":false},"excerpt":{"rendered":"<p>Mersin&#8217;in Erdemli il\u00e7esinde kuvvetli r\u00fczgar etkili oldu. R\u00fczgar dolay\u0131s\u0131yla baz\u0131 a\u011fa\u00e7lar devrilirken, itfaiyenin m\u00fcdahalesiyle devrilme riski bulunan baz\u0131 a\u011fa\u00e7lar da budand\u0131.\u00a0 \u0130l\u00e7e merkezindeki kapal\u0131 pazar yerinde okalipt\u00fcs a\u011fa\u00e7lar\u0131ndan biri kuvvetli &hellip; <a href=\"https:\/\/mersinekonomipolitikagazetesi.com\/?p=5803\" class=\"more-link\">Devam\u0131n\u0131 Oku&#8230;<\/a><\/p>\n","protected":false},"author":1,"featured_media":0,"comment_status":"open","ping_status":"open","sticky":false,"template":"","format":"standard","meta":[],"categories":[],"tags":[],"_links":{"self":[{"href":"https:\/\/mersinekonomipolitikagazetesi.com\/index.php?rest_route=\/wp\/v2\/posts\/5803"}],"collection":[{"href":"https:\/\/mersinekonomipolitikagazetesi.com\/index.php?rest_route=\/wp\/v2\/posts"}],"about":[{"href":"https:\/\/mersinekonomipolitikagazetesi.com\/index.php?rest_route=\/wp\/v2\/types\/post"}],"author":[{"embeddable":true,"href":"https:\/\/mersinekonomipolitikagazetesi.com\/index.php?rest_route=\/wp\/v2\/users\/1"}],"replies":[{"embeddable":true,"href":"https:\/\/mersinekonomipolitikagazetesi.com\/index.php?rest_route=%2Fwp%2Fv2%2Fcomments&post=5803"}],"version-history":[{"count":0,"href":"https:\/\/mersinekonomipolitikagazetesi.com\/index.php?rest_route=\/wp\/v2\/posts\/5803\/revisions"}],"wp:attachment":[{"href":"https:\/\/mersinekonomipolitikagazetesi.com\/index.php?rest_route=%2Fwp%2Fv2%2Fmedia&parent=5803"}],"wp:term":[{"taxonomy":"category","embeddable":true,"href":"https:\/\/mersinekonomipolitikagazetesi.com\/index.php?rest_route=%2Fwp%2Fv2%2Fcategories&post=5803"},{"taxonomy":"post_tag","embeddable":true,"href":"https:\/\/mersinekonomipolitikagazetesi.com\/index.php?rest_route=%2Fwp%2Fv2%2Ftags&post=5803"}],"curies":[{"name":"wp","href":"https:\/\/api.w.org\/{rel}","templated":true}]}}