{"id":5810,"date":"2020-11-04T18:26:15","date_gmt":"2020-11-04T15:26:15","guid":{"rendered":"http:\/\/mersinekonomipolitikagazetesi.com\/?p=5810"},"modified":"2020-11-04T18:26:15","modified_gmt":"2020-11-04T15:26:15","slug":"guldaldan-ureticiye-mujde-alim-fiyatlarini-bu-yil-da-hasat-oncesi-aciklayacagiz","status":"publish","type":"post","link":"https:\/\/mersinekonomipolitikagazetesi.com\/?p=5810","title":{"rendered":"G\u00fcldal\u2019dan \u00fcreticiye m\u00fcjde: \u201cAl\u0131m fiyatlar\u0131n\u0131 bu y\u0131l da hasat \u00f6ncesi a\u00e7\u0131klayaca\u011f\u0131z\u201d"},"content":{"rendered":"<div><span style=\"font-size: 12px;\">Toprak Mahsulleri Ofisi (TMO) Y\u00f6netim Kurulu Ba\u015fkan\u0131 ve Genel M\u00fcd\u00fcr\u00fc Ahmet G\u00fcldal, \u00fcreticiye m\u00fcjde vererek, ge\u00e7en y\u0131l uygulamaya ba\u015flad\u0131klar\u0131 hasat \u00f6ncesi fiyat a\u00e7\u0131klama uygulamas\u0131n\u0131 bu y\u0131l da yapacaklar\u0131n\u0131 belirterek, \u201c\u00d6zellikle \u00fcreticinin o \u00fcr\u00fcn\u00fc ekti\u011fine memnun olaca\u011f\u0131 bir fiyatland\u0131rma haz\u0131rl\u0131\u011f\u0131 yap\u0131yoruz\u201d dedi.\u00a0<\/span><\/div>\n<div><span style=\"font-size: 12px;\">\u00a0 TMO Y\u00f6netim Kurulu Ba\u015fkan\u0131 ve Genel M\u00fcd\u00fcr\u00fc G\u00fcldal, D\u00fcnya Bakliyat G\u00fcn\u00fc kutlamalar\u0131 kapsam\u0131nda geldi\u011fi Mersin\u2019de, \u00fcr\u00fcn al\u0131m\u0131nda bu y\u0131l izleyecekleri politika ve \u00e7al\u0131\u015fmalar\u0131na ili\u015fkin\u00a0 a\u00e7\u0131klama yapt\u0131. TMO\u2019nun, 2019 y\u0131l\u0131nda hububat \u00fcr\u00fcnleri, bakliyat \u00fcr\u00fcnleri, f\u0131nd\u0131k, \u00fcz\u00fcm, incir, \u00e7eltik, m\u0131s\u0131r gibi 14 \u00fcr\u00fcnde fiyat a\u00e7\u0131klad\u0131klar\u0131n\u0131 dile getiren G\u00fcldal, bunlar\u0131n bir\u00e7o\u011funda da al\u0131m ger\u00e7ekle\u015ftirerek, stoklama yapt\u0131klar\u0131n\u0131 s\u00f6yledi. G\u00fcldal, ihtiya\u00e7 durumunda da piyasaya arzlar\u0131n\u0131n devam etti\u011fini kaydetti.\u00a0<\/span><\/div>\n<div><span style=\"font-size: 12px;\">\u00a0<\/span><\/div>\n<div><span style=\"font-size: 12px;\">\u00a0 \u201c3,5 milyon ton stok kapasiteye ula\u015ft\u0131k\u201d\u00a0<\/span><\/div>\n<div><span style=\"font-size: 12px;\">\u00a0 Ge\u00e7en y\u0131lki al\u0131mlarla yeterince stok yapt\u0131klar\u0131n\u0131 ve stok s\u0131k\u0131nt\u0131lar\u0131 bulunmad\u0131\u011f\u0131n\u0131 ifade eden G\u00fcldal, \u201c\u00d6nemli miktarda; 3,5 milyon ton civar\u0131nda stok kapasiteye ula\u015ft\u0131k. Son hasat d\u00f6neminden sonra da hem toptan hem perakende olarak i\u00e7 piyasaya sat\u0131\u015flar\u0131m\u0131z ba\u015flad\u0131. \u015eu anda o s\u00fcre\u00e7 devam ediyor. Genel olarak bakt\u0131\u011f\u0131m\u0131zda 2019 y\u0131l\u0131nda \u00fcreticilerin maliyetlerini enflasyon ve i\u00e7 piyasa-d\u0131\u015f piyasa fiyatlar\u0131n\u0131 hesaplayarak verdi\u011fimiz fiyatlarda memnuniyet oldu\u011funu g\u00f6rd\u00fck. Bunu yaparken de T\u00fcrkiye\u2019de \u00fcretimin artmas\u0131n\u0131, tar\u0131mda s\u00fcrd\u00fcr\u00fclebilirli\u011fi, kalitenin ve verimin artmas\u0131n\u0131 te\u015fvik edici bir fiyatland\u0131rma politikas\u0131 izledik. \u00d6zellikle Bakan\u0131m\u0131z Bekir Pakdemirli taraf\u0131ndan hububatta destekleme fiyatlar\u0131 y\u00fczde 100 oran\u0131nda art\u0131r\u0131lm\u0131\u015ft\u0131. Bunun da ciddi manada bir pozitif etkisi oldu\u011funu d\u00fc\u015f\u00fcn\u00fcyoruz\u201d diye konu\u015ftu.\u00a0<\/span><\/div>\n<div><span style=\"font-size: 12px;\">\u00a0<\/span><\/div>\n<div><span style=\"font-size: 12px;\">\u00a0 \u201cHasat d\u00f6nemi \u00f6ncesinde fiyat a\u00e7\u0131klad\u0131k. \u00d6nemli bir hareket de\u011fi\u015fikli\u011fiydi ve \u00e7ok faydal\u0131 oldu\u201d\u00a0<\/span><\/div>\n<div><span style=\"font-size: 12px;\">\u00a0 Ge\u00e7en y\u0131l \u00fcreticiden ald\u0131klar\u0131 3,5 milyon ton civar\u0131nda \u00fcr\u00fcn kar\u015f\u0131l\u0131\u011f\u0131nda 5,5-6 milyar lira civar\u0131nda \u00f6demede bulunduklar\u0131 bilgisini veren G\u00fcldal, \u201cBu, \u00fcr\u00fcnden \u00fcr\u00fcne de\u011fi\u015fiyor tabi ama b\u00fct\u00fcn \u00fcr\u00fcnlerin al\u0131m fiyatlar\u0131n\u0131 belirlerken \u00fcreticinin memnun olabilece\u011fi bir fiyatland\u0131rma politikas\u0131 uygulad\u0131k. Bunu yaparken de belli parametreleri dikkate ald\u0131k. Ama esas\u0131nda \u00fcreticinin \u00fcretime devam etmesini, topra\u011f\u0131n\u0131 ekmesini, bi\u00e7mesini, onu te\u015fvik edecek mahiyette bir fiyat politikas\u0131 izledik. Bu \u00e7ok etkili oldu. Bundan sonraki y\u0131llar i\u00e7in de ge\u00e7erli olacakt\u0131r. Bunu bir yol haritas\u0131 olarak yapt\u0131k. \u015eunun da alt\u0131n\u0131 \u00e7izmekte yarar var; biz hasat d\u00f6nemi \u00f6ncesinde fiyat a\u00e7\u0131klad\u0131k. Yani hasat ba\u015flad\u0131ktan, belli bir s\u00fcre bekledikten sonra de\u011fil, hasat ba\u015flamadan \u00f6nce \u00fcretici, Toprak Mahsulleri Ofisinin fiyat\u0131n\u0131 ve al\u0131m garantisini g\u00f6rd\u00fc, tercihini kulland\u0131, ister TMO\u2019ya isterse \u00f6zel sekt\u00f6re sat\u0131\u015f\u0131n\u0131 yapm\u0131\u015f oldu. Bu anlamda bu \u00f6nemli bir hareket de\u011fi\u015fikli\u011fiydi ve \u00e7ok faydal\u0131 oldu\u201d ifadelerini kulland\u0131.\u00a0<\/span><\/div>\n<div><span style=\"font-size: 12px;\">\u00a0<\/span><\/div>\n<div><span style=\"font-size: 12px;\">\u00a0 \u201cBu y\u0131l bu\u011fdayda daha y\u00fcksek rekolte bekliyoruz\u201d\u00a0<\/span><\/div>\n<div><span style=\"font-size: 12px;\">\u00a0 Bu y\u0131l ger\u00e7ekle\u015ftirecekleri \u00e7al\u0131\u015fmalar\u0131 da de\u011ferlendiren G\u00fcldal, \u00f6zellikle sonbahar d\u00f6neminde sertifikal\u0131 tohum kullan\u0131m\u0131nda rekor seviyede art\u0131\u015f oldu\u011funu kaydetti. \u201cHububatta, bu\u011fdayda sertifikal\u0131 tohum kullan\u0131m\u0131n\u0131n art\u0131\u015f\u0131; birim alandan minimum y\u00fczde 25 daha y\u00fcksek verim almak demektir\u201d diyen G\u00fcldal, \u00f6zellikle T\u0130GEM men\u015feli tohumlar\u0131n kullan\u0131ld\u0131\u011f\u0131n\u0131 s\u00f6yledi.\u00a0<\/span><\/div>\n<div><span style=\"font-size: 12px;\">\u00a0 \u00d6te yandan; \u00f6zellikle pamuk ve m\u0131s\u0131rdan m\u00fcnavebe (ekim n\u00f6beti) yap\u0131lmas\u0131 kayd\u0131ndan dolay\u0131 \u00fcreticinin bu\u011fday ekmeyi tercih etti\u011fini belirten G\u00fcldal, \u201cBu \u015funu g\u00f6steriyor; 2019 y\u0131l\u0131na nazaran 2020 y\u0131l\u0131nda daha y\u00fcksek bir rekolteyle bu\u011fday \u00fcretimi T\u00fcrkiye\u2019de ya\u015fanacakt\u0131r. Ama bu s\u00fcre\u00e7te, sonbahar d\u00f6neminde ya\u015fad\u0131\u011f\u0131m\u0131z k\u0131smi kurakl\u0131klar, son g\u00fcnlerde gelen ya\u011f\u0131\u015flar\u0131n olumlu etkileri, ilkbahar d\u00f6neminde meydana gelecek meteorolojik olaylar ve ya\u011f\u0131\u015f rejiminin istikrarl\u0131 seyretmesi, bunlar hasada kadar olan d\u00f6nemde belirleyici olacakt\u0131r. \u015eu andaki g\u00f6r\u00fcnt\u00fc, 2019\u2019dan daha y\u00fcksek bir rekolteyle T\u00fcrkiye\u2019nin hasat d\u00f6nemine girece\u011fini tahmin ediyoruz\u201d \u015feklinde konu\u015ftu.\u00a0<\/span><\/div>\n<div><span style=\"font-size: 12px;\">\u00a0<\/span><\/div>\n<div><span style=\"font-size: 12px;\">\u00a0 \u201c\u00c7ift\u00e7i tercihlerini, bakanl\u0131\u011f\u0131n ve TMO\u2019nun ihtiya\u00e7 g\u00f6rd\u00fc\u011f\u00fc bir planlamayla d\u00fczenlemek istiyoruz\u201d\u00a0<\/span><\/div>\n<div><span style=\"font-size: 12px;\">\u00a0 San\u0131ld\u0131\u011f\u0131n\u0131n aksine bu\u011fday ekiminin ge\u00e7mi\u015f y\u0131llarda oldu\u011fu gibi yine devam etti\u011finin alt\u0131n\u0131 \u00e7izen G\u00fcldal, sadece \u00fcr\u00fcnden \u00fcr\u00fcne ge\u00e7i\u015fler oldu\u011funu, \u00fcreticinin daha verimli, daha y\u00fcksek geliri olacak \u00fcr\u00fcnleri tercih edebildi\u011fini kaydetti. Ekili\u015flerde tar\u0131msal \u00fcr\u00fcn planlamas\u0131n\u0131n, sulaman\u0131n, \u00fcr\u00fcn fiyatlar\u0131n\u0131n, pazarlama kolayl\u0131klar\u0131n\u0131n \u00e7ift\u00e7i tercihlerinde rol oynad\u0131\u011f\u0131n\u0131 vurgulayan G\u00fcldal, \u015f\u00f6yle devam etti: \u201cBir de buna m\u00fcnavebe sistemlerinin uygulanmas\u0131 mecburiyeti eklendi. Bakanl\u0131\u011f\u0131m\u0131z baz\u0131 \u00fcr\u00fcnlerde 2 y\u0131l-3 y\u0131l m\u00fcnavebe \u015fart\u0131 getirdi. Bu, toprak verimlili\u011fi i\u00e7in \u00f6nemli. Haliyle hem destekleme miktarlar\u0131n\u0131n hem al\u0131m fiyatlar\u0131n\u0131n hem de m\u00fcnavebe \u015fartlar\u0131n\u0131n bir araya geldi\u011fi noktada, T\u00fcrkiye\u2019nin verimli tar\u0131m arazileri zaten \u00e7ok bo\u015f kalm\u0131yor ama \u00fcr\u00fcnden \u00fcr\u00fcne ge\u00e7i\u015fler oluyor. Bu ge\u00e7i\u015flerde de \u00e7ift\u00e7i tercihlerini biz bakanl\u0131\u011f\u0131n ve TMO\u2019nun ihtiya\u00e7 g\u00f6rd\u00fc\u011f\u00fc bir planlamayla d\u00fczenlemek istiyoruz. 2020 y\u0131l\u0131nda daha dengeli bir \u00fcretim olaca\u011f\u0131n\u0131 tahmin etmekteyiz.\u201d\u00a0<\/span><\/div>\n<div><span style=\"font-size: 12px;\">\u00a0<\/span><\/div>\n<div><span style=\"font-size: 12px;\">\u00a0 \u201cAl\u0131m fiyatlar\u0131n\u0131 bu y\u0131l da hasat \u00f6ncesi a\u00e7\u0131klayaca\u011f\u0131z\u201d\u00a0<\/span><\/div>\n<div><span style=\"font-size: 12px;\">\u00a0 Bu y\u0131lki al\u0131mlarla ilgili \u00fcreticilere bir de m\u00fcjde veren G\u00fcldal, \u201cAl\u0131m fiyatlar\u0131n\u0131 bu y\u0131l da hasat \u00f6ncesi a\u00e7\u0131klayaca\u011f\u0131z\u201d diyerek, \u015funlar\u0131 s\u00f6yledi:\u00a0<\/span><\/div>\n<div><span style=\"font-size: 12px;\">\u00a0 \u201cBiz TMO olarak 2019\u2019da uygulad\u0131\u011f\u0131m\u0131z hasat d\u00f6neminden \u00f6nce fiyat a\u00e7\u0131klama, al\u0131m garantisi verme ve t\u00fcm noktalarda tesislerimizin a\u00e7\u0131k olaca\u011f\u0131n\u0131 ifade ediyoruz. Yapaca\u011f\u0131m\u0131z fiyatland\u0131rmada da \u00f6zellikle \u00fcreticinin ger\u00e7ekten o \u00fcr\u00fcn\u00fc ekti\u011fine memnun olaca\u011f\u0131 bir fiyat olu\u015fturaca\u011f\u0131m\u0131z\u0131, maliyetleri, enflasyonu, i\u00e7 piyasa ve d\u0131\u015f piyasa fiyatlar\u0131n\u0131 dikkate alaca\u011f\u0131m\u0131z\u0131 ve \u00fcreticinin tar\u0131mdaki s\u00fcrd\u00fcr\u00fclebilir faaliyetinin devam etmesi i\u00e7in \u015fu anda te\u015fvik edici bir fiyatland\u0131rma haz\u0131rl\u0131\u011f\u0131 yapt\u0131\u011f\u0131m\u0131z\u0131 s\u00f6yleyebilirim.\u201d\u00a0<\/span><\/div>\n","protected":false},"excerpt":{"rendered":"<p>Toprak Mahsulleri Ofisi (TMO) Y\u00f6netim Kurulu Ba\u015fkan\u0131 ve Genel M\u00fcd\u00fcr\u00fc Ahmet G\u00fcldal, \u00fcreticiye m\u00fcjde vererek, ge\u00e7en y\u0131l uygulamaya ba\u015flad\u0131klar\u0131 hasat \u00f6ncesi fiyat a\u00e7\u0131klama uygulamas\u0131n\u0131 bu y\u0131l da yapacaklar\u0131n\u0131 belirterek, \u201c\u00d6zellikle &hellip; <a href=\"https:\/\/mersinekonomipolitikagazetesi.com\/?p=5810\" class=\"more-link\">Devam\u0131n\u0131 Oku&#8230;<\/a><\/p>\n","protected":false},"author":1,"featured_media":0,"comment_status":"open","ping_status":"open","sticky":false,"template":"","format":"standard","meta":[],"categories":[],"tags":[],"_links":{"self":[{"href":"https:\/\/mersinekonomipolitikagazetesi.com\/index.php?rest_route=\/wp\/v2\/posts\/5810"}],"collection":[{"href":"https:\/\/mersinekonomipolitikagazetesi.com\/index.php?rest_route=\/wp\/v2\/posts"}],"about":[{"href":"https:\/\/mersinekonomipolitikagazetesi.com\/index.php?rest_route=\/wp\/v2\/types\/post"}],"author":[{"embeddable":true,"href":"https:\/\/mersinekonomipolitikagazetesi.com\/index.php?rest_route=\/wp\/v2\/users\/1"}],"replies":[{"embeddable":true,"href":"https:\/\/mersinekonomipolitikagazetesi.com\/index.php?rest_route=%2Fwp%2Fv2%2Fcomments&post=5810"}],"version-history":[{"count":0,"href":"https:\/\/mersinekonomipolitikagazetesi.com\/index.php?rest_route=\/wp\/v2\/posts\/5810\/revisions"}],"wp:attachment":[{"href":"https:\/\/mersinekonomipolitikagazetesi.com\/index.php?rest_route=%2Fwp%2Fv2%2Fmedia&parent=5810"}],"wp:term":[{"taxonomy":"category","embeddable":true,"href":"https:\/\/mersinekonomipolitikagazetesi.com\/index.php?rest_route=%2Fwp%2Fv2%2Fcategories&post=5810"},{"taxonomy":"post_tag","embeddable":true,"href":"https:\/\/mersinekonomipolitikagazetesi.com\/index.php?rest_route=%2Fwp%2Fv2%2Ftags&post=5810"}],"curies":[{"name":"wp","href":"https:\/\/api.w.org\/{rel}","templated":true}]}}