{"id":5815,"date":"2020-11-04T18:26:15","date_gmt":"2020-11-04T15:26:15","guid":{"rendered":"http:\/\/mersinekonomipolitikagazetesi.com\/?p=5815"},"modified":"2020-11-04T18:26:15","modified_gmt":"2020-11-04T15:26:15","slug":"avukatlik-mesleginin-sorunlari-ve-cozum-yollari-calistayi-mersinde-yapildi","status":"publish","type":"post","link":"https:\/\/mersinekonomipolitikagazetesi.com\/?p=5815","title":{"rendered":"&#8216;Avukatl\u0131k mesle\u011finin sorunlar\u0131 ve \u00e7\u00f6z\u00fcm yollar\u0131\u2019 \u00e7al\u0131\u015ftay\u0131 Mersin&#8217;de yap\u0131ld\u0131"},"content":{"rendered":"<div><span style=\"font-size: 12px;\">Mersin Barosu Avukat Haklar\u0131 Merkezi taraf\u0131ndan d\u00fczenlenen \u2018Avukatl\u0131k mesle\u011finin sorunlar\u0131 ve \u00e7\u00f6z\u00fcm yollar\u0131&#8217; konulu \u00e7al\u0131\u015ftay, T\u00fcrkiye Barolar Birli\u011fi ile 27 baro temsilcisinin kat\u0131m\u0131yla yap\u0131ld\u0131.\u00a0 \u00a0<\/span><\/div>\n<div><span style=\"font-size: 12px;\">\u00a0 \u00dc\u00e7 ayr\u0131 \u00e7al\u0131\u015fma masas\u0131n\u0131n olu\u015fturuldu\u011fu \u00e7al\u0131\u015ftayda, \u2018Avukatl\u0131k mesle\u011finin ekonomik sorunlar\u0131 ve \u00e7\u00f6z\u00fcm yollar\u0131\u2019, \u2018Avukatl\u0131k mesle\u011finin icras\u0131 s\u0131ras\u0131nda ya\u015fanan hak ihlalleri, sorunlar ve \u00e7\u00f6z\u00fcm \u00f6nerileri\u2019, \u2018Avukatl\u0131k mesle\u011finde avukatlar aras\u0131 dayan\u0131\u015fma, avukatl\u0131k meslek kurallar\u0131, meslekte etik anlay\u0131\u015f\u0131n\u0131n mesle\u011fi icra edenlerce ihlal edilmesi sorunu ve \u00e7\u00f6z\u00fcm yollar\u0131\u2019 konular\u0131nda at\u00f6lye \u00e7al\u0131\u015fmas\u0131 yap\u0131ld\u0131.\u00a0<\/span><\/div>\n<div><span style=\"font-size: 12px;\">\u00a0 Mersin Barosu Ba\u015fkan\u0131 Bilgin Ye\u015filbo\u011faz, avukatl\u0131k mesle\u011finin, tarihin en eski mesleklerinden birisi oldu\u011funu belirterek, \u201cAvukatl\u0131k mesle\u011fi 1939 y\u0131l\u0131ndan bug\u00fcnlere, \u00fclkenin siyasal rejiminden kaynakl\u0131 kesintilerle ciddi erozyona u\u011frad\u0131 ama avukatlar hi\u00e7bir zaman m\u00fccadelelerinden vazge\u00e7mediler. Avukatlar, hem mesle\u011fin geli\u015fmesi hem de \u00fclkedeki demokratik, \u00f6zg\u00fcrl\u00fck\u00e7\u00fc ya\u015fam\u0131n geli\u015fmesi anlam\u0131nda \u00e7ok ciddi m\u00fccadeleler verdiler, ciddi bedeller \u00f6dediler&#8221; dedi.\u00a0<\/span><\/div>\n<div><span style=\"font-size: 12px;\">\u00a0 TBB Y\u00f6netim Kurulu ve Avukat Haklar\u0131 Merkez Koordinasyon \u00dcyesi G\u00fcltekin Uzunalio\u011flu ise Mersin Barosu taraf\u0131ndan d\u00fczenlenen \u00e7al\u0131\u015ftay\u0131n, avukat haklar\u0131 \u00e7al\u0131\u015ftaylar\u0131n\u0131n en verimlisi ve en kalitesi oldu\u011funu belirterek, &#8220;Meslek sorunlar\u0131m\u0131z konusunda biz hepimiz ayn\u0131 taraftay\u0131z. Kimse kimsenin rakibi de\u011fil. Meslek hayat\u0131ma ba\u015flad\u0131\u011f\u0131mda ayn\u0131 sorunlar\u0131m\u0131z\u0131n \u00e7o\u011fu vard\u0131. Zaman i\u00e7erisinde bir k\u0131sm\u0131 \u00e7\u00f6z\u00fcld\u00fc ama daha fazlas\u0131 da \u00fcst\u00fcne eklendi. Sorunlar\u0131m\u0131zda hala ayn\u0131 yerdeyiz. Bunun i\u00e7in birbirimizle \u00e7at\u0131\u015fmadan ayn\u0131 hedefe y\u00f6nelirsek, mesleki sorunlar\u0131m\u0131z\u0131 \u00e7\u00f6zece\u011fimize inan\u0131yoruz&#8221; diye konu\u015ftu.\u00a0<\/span><\/div>\n<div><span style=\"font-size: 12px;\">\u00a0 \u00c7al\u0131\u015ftay\u0131n sonu\u00e7 bildirgesinin \u00f6n\u00fcm\u00fczdeki s\u00fcre\u00e7te a\u00e7\u0131klanaca\u011f\u0131 bildirildi.\u00a0<\/span><\/div>\n","protected":false},"excerpt":{"rendered":"<p>Mersin Barosu Avukat Haklar\u0131 Merkezi taraf\u0131ndan d\u00fczenlenen \u2018Avukatl\u0131k mesle\u011finin sorunlar\u0131 ve \u00e7\u00f6z\u00fcm yollar\u0131&#8217; konulu \u00e7al\u0131\u015ftay, T\u00fcrkiye Barolar Birli\u011fi ile 27 baro temsilcisinin kat\u0131m\u0131yla yap\u0131ld\u0131.\u00a0 \u00a0 \u00a0 \u00dc\u00e7 ayr\u0131 \u00e7al\u0131\u015fma masas\u0131n\u0131n &hellip; <a href=\"https:\/\/mersinekonomipolitikagazetesi.com\/?p=5815\" class=\"more-link\">Devam\u0131n\u0131 Oku&#8230;<\/a><\/p>\n","protected":false},"author":1,"featured_media":0,"comment_status":"open","ping_status":"open","sticky":false,"template":"","format":"standard","meta":[],"categories":[],"tags":[],"_links":{"self":[{"href":"https:\/\/mersinekonomipolitikagazetesi.com\/index.php?rest_route=\/wp\/v2\/posts\/5815"}],"collection":[{"href":"https:\/\/mersinekonomipolitikagazetesi.com\/index.php?rest_route=\/wp\/v2\/posts"}],"about":[{"href":"https:\/\/mersinekonomipolitikagazetesi.com\/index.php?rest_route=\/wp\/v2\/types\/post"}],"author":[{"embeddable":true,"href":"https:\/\/mersinekonomipolitikagazetesi.com\/index.php?rest_route=\/wp\/v2\/users\/1"}],"replies":[{"embeddable":true,"href":"https:\/\/mersinekonomipolitikagazetesi.com\/index.php?rest_route=%2Fwp%2Fv2%2Fcomments&post=5815"}],"version-history":[{"count":0,"href":"https:\/\/mersinekonomipolitikagazetesi.com\/index.php?rest_route=\/wp\/v2\/posts\/5815\/revisions"}],"wp:attachment":[{"href":"https:\/\/mersinekonomipolitikagazetesi.com\/index.php?rest_route=%2Fwp%2Fv2%2Fmedia&parent=5815"}],"wp:term":[{"taxonomy":"category","embeddable":true,"href":"https:\/\/mersinekonomipolitikagazetesi.com\/index.php?rest_route=%2Fwp%2Fv2%2Fcategories&post=5815"},{"taxonomy":"post_tag","embeddable":true,"href":"https:\/\/mersinekonomipolitikagazetesi.com\/index.php?rest_route=%2Fwp%2Fv2%2Ftags&post=5815"}],"curies":[{"name":"wp","href":"https:\/\/api.w.org\/{rel}","templated":true}]}}