{"id":5818,"date":"2020-11-04T18:26:15","date_gmt":"2020-11-04T15:26:15","guid":{"rendered":"http:\/\/mersinekonomipolitikagazetesi.com\/?p=5818"},"modified":"2020-11-04T18:26:15","modified_gmt":"2020-11-04T15:26:15","slug":"mersinde-cicekciler-14-subat-sevgililer-gunu-icin-son-hazirliklarini-yapiyor","status":"publish","type":"post","link":"https:\/\/mersinekonomipolitikagazetesi.com\/?p=5818","title":{"rendered":"Mersin&#8217;de \u00e7i\u00e7ek\u00e7iler, 14 \u015eubat Sevgililer G\u00fcn\u00fc i\u00e7in son haz\u0131rl\u0131klar\u0131n\u0131 yap\u0131yor"},"content":{"rendered":"<div><span style=\"font-size: 12px;\">\u00a0Mersin&#8217;de \u00e7i\u00e7ek\u00e7iler, 14 \u015eubat Sevgililer G\u00fcn\u00fc i\u00e7in son haz\u0131rl\u0131klar\u0131n\u0131 yap\u0131yor. Kentteki mezatlarda yo\u011funluk ya\u015fan\u0131rken, sekt\u00f6r temsilcileri &#8216;korsan \u00e7i\u00e7ek\u00e7iler&#8217; konusunda yetkilileri g\u00f6reve \u00e7a\u011f\u0131rd\u0131. Mersin \u00c7i\u00e7ek\u00e7iler Esnaf ve Sanatkarla Odas\u0131 Ba\u015fkan\u0131 \u00d6mer \u015eahbudak, &#8220;Yerel y\u00f6netimler korsanlarla ilgili gereken b\u00fct\u00fcn \u00e7al\u0131\u015fmalar\u0131 yapmal\u0131lar&#8221; dedi.\u00a0\u00a0<\/span><\/div>\n<div><span style=\"font-size: 12px;\">\u00a0 Her y\u0131l oldu\u011fu gibi bu y\u0131l da \u00e7i\u00e7ek\u00e7iler Sevgililer G\u00fcn\u00fc&#8217;nden umutlu. 4 g\u00fcn sonra kutlanacak Sevgililer G\u00fcn\u00fc dolay\u0131s\u0131yla Mersin\u2019deki \u00e7i\u00e7ek\u00e7i esnaf\u0131 da haz\u0131rl\u0131klar\u0131na h\u0131z verdi. Art\u0131k son haz\u0131rl\u0131klar\u0131n\u0131 yapan \u00e7i\u00e7ek\u00e7iler, birbirini seven insanlar\u0131 bekliyor.\u00a0 T\u00fcrkiye genelinde 18 \u015fubesi bulunan S\u0131n\u0131rl\u0131 Sorumlu Flora \u00c7i\u00e7ek\u00e7ilik \u00dcretim ve Pazarlama Kooperatifi&#8217;nin Toroslar il\u00e7esindeki \u015fubesinde de Sevgililer G\u00fcn\u00fc \u00f6ncesi sat\u0131\u015flar artt\u0131. Kooperatif binas\u0131nda d\u00fczenlenen mezatlarda sat\u0131\u015flar a\u00e7\u0131k art\u0131rma usul\u00fc yap\u0131l\u0131rken, \u00e7i\u00e7ek\u00e7iler \u00fcr\u00fcnleri almak i\u00e7in birbirleriyle yar\u0131\u015fa giriyor.\u00a0<\/span><\/div>\n<div><span style=\"font-size: 12px;\">\u00a0<\/span><\/div>\n<div><span style=\"font-size: 12px;\">\u00a0 &#8220;\u00c7i\u00e7eklerimiz o g\u00fcn uygun fiyata \u00e7i\u00e7eklerini satacaklard\u0131r&#8221;\u00a0<\/span><\/div>\n<div><span style=\"font-size: 12px;\">\u00a0 Mersin \u00c7i\u00e7ek\u00e7iler Esnaf ve Sanatkarla Odas\u0131 Ba\u015fkan\u0131 \u00d6mer \u015eahbudak, 1 ay \u00f6n \u00f6ncesinden Sevgililer G\u00fcn\u00fc heyecan\u0131n\u0131n kendilerini sard\u0131\u011f\u0131n\u0131 belirterek, &#8220;\u015eu anda mezat ihale salonunda heyecan ya\u015fan\u0131yor. T\u00fcm esnaf\u0131m\u0131z har\u0131l har\u0131l Sevgililer G\u00fcn\u00fc haz\u0131rl\u0131klar\u0131n\u0131 yap\u0131yor. B\u00f6lgemiz \u00f6zellikle g\u00fcl konusunda \u00fcretim merkezi. T\u00fcrkiye&#8217;de g\u00fcl\u00fcn y\u00fczde 60&#8217;\u0131 \u00c7ukurova b\u00f6lgesinde \u00fcretilmektedir. Tabi ki Sevgililer G\u00fcn\u00fc beklentimiz \u00e7ok y\u00fcksek. \u00c7\u00fcnk\u00fc talebin en y\u00fcksek oldu\u011fu g\u00fcnlerden birg\u00fcn. Tabi lokomotif g\u00fcl ba\u015f\u0131 \u00e7eker. Bunun d\u0131\u015f\u0131nda da orkide son 5-6 y\u0131ld\u0131r \u00e7ok reva\u00e7ta bir \u00e7i\u00e7ek oldu. Bu \u00e7i\u00e7ekleri de ortalama di\u011fer \u00e7e\u015fitlerimiz sat\u0131\u015f g\u00f6r\u00fcyor. Biz \u00e7i\u00e7ek tedarikini yaparken ihale usul\u00fcyle mezattan al\u0131yoruz. O y\u00fczden fiyatlar\u0131 arz ve talep meselesi belirliyor. Normalde g\u00fcnde bir \u00e7i\u00e7ek\u00e7i d\u00fckkan\u0131 100 adet g\u00fcl al\u0131rken, o g\u00fcn i\u00e7in bin 500, 2 bin gibi adetleri tedarik etmek durumunda. Ondan dolay\u0131 da bu tedarik miktar\u0131 ne kadar yukar\u0131lara giderse fiyatlar da o kadar y\u00fckseliyor. Bu ister istemez fiyatlar\u0131n yukar\u0131ya \u00e7\u0131kmas\u0131 anlam\u0131na gelir. Ancak t\u00fcm esnaf\u0131m\u0131z bir g\u00fcn i\u00e7in b\u00f6yle anormal derecede fiyatlar\u0131 y\u00fckseltmeyecek. Girdi maliyetleri ne kadar y\u00fcksek olsa da \u00e7i\u00e7ek\u00e7ilerimiz o g\u00fcn i\u00e7in Mersin halk\u0131na uygun fiyata \u00e7i\u00e7ek verecekler. O y\u00f6nde hi\u00e7bir s\u0131k\u0131nt\u0131s\u0131 olmas\u0131n&#8221; diye konu\u015ftu.\u00a0\u00a0<\/span><\/div>\n<div><span style=\"font-size: 12px;\">\u00a0<\/span><\/div>\n<div><span style=\"font-size: 12px;\">\u00a0 &#8220;Korsanla ilgili gereken b\u00fct\u00fcn \u00e7al\u0131\u015fmalar\u0131n yap\u0131lmas\u0131n\u0131 istiyoruz&#8221;\u00a0<\/span><\/div>\n<div><span style=\"font-size: 12px;\">\u00a0 Korsan \u00e7i\u00e7ek\u00e7ilere y\u00f6nelik de yerel y\u00f6netimlere \u00e7a\u011fr\u0131 yapan \u015eahbudak, &#8220;Esnaf\u0131m\u0131z devlete kar\u015f\u0131 b\u00fct\u00fcn g\u00f6revlerini yerine getiriyor. Bunlar\u0131 da vatanda\u015flar\u0131m\u0131z\u0131n g\u00f6z ard\u0131 etmemesi gerekiyor. Buradan da yerel y\u00f6netimlere bir \u00e7a\u011fr\u0131 yapmak istiyor. Korsanla ilgili gereken b\u00fct\u00fcn \u00e7al\u0131\u015fmalar\u0131 yapmalar\u0131n\u0131 istiyoruz. Esnaf\u0131m\u0131z\u0131n en b\u00fcy\u00fck sorunu olan seyyara izin verilmemesini istiyor. Bu bizim kanayan yaram\u0131z. Burada halk\u0131m\u0131z\u0131n da \u00e7ok bilin\u00e7li olmas\u0131 laz\u0131m. Devletin b\u00fct\u00fcn vecibelerini yerine getiren esnaflar\u0131m\u0131za destek olmalar\u0131 laz\u0131m. \u00c7i\u00e7e\u011fi \u00e7i\u00e7ek\u00e7iden almalar\u0131 laz\u0131m, seyyardan de\u011fil. \u00c7i\u00e7ek \u00e7i\u00e7ek\u00e7iden al\u0131n\u0131r. \u0130nsanlar\u0131n da bu konuda duyarl\u0131 olaca\u011f\u0131n\u0131 d\u00fc\u015f\u00fcn\u00fcyorum. Bu konuda bizlere destek verirlerse bizi mutlu ederler. T\u00fcm seven ve sevilenlerin Sevgiler G\u00fcn\u00fc\u2019n\u00fc kutluyorum\u201d ifadelerini kulland\u0131.\u00a0<\/span><\/div>\n","protected":false},"excerpt":{"rendered":"<p>\u00a0Mersin&#8217;de \u00e7i\u00e7ek\u00e7iler, 14 \u015eubat Sevgililer G\u00fcn\u00fc i\u00e7in son haz\u0131rl\u0131klar\u0131n\u0131 yap\u0131yor. Kentteki mezatlarda yo\u011funluk ya\u015fan\u0131rken, sekt\u00f6r temsilcileri &#8216;korsan \u00e7i\u00e7ek\u00e7iler&#8217; konusunda yetkilileri g\u00f6reve \u00e7a\u011f\u0131rd\u0131. Mersin \u00c7i\u00e7ek\u00e7iler Esnaf ve Sanatkarla Odas\u0131 Ba\u015fkan\u0131 \u00d6mer &hellip; <a href=\"https:\/\/mersinekonomipolitikagazetesi.com\/?p=5818\" class=\"more-link\">Devam\u0131n\u0131 Oku&#8230;<\/a><\/p>\n","protected":false},"author":1,"featured_media":0,"comment_status":"open","ping_status":"open","sticky":false,"template":"","format":"standard","meta":[],"categories":[],"tags":[],"_links":{"self":[{"href":"https:\/\/mersinekonomipolitikagazetesi.com\/index.php?rest_route=\/wp\/v2\/posts\/5818"}],"collection":[{"href":"https:\/\/mersinekonomipolitikagazetesi.com\/index.php?rest_route=\/wp\/v2\/posts"}],"about":[{"href":"https:\/\/mersinekonomipolitikagazetesi.com\/index.php?rest_route=\/wp\/v2\/types\/post"}],"author":[{"embeddable":true,"href":"https:\/\/mersinekonomipolitikagazetesi.com\/index.php?rest_route=\/wp\/v2\/users\/1"}],"replies":[{"embeddable":true,"href":"https:\/\/mersinekonomipolitikagazetesi.com\/index.php?rest_route=%2Fwp%2Fv2%2Fcomments&post=5818"}],"version-history":[{"count":0,"href":"https:\/\/mersinekonomipolitikagazetesi.com\/index.php?rest_route=\/wp\/v2\/posts\/5818\/revisions"}],"wp:attachment":[{"href":"https:\/\/mersinekonomipolitikagazetesi.com\/index.php?rest_route=%2Fwp%2Fv2%2Fmedia&parent=5818"}],"wp:term":[{"taxonomy":"category","embeddable":true,"href":"https:\/\/mersinekonomipolitikagazetesi.com\/index.php?rest_route=%2Fwp%2Fv2%2Fcategories&post=5818"},{"taxonomy":"post_tag","embeddable":true,"href":"https:\/\/mersinekonomipolitikagazetesi.com\/index.php?rest_route=%2Fwp%2Fv2%2Ftags&post=5818"}],"curies":[{"name":"wp","href":"https:\/\/api.w.org\/{rel}","templated":true}]}}