{"id":5819,"date":"2020-11-04T18:26:15","date_gmt":"2020-11-04T15:26:15","guid":{"rendered":"http:\/\/mersinekonomipolitikagazetesi.com\/?p=5819"},"modified":"2020-11-04T18:26:15","modified_gmt":"2020-11-04T15:26:15","slug":"akdeniz-belediyesinin-mahallelerdeki-asfalt-calismalari-suruyor","status":"publish","type":"post","link":"https:\/\/mersinekonomipolitikagazetesi.com\/?p=5819","title":{"rendered":"Akdeniz Belediyesi&#8217;nin mahallelerdeki asfalt \u00e7al\u0131\u015fmalar\u0131 s\u00fcr\u00fcyor"},"content":{"rendered":"<div><span style=\"font-size: 12px;\">\u00a0Akdeniz Belediyesi Fen \u0130\u015fleri M\u00fcd\u00fcrl\u00fc\u011f\u00fc ekipleri, il\u00e7e sakinlerine daha temiz, sa\u011fl\u0131kl\u0131 ve g\u00fcvenli bir kent ya\u015fam\u0131 sunmak amac\u0131yla hava ko\u015fullar\u0131n\u0131n uygun oldu\u011fu g\u00fcnlerde, hizmet mesaisine ara vermeden devam ediyor.\u00a0 \u00a0<\/span><\/div>\n<div><span style=\"font-size: 12px;\">\u00a0 Bu kapsamda Karacailyas Mahallesi\u2019nde \u00e7al\u0131\u015fma ba\u015flatan Fen \u0130\u015fleri ekipleri, burada yap\u0131lacak asfalt kaplama hizmeti \u00f6ncesinde, i\u015f makineleri yard\u0131m\u0131yla zaman i\u00e7inde eskiyen asfalt ve kald\u0131r\u0131mlar\u0131 s\u00f6kme i\u015flemi ger\u00e7ekle\u015ftiriyor. Ekipler, s\u00f6k\u00fcm \u00e7al\u0131\u015fmalar\u0131n\u0131n bitmesinin hemen ard\u0131ndan da mahallenin kald\u0131r\u0131mlar\u0131n\u0131 yenileyecek ve sokaklar\u0131 asfaltla kaplayacak.\u00a0<\/span><\/div>\n<div><span style=\"font-size: 12px;\">\u00a0 \u201cAkdeniz\u2019i de\u011fi\u015ftiren hizmetlerimiz devam edecek\u201d\u00a0<\/span><\/div>\n<div><span style=\"font-size: 12px;\">\u00a0 Akdeniz Belediye Ba\u015fkan\u0131 Mustafa G\u00fcltak, merkez-k\u0131rsal ay\u0131r\u0131m\u0131 yapmadan herkese e\u015fit ve kaliteli hizmet sunmak i\u00e7in gayret g\u00f6sterdiklerinin alt\u0131n\u0131 \u00e7izdi. G\u00fcltak, kent merkezi ve k\u0131rsal mahallelerin belediyecilik hizmetleri anlam\u0131ndaki eksiklerini gidermek i\u00e7in fen i\u015fleri ekiplerini, personel ve ara\u00e7-gere\u00e7 anlam\u0131nda g\u00fc\u00e7lendirdiklerini belirtti. G\u00fcltak, \u201cAkdeniz s\u0131n\u0131rlar\u0131 i\u00e7erisinde ya\u015fayan t\u00fcm vatanda\u015flar\u0131m\u0131z\u0131n daha iyi, temiz, sa\u011fl\u0131kl\u0131 ve g\u00fcvenli ko\u015fullarda g\u00fcnl\u00fck ya\u015famlar\u0131n\u0131 idame ettirebilmesi i\u00e7in ihtiya\u00e7 duyulan hizmetleri, proje ve \u00e7al\u0131\u015fmalar\u0131 insanlar\u0131m\u0131za ve mahallelerimize sunmak i\u00e7in, belirlenen plan ve program dahilinde aral\u0131ks\u0131z \u00e7al\u0131\u015f\u0131yoruz. \u00d6zellikle ge\u00e7mi\u015f y\u0131llarda en temel belediyecilik hizmetlerinden dahi mahrum b\u0131rak\u0131lan mahallelerimize y\u00f6nelik hizmetlerimiz daha da yo\u011funla\u015facak&#8221; dedi.\u00a0<\/span><\/div>\n","protected":false},"excerpt":{"rendered":"<p>\u00a0Akdeniz Belediyesi Fen \u0130\u015fleri M\u00fcd\u00fcrl\u00fc\u011f\u00fc ekipleri, il\u00e7e sakinlerine daha temiz, sa\u011fl\u0131kl\u0131 ve g\u00fcvenli bir kent ya\u015fam\u0131 sunmak amac\u0131yla hava ko\u015fullar\u0131n\u0131n uygun oldu\u011fu g\u00fcnlerde, hizmet mesaisine ara vermeden devam ediyor.\u00a0 \u00a0 &hellip; <a href=\"https:\/\/mersinekonomipolitikagazetesi.com\/?p=5819\" class=\"more-link\">Devam\u0131n\u0131 Oku&#8230;<\/a><\/p>\n","protected":false},"author":1,"featured_media":0,"comment_status":"open","ping_status":"open","sticky":false,"template":"","format":"standard","meta":[],"categories":[],"tags":[],"_links":{"self":[{"href":"https:\/\/mersinekonomipolitikagazetesi.com\/index.php?rest_route=\/wp\/v2\/posts\/5819"}],"collection":[{"href":"https:\/\/mersinekonomipolitikagazetesi.com\/index.php?rest_route=\/wp\/v2\/posts"}],"about":[{"href":"https:\/\/mersinekonomipolitikagazetesi.com\/index.php?rest_route=\/wp\/v2\/types\/post"}],"author":[{"embeddable":true,"href":"https:\/\/mersinekonomipolitikagazetesi.com\/index.php?rest_route=\/wp\/v2\/users\/1"}],"replies":[{"embeddable":true,"href":"https:\/\/mersinekonomipolitikagazetesi.com\/index.php?rest_route=%2Fwp%2Fv2%2Fcomments&post=5819"}],"version-history":[{"count":0,"href":"https:\/\/mersinekonomipolitikagazetesi.com\/index.php?rest_route=\/wp\/v2\/posts\/5819\/revisions"}],"wp:attachment":[{"href":"https:\/\/mersinekonomipolitikagazetesi.com\/index.php?rest_route=%2Fwp%2Fv2%2Fmedia&parent=5819"}],"wp:term":[{"taxonomy":"category","embeddable":true,"href":"https:\/\/mersinekonomipolitikagazetesi.com\/index.php?rest_route=%2Fwp%2Fv2%2Fcategories&post=5819"},{"taxonomy":"post_tag","embeddable":true,"href":"https:\/\/mersinekonomipolitikagazetesi.com\/index.php?rest_route=%2Fwp%2Fv2%2Ftags&post=5819"}],"curies":[{"name":"wp","href":"https:\/\/api.w.org\/{rel}","templated":true}]}}