{"id":5820,"date":"2020-11-04T18:26:15","date_gmt":"2020-11-04T15:26:15","guid":{"rendered":"http:\/\/mersinekonomipolitikagazetesi.com\/?p=5820"},"modified":"2020-11-04T18:26:15","modified_gmt":"2020-11-04T15:26:15","slug":"akkuyu-nukleer-santraline-yonelik-elestiriler-bitmiyor-bolgeden-kotu-kokular-yukseliyor","status":"publish","type":"post","link":"https:\/\/mersinekonomipolitikagazetesi.com\/?p=5820","title":{"rendered":"AKKUYU N\u00dcKLEER SANTRAL\u0130\u2019NE Y\u00d6NEL\u0130K ELE\u015eT\u0130R\u0130LER B\u0130TM\u0130YOR     \u201cB\u00d6LGEDEN K\u00d6T\u00dc KOKULAR Y\u00dcKSEL\u0130YOR\u201d"},"content":{"rendered":"<div><span style=\"font-size: 12px;\">N\u00fckleer Kar\u015f\u0131t\u0131 Platform (NKP) Akkuyu N\u00fckleer Santrali ile ilgili bas\u0131n a\u00e7\u0131klamas\u0131nda bulundu. NKP s\u00f6zc\u00fcs\u00fc Aycan \u00d6zkan, \u201cA\u00e7\u0131klamam\u0131z \u2018Yalan\u0131n bedelinin ne kadar\u2019 \u00fczerinedir. N\u00fckleer yalanlara kar\u015f\u0131 do\u011fal yalanlar\u0131 dile getiriyoruz.\u201d dedi.<\/span><\/div>\n<div>\u00a0<\/div>\n<div><span style=\"font-size: 12px;\">Mersin Gazeteciler Cemiyeti\u2019nde bas\u0131n a\u00e7\u0131klamas\u0131 ger\u00e7ekle\u015ftiren NKP ge\u00e7ti\u011fimiz g\u00fcnlerde Rosatom\u2019un bas\u0131n \u00e7al\u0131\u015fanlar\u0131na y\u00f6nelik yapt\u0131\u011f\u0131 bilgilendirme seminerini ele\u015ftirdi.<\/span><\/div>\n<div>\u00a0<\/div>\n<div><span style=\"font-size: 12px;\">NKP s\u00f6zc\u00fcs\u00fc Aycan \u00d6zkan, \u201cAkkuyu N\u00fckleer A.\u015e.\u2019ye ve Rosatom\u2019a, yerli ve milli ta\u015feronlara soruyoruz, yalanlar\u0131n\u0131z\u0131n bedelinin ne kadar oldu\u011funu hesaplad\u0131n\u0131z m\u0131? Yerli, milli, yabanc\u0131lar n\u00fckleer santral sermayedarlar\u0131 ve siyasi iktidar durup dinlenmeksizin ger\u00e7eklerin \u00fcst\u00fcn\u00fc \u00f6rterek halk\u0131m\u0131z\u0131n do\u011frular\u0131 alg\u0131lamas\u0131n\u0131 engellemeye \u00e7abal\u0131yorlar.\u201d diye konu\u015ftu.<\/span><\/div>\n<div>\u00a0<\/div>\n<div><span style=\"font-size: 12px;\">\u00a0<\/span><\/div>\n<div>\u00a0<\/div>\n<div><span style=\"font-size: 12px;\">\u201cYalan de\u011fil, kuyruklu yalan\u201d<\/span><\/div>\n<div>\u00a0<\/div>\n<div><span style=\"font-size: 12px;\">Rosatom, Akkuyu N\u00fckleer A.\u015e. ile ortaklar\u0131n\u0131n yalan ve uydurma oldu\u011funu iddia ettikleri kampanyalar\u0131n s\u0131kla\u015ft\u0131\u011f\u0131n\u0131 belirten \u00d6zkan, \u201cAkkuyu N\u00fckleer A.\u015e Yap\u0131 \u0130\u015fleri Direkt\u00f6r\u00fc Sergey Butskikh diyor ki, \u2018Bizim in\u015fa etmekte oldu\u011fumuz bu tesis b\u00f6lgeye uyum sa\u011flayacak g\u00fczel eser olacak. Buradaki k\u0131y\u0131 yap\u0131s\u0131n\u0131 bozmadan tesisler in\u015fa etmeye \u00e7al\u0131\u015f\u0131yoruz do\u011fay\u0131 bozmadan, bu tesisi oturtmaya ve faaliyete ge\u00e7irmeye gayret ediyoruz.\u2019 Halk\u0131m\u0131z derki iki \u00e7e\u015fit yalan vard\u0131r. Yalan ve Kuyruklu yalan. Yap\u0131lan \u00e7al\u0131\u015fmalara ra\u011fmen halk\u0131m\u0131z n\u00fckleercilerin s\u00f6zlerinin kuyruklu yalan oldu\u011funu alg\u0131l\u0131yor.\u201d ifadelerini kulland\u0131<\/span><\/div>\n<div>\u00a0<\/div>\n<div><span style=\"font-size: 12px;\">\u201cB\u00f6lgeden k\u00f6t\u00fc kokular y\u00fckseliyor\u201d<\/span><\/div>\n<div>\u00a0<\/div>\n<div><span style=\"font-size: 12px;\">Ayr\u0131ca Akkuyu N\u00fckleer A.\u015e. ile \u0130\u00e7ta\u015f, Mehmet Cengiz, Mefa ta\u015feronlar\u0131n\u0131n do\u011fay\u0131 yakt\u0131klar\u0131n\u0131 belirten \u00d6zkan, \u201cAkkuyu\u2019nun in\u015faat \u00f6ncesi foto\u011fraflar\u0131 ile bug\u00fcnk\u00fc g\u00f6r\u00fcnt\u00fcleri g\u00f6renler alg\u0131l\u0131yor. Saha zemini haz\u0131rlanmas\u0131 i\u00e7in\u00a0 yap\u0131lan 1-2-3 \u015fiddetinde yer sars\u0131nt\u0131lar\u0131na neden olan ma\u011fara patlamalar\u0131 ile Akdeniz foklar\u0131n\u0131n, yunuslar\u0131n, deniz kaplumba\u011falar\u0131n\u0131n ya\u015fam alan\u0131 ma\u011faralar\u0131 yok edenler do\u011fay\u0131 korumaktan s\u00f6z ediyorlar. Gelen g\u00f6r\u00fcnt\u00fcler i\u015f\u00e7i konteynerlerinin bulundu\u011fu alandaki kanalizasyonun, kirli, at\u0131k sular\u0131n olu\u015fturdu\u011fu g\u00f6lc\u00fckleri g\u00f6steriyor. B\u00f6lgeden k\u00f6t\u00fc kokular y\u00fckseliyor.\u201d diye vurgulad\u0131.<\/span><\/div>\n<div>\u00a0<\/div>\n<div><span style=\"font-size: 12px;\">\u00a0<\/span><\/div>\n<div>\u00a0<\/div>\n<div><span style=\"font-size: 12px;\">\u201cMaliyeti 18 milyar dolardan 44 milyar dolara \u00e7\u0131k\u0131yordu\u201d<\/span><\/div>\n<div>\u00a0<\/div>\n<div>\u00a0<\/div>\n<div><span style=\"font-size: 12px;\">Akkuyu N\u00fckleer A.\u015e yetkilileri santral ve reakt\u00f6r\u00fcn g\u00fcvenlik \u015fartlar\u0131n\u0131 yerine getirdiklerini iddia ettiklerini belitten \u00d6zkan, \u201cOysa biliyoruz ki Mitsubishi \u015eirketi 4480 mega volt g\u00fcc\u00fcndeki Sinop N\u00fckleer Santral Projesinden \u00e7ekildi. \u00c7\u00fcnk\u00fc Fuki\u015fima Felaketinden sonra Japonya Devleti n\u00fckleer santral g\u00fcvenlik standartlar\u0131n\u0131 y\u00fckseltmi\u015fti . Bu taktirde Sinop Projesinin maliyeti 18 milyar dolardan 44 milyar dolara \u00e7\u0131k\u0131yordu.\u201d diyerek ele\u015ftirdi<\/span><\/div>\n<div>\u00a0<\/div>\n<div><span style=\"font-size: 12px;\">\u201c\u0130thal n\u00fckleer at\u0131klar\u0131 b\u00f6lgede depolanacak\u201d<\/span><\/div>\n<div>\u00a0<\/div>\n<div><span style=\"font-size: 12px;\">N\u00fckleer santrallerin g\u00fcvensiz olduklar\u0131n\u0131 vurgulayan NKP s\u00f6zc\u00fcs\u00fc \u00d6zkan, \u201c4800 mw g\u00fcc\u00fcndeki Akkuyu N\u00fckleer Santrali\u2019nin 22 milyar dolarl\u0131k maliyetinde art\u0131\u015f olmamas\u0131 g\u00fcvenlik standartlar\u0131n\u0131n Fuku\u015fima \u00f6ncesi oldu\u011funu g\u00f6stermektedir. A\u00e7\u0131klamalarda radyoaktif at\u0131klar\u0131n \u2018ge\u00e7ici olarak\u2019 sahada depolanaca\u011f\u0131, radyoaktif at\u0131klar\u0131n y\u00f6netimi konusunda T\u00fcrkiye mevzuat\u0131n\u0131n g\u00fcncelle\u015ftirme s\u00fcrecinde oldu\u011fu, kullan\u0131lan n\u00fckleer at\u0131klar\u0131n i\u015flenece\u011fi, reakt\u00f6rde tekrar kullanaca\u011f\u0131 Akkuyu\u2019da sahada depolanaca\u011f\u0131 ifade edilmektedir.\u201d diyerek b\u00f6lgede olu\u015fabilecek n\u00fckleer at\u0131klar\u0131n tehlike olu\u015fturaca\u011f\u0131na dikkat \u00e7ekti.<\/span><\/div>\n<div>\u00a0<\/div>\n<div><span style=\"font-size: 12px;\">\u201c\u0130\u015flerin yolunda gitmedi\u011fi ortada\u201d<\/span><\/div>\n<div>\u00a0<\/div>\n<div><span style=\"font-size: 12px;\">Rosatom\u2019un Akkuyu N\u00fckleer A.\u015e\u2019nin y\u00fczde 49 hissesine yerli ve yabanc\u0131, toptan m\u00fc\u015fteri arad\u0131\u011f\u0131n\u0131 belirten \u00d6zkan, \u201cYap\u0131lan bas\u0131n bilgilendirme semineri asl\u0131nda bir pazarlama \u00e7a\u011fr\u0131s\u0131d\u0131r. Bir finansman zorlu\u011fu ya\u015fad\u0131\u011f\u0131, \u2018gayret, sarf ediyoruz\u2019 ifadeleri ve \u015firket y\u00f6netimindeki s\u0131k de\u011fi\u015fimler i\u015flerin yolunda gitmedi\u011fini ortaya koymaktad\u0131r.\u201d diye konu\u015ftu.<\/span><\/div>\n<div>\u00a0<\/div>\n<div><span style=\"font-size: 12px;\">\u201cN\u00fckleeer santral istemiyoruz.\u201d<\/span><\/div>\n<div>\u00a0<\/div>\n<div><span style=\"font-size: 12px;\">Mersin N\u00fckleer Kar\u015f\u0131t\u0131 Platform olarak art\u0131k halk\u0131n aras\u0131nda ev ev dola\u015facaklar\u0131n\u0131 ve alanlarda bulunacaklar\u0131n\u0131 belirten \u00d6zkan, \u201cN\u00fckleer santral istemiyoruz. N\u00fckleercilere inat ya\u015fas\u0131n hayat\u201d diyerek konu\u015fmas\u0131n\u0131 tamamlad\u0131.<\/span><\/div>\n","protected":false},"excerpt":{"rendered":"<p>N\u00fckleer Kar\u015f\u0131t\u0131 Platform (NKP) Akkuyu N\u00fckleer Santrali ile ilgili bas\u0131n a\u00e7\u0131klamas\u0131nda bulundu. NKP s\u00f6zc\u00fcs\u00fc Aycan \u00d6zkan, \u201cA\u00e7\u0131klamam\u0131z \u2018Yalan\u0131n bedelinin ne kadar\u2019 \u00fczerinedir. N\u00fckleer yalanlara kar\u015f\u0131 do\u011fal yalanlar\u0131 dile getiriyoruz.\u201d dedi. &hellip; <a href=\"https:\/\/mersinekonomipolitikagazetesi.com\/?p=5820\" class=\"more-link\">Devam\u0131n\u0131 Oku&#8230;<\/a><\/p>\n","protected":false},"author":1,"featured_media":0,"comment_status":"open","ping_status":"open","sticky":false,"template":"","format":"standard","meta":[],"categories":[],"tags":[],"_links":{"self":[{"href":"https:\/\/mersinekonomipolitikagazetesi.com\/index.php?rest_route=\/wp\/v2\/posts\/5820"}],"collection":[{"href":"https:\/\/mersinekonomipolitikagazetesi.com\/index.php?rest_route=\/wp\/v2\/posts"}],"about":[{"href":"https:\/\/mersinekonomipolitikagazetesi.com\/index.php?rest_route=\/wp\/v2\/types\/post"}],"author":[{"embeddable":true,"href":"https:\/\/mersinekonomipolitikagazetesi.com\/index.php?rest_route=\/wp\/v2\/users\/1"}],"replies":[{"embeddable":true,"href":"https:\/\/mersinekonomipolitikagazetesi.com\/index.php?rest_route=%2Fwp%2Fv2%2Fcomments&post=5820"}],"version-history":[{"count":0,"href":"https:\/\/mersinekonomipolitikagazetesi.com\/index.php?rest_route=\/wp\/v2\/posts\/5820\/revisions"}],"wp:attachment":[{"href":"https:\/\/mersinekonomipolitikagazetesi.com\/index.php?rest_route=%2Fwp%2Fv2%2Fmedia&parent=5820"}],"wp:term":[{"taxonomy":"category","embeddable":true,"href":"https:\/\/mersinekonomipolitikagazetesi.com\/index.php?rest_route=%2Fwp%2Fv2%2Fcategories&post=5820"},{"taxonomy":"post_tag","embeddable":true,"href":"https:\/\/mersinekonomipolitikagazetesi.com\/index.php?rest_route=%2Fwp%2Fv2%2Ftags&post=5820"}],"curies":[{"name":"wp","href":"https:\/\/api.w.org\/{rel}","templated":true}]}}