{"id":5821,"date":"2020-11-04T18:26:15","date_gmt":"2020-11-04T15:26:15","guid":{"rendered":"http:\/\/mersinekonomipolitikagazetesi.com\/?p=5821"},"modified":"2020-11-04T18:26:15","modified_gmt":"2020-11-04T15:26:15","slug":"anadolu-ajansi-gelecek-100-yilin-habercisini-ariyor","status":"publish","type":"post","link":"https:\/\/mersinekonomipolitikagazetesi.com\/?p=5821","title":{"rendered":"Anadolu Ajans\u0131 Gelecek 100 y\u0131l\u0131n habercisini ar\u0131yor!"},"content":{"rendered":"<p><span style=\"color: rgb(34, 34, 34); font-family: Arial, Helvetica, sans-serif; font-size: small;\">Anadolu Ajans\u0131 100. y\u0131l\u0131na \u00f6zel \u0130leti\u015fim Fak\u00fcltesi Gazetecilik \u00f6\u011frencilerine y\u00f6nelik &#8216;Gelecek 100 Y\u0131l\u0131n Habercileri&#8217; adl\u0131 bir proje d\u00fczenledi. Mersin \u00dcniversitesi \u0130leti\u015fim Fak\u00fcltesi Gazetecilik b\u00f6l\u00fcm\u00fc \u00f6\u011frencileri Anadolu Ajans\u0131&#8217;n\u0131n muhabirleri taraf\u0131ndan 100. Y\u0131l\u0131na \u00f6zel d\u00fczenlenen bu proje hakk\u0131nda bilgilendirildi.<\/span><\/p>\n<p><br style=\"color: rgb(34, 34, 34); font-family: Arial, Helvetica, sans-serif; font-size: small;\" \/><br \/>\n<span style=\"color: rgb(34, 34, 34); font-family: Arial, Helvetica, sans-serif; font-size: small;\">Anadolu Ajans\u0131 Mersin muhabiri Mustafa \u00dcnal Uysal projenin nas\u0131l oldu\u011funu ve nas\u0131l ba\u015fvuruluca\u011f\u0131n\u0131\u00a0 belirterek, &#8220;Bu proje Ajans\u0131n 100. Y\u0131l\u0131 dolay\u0131s\u0131yla d\u00fczenlendi. \u0130leti\u015fim Fak\u00fcltesi \u00f6\u011frencileri hem bireysel hem ekip olarak haberlerini Ajansa g\u00f6nderebilecekler. Yakla\u015f\u0131k iki ayd\u0131r bu proje devam ediyor ve art\u0131k son g\u00fcnlerine geldi 14 \u015eubat&#8217;ta son bulucak. Bu projeye k\u00fclt\u00fcr-sanat, ekonomi, spor, bilim, teknoloji, ya\u015fam hikayeleri gibi alanlarda Anadolu Ajans\u0131n\u0131n resmi stesinden ba\u015fvurabilirsiniz. Haberleriniz belirli bir de\u011ferlendirmeden ge\u00e7tikten sonra sizin isminiz ve Fak\u00fcltenin ad\u0131 \u00f6n planda olacak bi\u00e7imde haber gazetede yay\u0131nlanacak.&#8221; dedi.\u00a0<\/span><br style=\"color: rgb(34, 34, 34); font-family: Arial, Helvetica, sans-serif; font-size: small;\" \/><br \/>\n<br style=\"color: rgb(34, 34, 34); font-family: Arial, Helvetica, sans-serif; font-size: small;\" \/><br \/>\n<span style=\"color: rgb(34, 34, 34); font-family: Arial, Helvetica, sans-serif; font-size: small;\">Proje tan\u0131t\u0131m\u0131 yapan Anadolu Ajans\u0131 Mersin muhabiri Mustafa \u00dcnal Uysal, haberlerin ulusal medyada ve yabanc\u0131 dile \u00e7evrilerek yay\u0131nlanaca\u011f\u0131n\u0131 s\u00f6yledi. \u00d6\u011frencilerin bu projede yer almalar\u0131n\u0131n onlar i\u00e7in g\u00fczel bir deneyim ve motivasyon kayna\u011f\u0131 olaca\u011f\u0131n\u0131 belirtti. \u00d6\u011frenciyken bu t\u00fcr projelere kat\u0131lman\u0131n \u00f6nemli bir \u015fey oldu\u011funu belirtti. Bu proje 14 \u015fubat&#8217;ta son bulucak bu y\u00fczden acele etmelerinin gerekti\u011fini s\u00f6yleyen Uysal, \u00f6\u011frencilerin ellerinde olan haberleri veya haber yazma derslerinde yazd\u0131klar\u0131 haberleri g\u00f6nderebileceklerini belirtti.<\/span><br style=\"color: rgb(34, 34, 34); font-family: Arial, Helvetica, sans-serif; font-size: small;\" \/><br \/>\n\u00a0<\/p>\n","protected":false},"excerpt":{"rendered":"<p>Anadolu Ajans\u0131 100. y\u0131l\u0131na \u00f6zel \u0130leti\u015fim Fak\u00fcltesi Gazetecilik \u00f6\u011frencilerine y\u00f6nelik &#8216;Gelecek 100 Y\u0131l\u0131n Habercileri&#8217; adl\u0131 bir proje d\u00fczenledi. Mersin \u00dcniversitesi \u0130leti\u015fim Fak\u00fcltesi Gazetecilik b\u00f6l\u00fcm\u00fc \u00f6\u011frencileri Anadolu Ajans\u0131&#8217;n\u0131n muhabirleri taraf\u0131ndan 100. &hellip; <a href=\"https:\/\/mersinekonomipolitikagazetesi.com\/?p=5821\" class=\"more-link\">Devam\u0131n\u0131 Oku&#8230;<\/a><\/p>\n","protected":false},"author":1,"featured_media":0,"comment_status":"open","ping_status":"open","sticky":false,"template":"","format":"standard","meta":[],"categories":[],"tags":[],"_links":{"self":[{"href":"https:\/\/mersinekonomipolitikagazetesi.com\/index.php?rest_route=\/wp\/v2\/posts\/5821"}],"collection":[{"href":"https:\/\/mersinekonomipolitikagazetesi.com\/index.php?rest_route=\/wp\/v2\/posts"}],"about":[{"href":"https:\/\/mersinekonomipolitikagazetesi.com\/index.php?rest_route=\/wp\/v2\/types\/post"}],"author":[{"embeddable":true,"href":"https:\/\/mersinekonomipolitikagazetesi.com\/index.php?rest_route=\/wp\/v2\/users\/1"}],"replies":[{"embeddable":true,"href":"https:\/\/mersinekonomipolitikagazetesi.com\/index.php?rest_route=%2Fwp%2Fv2%2Fcomments&post=5821"}],"version-history":[{"count":0,"href":"https:\/\/mersinekonomipolitikagazetesi.com\/index.php?rest_route=\/wp\/v2\/posts\/5821\/revisions"}],"wp:attachment":[{"href":"https:\/\/mersinekonomipolitikagazetesi.com\/index.php?rest_route=%2Fwp%2Fv2%2Fmedia&parent=5821"}],"wp:term":[{"taxonomy":"category","embeddable":true,"href":"https:\/\/mersinekonomipolitikagazetesi.com\/index.php?rest_route=%2Fwp%2Fv2%2Fcategories&post=5821"},{"taxonomy":"post_tag","embeddable":true,"href":"https:\/\/mersinekonomipolitikagazetesi.com\/index.php?rest_route=%2Fwp%2Fv2%2Ftags&post=5821"}],"curies":[{"name":"wp","href":"https:\/\/api.w.org\/{rel}","templated":true}]}}