{"id":5822,"date":"2020-11-04T18:26:15","date_gmt":"2020-11-04T15:26:15","guid":{"rendered":"http:\/\/mersinekonomipolitikagazetesi.com\/?p=5822"},"modified":"2020-11-04T18:26:15","modified_gmt":"2020-11-04T15:26:15","slug":"serbest-kalmasi-icin-sanatcilar-siyasetciler-kadin-haklari-savunuculari-sivil-toplum-orgutleri-ve-vatandaslar-kampanya-baslatti-%ef%bb%bf-kadir-seker-can-almadi-can-kurtardi","status":"publish","type":"post","link":"https:\/\/mersinekonomipolitikagazetesi.com\/?p=5822","title":{"rendered":"Serbest kalmas\u0131 i\u00e7in sanat\u00e7\u0131lar, siyaset\u00e7iler, kad\u0131n haklar\u0131 savunucular\u0131, sivil toplum \u00f6rg\u00fctleri ve vatanda\u015flar kampanya ba\u015flatt\u0131  \ufeff \u201cKAD\u0130R \u015eEKER \u2018CAN ALMADI, CAN KURTARDI..!&#8221;"},"content":{"rendered":"<div><span style=\"font-size: 12px;\">Konya&#8217;da bir erkek taraf\u0131ndan darp edilen kad\u0131n\u0131 kurtarmak isterken ya\u015fanan m\u00fcnaka\u015fa sonucu katil olan Kadir \u015eeker&#8217;in tutuklu yarg\u0131lanmas\u0131 devam ediyor. \u015eeker&#8217;in me\u015fru m\u00fcdafaa kapsam\u0131nda beraat etmesini isteyen vatanda\u015flar, &#8220;E\u011fer o olmasayd\u0131, bug\u00fcn bir kad\u0131n cinayetini daha konu\u015fuyorduk&#8221; payla\u015f\u0131mlar\u0131nda bulundu.\u00a0<\/span><\/div>\n<div>\u00a0<\/div>\n<div><span style=\"font-size: 12px;\">Edinilen bilgiye g\u00f6re Konya&#8217;da, 5 \u015eubat \u00c7ar\u015famba ak\u015fam\u0131, 4 ay \u00f6nce Antalya&#8217;dan Konya&#8217;ya gelip yerle\u015fen Ay\u015fe D. (35) ve \u00d6zg\u00fcr Duran (32) aras\u0131nda tart\u0131\u015fma \u00e7\u0131kt\u0131. Tart\u0131\u015fma \u00fczerine Ay\u015fe D. evden \u00e7\u0131k\u0131p olay\u0131n ya\u015fand\u0131\u011f\u0131 parka geldi. \u00d6zg\u00fcr Duran pe\u015finden geldi\u011fi kad\u0131n\u0131 park ortas\u0131nda d\u00f6vmeye ba\u015flad\u0131. Ya\u015fanan olaya tan\u0131kl\u0131k edip, \u00d6zg\u00fcr Duran\u2019\u0131 engellemek isterken \u00f6l\u00fcm\u00fcne yol a\u00e7an ve tutuklanan Kadir \u015eeker&#8217;in serbest kalmas\u0131(20) i\u00e7in sanat\u00e7\u0131lar, siyaset\u00e7iler, kad\u0131n haklar\u0131 savunucular\u0131, sivil toplum \u00f6rg\u00fctleri ve vatanda\u015flar kampanya ba\u015flatt\u0131. T\u00fcrkiye\u2019nin g\u00fcndemine oturan olaya ili\u015fkin vatanda\u015flar sosyal medya hesaplar\u0131 \u00fczerinden, &#8220;Kadir&#8217;e ceza verilirse, bir kad\u0131n \u015fiddet g\u00f6rd\u00fc\u011f\u00fcnde kimse araya girmeye cesaret edemez. Sokakta kad\u0131n cinayetlerinin ya\u015fand\u0131\u011f\u0131 \u00fclkemizde, Emine Bulut \u00f6ld\u00fcr\u00fcl\u00fcrken niye kimse engel olmad\u0131 diyenler olarak Kadir hakl\u0131 diyoruz ve me\u015fru m\u00fcdafaa kapsam\u0131nda beraatini istiyoruz&#8221; payla\u015f\u0131mlar\u0131nda bulundu.<\/span><\/div>\n","protected":false},"excerpt":{"rendered":"<p>Konya&#8217;da bir erkek taraf\u0131ndan darp edilen kad\u0131n\u0131 kurtarmak isterken ya\u015fanan m\u00fcnaka\u015fa sonucu katil olan Kadir \u015eeker&#8217;in tutuklu yarg\u0131lanmas\u0131 devam ediyor. \u015eeker&#8217;in me\u015fru m\u00fcdafaa kapsam\u0131nda beraat etmesini isteyen vatanda\u015flar, &#8220;E\u011fer o &hellip; <a href=\"https:\/\/mersinekonomipolitikagazetesi.com\/?p=5822\" class=\"more-link\">Devam\u0131n\u0131 Oku&#8230;<\/a><\/p>\n","protected":false},"author":1,"featured_media":0,"comment_status":"open","ping_status":"open","sticky":false,"template":"","format":"standard","meta":[],"categories":[],"tags":[],"_links":{"self":[{"href":"https:\/\/mersinekonomipolitikagazetesi.com\/index.php?rest_route=\/wp\/v2\/posts\/5822"}],"collection":[{"href":"https:\/\/mersinekonomipolitikagazetesi.com\/index.php?rest_route=\/wp\/v2\/posts"}],"about":[{"href":"https:\/\/mersinekonomipolitikagazetesi.com\/index.php?rest_route=\/wp\/v2\/types\/post"}],"author":[{"embeddable":true,"href":"https:\/\/mersinekonomipolitikagazetesi.com\/index.php?rest_route=\/wp\/v2\/users\/1"}],"replies":[{"embeddable":true,"href":"https:\/\/mersinekonomipolitikagazetesi.com\/index.php?rest_route=%2Fwp%2Fv2%2Fcomments&post=5822"}],"version-history":[{"count":0,"href":"https:\/\/mersinekonomipolitikagazetesi.com\/index.php?rest_route=\/wp\/v2\/posts\/5822\/revisions"}],"wp:attachment":[{"href":"https:\/\/mersinekonomipolitikagazetesi.com\/index.php?rest_route=%2Fwp%2Fv2%2Fmedia&parent=5822"}],"wp:term":[{"taxonomy":"category","embeddable":true,"href":"https:\/\/mersinekonomipolitikagazetesi.com\/index.php?rest_route=%2Fwp%2Fv2%2Fcategories&post=5822"},{"taxonomy":"post_tag","embeddable":true,"href":"https:\/\/mersinekonomipolitikagazetesi.com\/index.php?rest_route=%2Fwp%2Fv2%2Ftags&post=5822"}],"curies":[{"name":"wp","href":"https:\/\/api.w.org\/{rel}","templated":true}]}}