{"id":5830,"date":"2020-11-04T18:26:17","date_gmt":"2020-11-04T15:26:17","guid":{"rendered":"http:\/\/mersinekonomipolitikagazetesi.com\/?p=5830"},"modified":"2020-11-04T18:26:17","modified_gmt":"2020-11-04T15:26:17","slug":"mersinde-huzur-ve-guven-hakim","status":"publish","type":"post","link":"https:\/\/mersinekonomipolitikagazetesi.com\/?p=5830","title":{"rendered":"&#8220;Mersin&#8217;de huzur ve g\u00fcven hakim&#8221;"},"content":{"rendered":"<p>Mersin Emniyet M\u00fcd\u00fcr\u00fc Mehmet \u015eahne, son 3 y\u0131lda Mersin&#8217;de \u00e7ok ciddi de\u011fi\u015fim ve d\u00f6n\u00fc\u015f\u00fcm yakalad\u0131klar\u0131n\u0131 belirterek, &#8220;Kentimizde ger\u00e7ekten bir huzur ortam\u0131 var. Asayi\u015f olaylar\u0131nda son 3 y\u0131lda periyodik olarak \u00e7ok ciddi bir d\u00fc\u015f\u00fc\u015f kaydedildi. \u015eehrimiz hem stratejik hem de sosyal ve k\u00fclt\u00fcrel olarak T\u00fcrkiye\u2019nin en g\u00fczel \u015fehirlerinden biri. Ve ben iddia ediyorum ki, ikinci \u0130stanbul\u2019u Mersin\u2019de olu\u015fturabiliriz&#8221; dedi.\u00a0<br \/>\n\u015eahne, bas\u0131n mensuplar\u0131yla bir araya geldi\u011fi programda, kentteki genel asayi\u015f durumu ve yap\u0131lan \u00e7al\u0131\u015fmalara ili\u015fkin bilgiler verdi. Baz\u0131 emniyet m\u00fcd\u00fcr yard\u0131mc\u0131lar\u0131 ve \u015fube m\u00fcd\u00fcrlerinin de yer ald\u0131\u011f\u0131 toplant\u0131da konu\u015fan \u015eahne, kentte yakla\u015f\u0131k 3 y\u0131ldan bu yana g\u00f6rev yapt\u0131\u011f\u0131n\u0131 hat\u0131rlatarak, o g\u00fcnden bug\u00fcne ya\u015fanan de\u011fi\u015fimin herkes\u00e7e fark edildi\u011fine i\u015faret etti. Bas\u0131n\u0131 ve bas\u0131n mensuplar\u0131n\u0131 \u00f6nemsediklerini ve yap\u0131lan uyar\u0131lar\u0131 her zaman dikkate ald\u0131klar\u0131n\u0131 kaydeden \u015eahne, yap\u0131lan ele\u015ftirilerle ilgili mutlaka geri d\u00f6n\u00fc\u015f yapt\u0131klar\u0131n\u0131, neticede \u015fehrin daha ya\u015fanabilir ve daha g\u00fczel olmas\u0131 i\u00e7in m\u00fccadele verdiklerini s\u00f6yledi.<\/p>\n<p>3 y\u0131lda \u015fehirde \u00e7ok ciddi de\u011fi\u015fim ve d\u00f6n\u00fc\u015f\u00fcm yakalad\u0131klar\u0131n\u0131 vurgulayan \u015eahne, &#8220;Her hafta \u015fehrimizde ne oluyor, de\u011fi\u015fen ne var, sorunlar\u0131m\u0131z neler, ald\u0131\u011f\u0131m\u0131z\u0131 tedbirler ne a\u015famada? Bunlar\u0131 yak\u0131ndan takip ediyoruz. Polisiye olarak ciddi mesafe ald\u0131k. Mahalle toplant\u0131lar\u0131nda, esnaf ziyaretlerimizde bizi en \u00e7ok mutlu eden konu, \u015fikayetlerle ilgili b\u00fcy\u00fck bir de\u011fi\u015fim olmas\u0131.\u00a0<br \/>\n\u0130lk geldi\u011fimizde uyu\u015fturucu-ter\u00f6r konsepti ile ilgili \u015fikayetler al\u0131rken, bug\u00fcn bu iki konu, ilk 10 problem aras\u0131nda g\u00f6z\u00fckm\u00fcyor. \u0130lk problemler aras\u0131nda polisin ilgilenmesi gerekti\u011fi, \u00fczerimize vazife olarak d\u00fc\u015fen trafik konusu var. Trafikle ilgili de elimizden gelen t\u00fcm tedbirleri almaya \u00e7al\u0131\u015faca\u011f\u0131z&#8221; ifadelerini kulland\u0131.\u00a0<br \/>\nAsayi\u015f olaylar\u0131nda Mersin&#8217;de son 3 y\u0131lda periyodik olarak \u00e7ok ciddi bir d\u00fc\u015f\u00fc\u015f kaydedildi\u011fini belirten \u015eahne, &#8220;Olaylar\u0131n ayd\u0131nlat\u0131lmas\u0131nda T\u00fcrkiye&#8217;de ilk 5 ilin i\u00e7indeyiz. Narkotik olaylar\u0131nda ise T\u00fcrkiye\u2019nin en iyisiyiz. Trafik konusu da \u00e7ok \u00f6nemli bir sorun. B\u00fcy\u00fck\u015fehir Belediyesi ile s\u00fcrekli isti\u015fare halindeyiz. UKOME ile ilgili trafik koordinasyon merkezi var ve t\u00fcm kararlar burada al\u0131n\u0131yor ve s\u00fcre al\u0131yor. \u00d6n\u00fcm\u00fczdeki 5-6 ay i\u00e7erisinde farkl\u0131 uygulamalar, de\u011fi\u015fik y\u00f6nlendirmeler olacak. Yaya ge\u00e7itleri ile ilgili denetimleri ve say\u0131lar\u0131 att\u0131raca\u011f\u0131z&#8221; diye konu\u015ftu.<br \/>\n\u00a0<br \/>\nKonu\u015fmas\u0131nda kentteki Suriyeliler konusuna da de\u011fi\u015fen \u015eahne, \u015f\u00f6yle devam etti; &#8220;Suriyeliler, \u015fehrimizin en \u00f6nemli konusu gibi g\u00f6z\u00fck\u00fcyor ama T\u00fcrkiye\u2019de ortalama 23 ilde \u00e7ok yo\u011fun bir seviyede bulunuyorlar. Karde\u015flik duygusu ile bu insanlar\u0131 ba\u011fr\u0131m\u0131za bast\u0131k. Ama bunlar\u0131 sosyal hayat i\u00e7inde kar\u015f\u0131m\u0131za \u00e7\u0131kan davran\u0131\u015f sorun var. Bunlar bize y\u00f6nelik bir \u015fey de\u011fil, k\u00fclt\u00fcrlerinden kaynakl\u0131, ya\u015fam tarzlar\u0131yla alakal\u0131. \u0130lk geldi\u011fimdeki Suriyeli alg\u0131s\u0131 ile 3 y\u0131l sondaki alg\u0131 aras\u0131nda \u00e7ok b\u00fcy\u00fck fark var. \u015euanda \u015fehrimizde toplumsal rahats\u0131zl\u0131k olu\u015fturacak Suriyeli alg\u0131s\u0131 yok. Toplumda varlar, m\u00fcmk\u00fcn mertebe bize entegre olmaya, uyum sa\u011flamaya \u00e7al\u0131\u015f\u0131yorlar. \u015euan \u015fehrin tamam\u0131 sahili kullanabiliyor, i\u00e7 i\u00e7e girdik art\u0131k. Suriyelilerin kar\u0131\u015ft\u0131\u011f\u0131 olaylara an\u0131nda m\u00fcdahale ediyoruz. &#8216;Suriyeliler geldi su\u00e7 artt\u0131&#8217; diye bir \u015fey yok. Aksine su\u00e7a kar\u0131\u015fma oranlar\u0131 \u00e7ok d\u00fc\u015f\u00fck, kendi n\u00fcfus oranlar\u0131na g\u00f6re y\u00fczde bir. Genelde kar\u0131\u015ft\u0131klar\u0131 olaylar da kendi i\u00e7lerinde ya\u015fanan meseleler.&#8221;\u00a0<br \/>\n\u00d6zellikle kad\u0131na y\u00f6nelik \u015fiddet konusunda kendi i\u00e7lerinde e\u011fitimler verdiklerini, kad\u0131na y\u00f6nelik \u015fiddete kar\u015f\u0131 b\u00fcro amirlikleri kurduklar\u0131n\u0131 s\u00f6yleyen \u015eahne, &#8220;Bu konuyla ilgili gelen ihbarlara \u00f6nem veriyor, en yak\u0131n ekip trafik ise olay yerine onu g\u00f6nderiyoruz. \u00c7\u00fcnk\u00fc bu konuda hassasiyetimiz \u00e7ok y\u00fcksek&#8221; dedi.\u00a0<br \/>\nGazetecilerin baz\u0131 olaylarda bilgi almada s\u0131k\u0131nt\u0131 ya\u015fad\u0131klar\u0131 y\u00f6n\u00fcndeki taleplerine de yan\u0131t veren \u015eahne, \u015fu ifadeleri kulland\u0131; &#8220;Bilgi alma konusunda sizi ma\u011fdur etmeyece\u011fiz. Tek dikkat edece\u011fimiz konu, soru\u015fturman\u0131n gizlili\u011fi ve insanlar\u0131n \u00f6zel hayat\u0131n\u0131n zedelenmemesi. Bu hassasiyeti sizlerin de g\u00f6stermesini istiyorum. Ba\u015f\u0131na gelen bir olay ve su\u00e7a bula\u015fmas\u0131 ile insan\u0131n t\u00fcm hayat\u0131 de\u015fifre olabiliyor. \u00d6zellikle kad\u0131n ve \u00e7ocuk haberlerinde hassasiyet g\u00f6sterirseniz \u00e7ok mutlu olurum. Art\u0131k son bir y\u0131ld\u0131r \u2018Mersin\u2019de ne oluyor?\u2019 sorular\u0131n\u0131 duymaya ba\u015flad\u0131k d\u0131\u015far\u0131da. Hi\u00e7 bir \u015fey olmuyor, Mersin \u00e7ok iyi gidiyor. Mersin, T\u00fcrkiye\u2019nin y\u00fckselen y\u0131ld\u0131z\u0131 ve bu y\u0131ld\u0131z\u0131n ne kadar parlak olaca\u011f\u0131na i\u015faret edecek olan insanlar sizlersiniz. \u015eehrimiz ile ilgili olumlu, pozitif haberleri \u00fcst segmente ta\u015f\u0131man\u0131z laz\u0131m. Bunu nas\u0131l ulusala ta\u015f\u0131yaca\u011f\u0131z? Bu noktada bize bir \u015fey d\u00fc\u015f\u00fcyorsa yan\u0131n\u0131zday\u0131z. Benim derdim bu \u015fehrin toplumsal olarak yukar\u0131 \u00e7\u0131kmas\u0131, polisin ba\u015far\u0131l\u0131 olmas\u0131 yetmez. \u015eehrimiz hem stratejik hem de sosyal ve k\u00fclt\u00fcrel olarak T\u00fcrkiye\u2019nin en g\u00fczel \u015fehirlerinden biri. Ve ben iddia ediyorum ki, ikinci \u0130stanbul\u2019u Mersin\u2019de olu\u015fturabiliriz. Burada size \u00e7ok b\u00fcy\u00fck sorumluluk d\u00fc\u015f\u00fcyor.&#8221;\u00a0<br \/>\nPolisin varl\u0131k hissiyat\u0131n\u0131n Mersin\u2019de \u00e7ok \u00fcst d\u00fczeyde oldu\u011funu da s\u00f6yleyen \u015eahne, bunu devam ettireceklerini, topluma huzur ve g\u00fcven vermeye \u00e7al\u0131\u015ft\u0131klar\u0131n\u0131 vurgulad\u0131. \u015eahne, kapal\u0131 yerlerde sigara i\u00e7mek konusunun ise belediye ve \u0130l Sa\u011fl\u0131k M\u00fcd\u00fcrl\u00fc\u011f\u00fcn\u00fcn sorumlulu\u011funda oldu\u011funu hat\u0131rlatarak, rutin denetimlerde bu durumlara rastlamalar\u0131 durumunda i\u015flem yapt\u0131klar\u0131n\u0131 s\u00f6zlerine ekledi.\u00a0<br \/>\n\u015eahne, konu\u015fmas\u0131n\u0131n sonunda Mersin Gazeteciler Cemiyeti Ba\u015fkan\u0131 Kaya Tepe&#8217;ye g\u00fcn\u00fcn an\u0131s\u0131na \u015filt takdim etti.\u00a0<br \/>\n\u00a0<\/p>\n","protected":false},"excerpt":{"rendered":"<p>Mersin Emniyet M\u00fcd\u00fcr\u00fc Mehmet \u015eahne, son 3 y\u0131lda Mersin&#8217;de \u00e7ok ciddi de\u011fi\u015fim ve d\u00f6n\u00fc\u015f\u00fcm yakalad\u0131klar\u0131n\u0131 belirterek, &#8220;Kentimizde ger\u00e7ekten bir huzur ortam\u0131 var. Asayi\u015f olaylar\u0131nda son 3 y\u0131lda periyodik olarak \u00e7ok &hellip; <a href=\"https:\/\/mersinekonomipolitikagazetesi.com\/?p=5830\" class=\"more-link\">Devam\u0131n\u0131 Oku&#8230;<\/a><\/p>\n","protected":false},"author":1,"featured_media":0,"comment_status":"open","ping_status":"open","sticky":false,"template":"","format":"standard","meta":[],"categories":[],"tags":[],"_links":{"self":[{"href":"https:\/\/mersinekonomipolitikagazetesi.com\/index.php?rest_route=\/wp\/v2\/posts\/5830"}],"collection":[{"href":"https:\/\/mersinekonomipolitikagazetesi.com\/index.php?rest_route=\/wp\/v2\/posts"}],"about":[{"href":"https:\/\/mersinekonomipolitikagazetesi.com\/index.php?rest_route=\/wp\/v2\/types\/post"}],"author":[{"embeddable":true,"href":"https:\/\/mersinekonomipolitikagazetesi.com\/index.php?rest_route=\/wp\/v2\/users\/1"}],"replies":[{"embeddable":true,"href":"https:\/\/mersinekonomipolitikagazetesi.com\/index.php?rest_route=%2Fwp%2Fv2%2Fcomments&post=5830"}],"version-history":[{"count":0,"href":"https:\/\/mersinekonomipolitikagazetesi.com\/index.php?rest_route=\/wp\/v2\/posts\/5830\/revisions"}],"wp:attachment":[{"href":"https:\/\/mersinekonomipolitikagazetesi.com\/index.php?rest_route=%2Fwp%2Fv2%2Fmedia&parent=5830"}],"wp:term":[{"taxonomy":"category","embeddable":true,"href":"https:\/\/mersinekonomipolitikagazetesi.com\/index.php?rest_route=%2Fwp%2Fv2%2Fcategories&post=5830"},{"taxonomy":"post_tag","embeddable":true,"href":"https:\/\/mersinekonomipolitikagazetesi.com\/index.php?rest_route=%2Fwp%2Fv2%2Ftags&post=5830"}],"curies":[{"name":"wp","href":"https:\/\/api.w.org\/{rel}","templated":true}]}}