{"id":5836,"date":"2020-11-04T18:26:17","date_gmt":"2020-11-04T15:26:17","guid":{"rendered":"http:\/\/mersinekonomipolitikagazetesi.com\/?p=5836"},"modified":"2020-11-04T18:26:17","modified_gmt":"2020-11-04T15:26:17","slug":"chpde-aktay-yeniden-aday","status":"publish","type":"post","link":"https:\/\/mersinekonomipolitikagazetesi.com\/?p=5836","title":{"rendered":"CHP\u2019DE AKTAY YEN\u0130DEN ADAY"},"content":{"rendered":"<p>CHP Mersin \u0130l Ba\u015fkan\u0131 Adil Aktay ve 13 il\u00e7e ba\u015fkan\u0131 bas\u0131n toplant\u0131s\u0131 ger\u00e7ekle\u015ftirdi. G\u00fcndeme dair a\u00e7\u0131klamalarda bulunan Aktay, \u201cCHP Mersin \u0130l ba\u015fkanl\u0131\u011f\u0131na aday oldu\u011fumu kamuoyunun bilgisine sunuyorum.\u201d dedi.<br \/>\n\u00a0Cumhuriyet Halk Partisi Mersin \u0130l binas\u0131nda ger\u00e7ekle\u015ftirilen toplant\u0131da CHP \u0130l Ba\u015fkan\u0131 Adil Aktay Cumhuriyet Halk Partisi\u2019nin ki\u015fisel \u00e7\u0131karlar\u0131n g\u00fcndelik hesaplar\u0131n de\u011fil, b\u00fcy\u00fck hedeflerin ideal ve de\u011ferlerin partisidir diye konu\u015ftu.<br \/>\nAktay, \u201cCumhuriyet Halk Partisi her zaman ve her ko\u015fulda birle\u015ftirici g\u00fcc\u00fcd\u00fcr d\u00fcn de bug\u00fcn de b\u00f6yle. \u0130l kongremizi Cumhuriyet Halk Partisi\u2019nin \u00f6neminin toplumun daha geni\u015f kesimlerince anla\u015f\u0131ld\u0131\u011f\u0131 bir d\u00f6nemde ger\u00e7ekle\u015ftiriyoruz. Kavga ve kutupla\u015fmadan uzak durup \u00e7\u00f6z\u00fcme odaklanmaya, demokrasiden, adaletten, \u00f6zg\u00fcrl\u00fckten yana kesimlerin en geni\u015f birli\u011fini sa\u011flamaya dayal\u0131 siyaset anlay\u0131\u015f\u0131 T\u00fcrkiye&#8217;nin \u00f6n\u00fcn\u00fc a\u00e7maktad\u0131r.\u201d diye ifade etti.<br \/>\n\u00a0<br \/>\n&#8220;Kongrelerimiz kararl\u0131l\u0131\u011f\u0131m\u0131z\u0131 peki\u015ftirmektedir&#8221;<\/p>\n<p>Hizmetlerin her yurtta\u015fa e\u015fit ve adil bir \u015fekilde ula\u015ft\u0131r\u0131ld\u0131\u011f\u0131 sosyal bir belediyecilik i\u00e7in vatanda\u015flar\u0131n tercihlerini Cumhuriyet Halk Partisi&#8217;nden yana yapt\u0131\u011f\u0131n\u0131 belirten Aktay, \u201cCumhuriyet Halk Partisi\u2019nin kongre s\u00fcreci de \u00e7ok \u00f6nemli bir ad\u0131m\u0131 olu\u015fturmaktad\u0131r. Kongrelerimiz hep birlikte y\u00fcr\u00fcmek kararl\u0131l\u0131\u011f\u0131m\u0131z\u0131 peki\u015ftirmekte, hareket kabiliyetimizi art\u0131rmaktad\u0131r.\u201d dedi.<\/p>\n<p>\u00a0&#8220;\u0130ktidara y\u00fcr\u00fcy\u00fc\u015fte net tav\u0131r sergilenmektedir&#8221;<br \/>\n\u00a0<br \/>\nMersin&#8217;de il\u00e7e kongrelerinin bir demokratik olgunluk i\u00e7erisinde tamamlad\u0131klar\u0131n\u0131 ifade eden Aktay, \u201c\u0130l kongremizi de bu anlay\u0131\u015fla ger\u00e7ekle\u015ftirece\u011fiz, elbette Cumhuriyet Halk Partisi\u2019nin g\u00fcc\u00fc \u00f6rg\u00fct\u00fcn\u00fcn il\u00e7e kongreleri d\u00f6neminde partimizin T\u00fcrkiye&#8217;de ba\u015flatt\u0131\u011f\u0131 d\u00f6n\u00fc\u015f\u00fcm s\u00fcrecini h\u0131z kesmeden sonuna kadar g\u00f6t\u00fcrmek kararl\u0131l\u0131\u011f\u0131nda oldu\u011funu a\u00e7\u0131k\u00e7a ortaya koymu\u015ftur. \u00d6rg\u00fct\u00fcm\u00fcz son verece\u011fiz sa\u011fduyulu bir de\u011ferlendirme yapm\u0131\u015f ve iktidar y\u00fcr\u00fcy\u00fc\u015f\u00fcne odaklanman\u0131n hayati \u00f6neme sahip oldu\u011fu konusunda net bir tav\u0131r koymu\u015ftur.\u201d diye s\u00f6yledi.<\/p>\n<p>&#8220;Bu ki\u015fisel bir destek de\u011fildir kimse b\u00f6yle alg\u0131lamas\u0131n&#8221;<\/p>\n<p>Cumhuriyet Halk Partisi Mersin il \u00f6rg\u00fct\u00fcn\u00fcn tek y\u00fcrek olarak sergiledi\u011fi bu iradenin \u015fahs\u0131na y\u00f6nelik ki\u015fisel bir tercih gibi g\u00f6rmedi\u011fini vurgulayan Aktay, &#8220;Bu partimizin T\u00fcrkiye&#8217;nin birle\u015ftirici g\u00fcc\u00fc olma sorumlulu\u011fuyla \u00f6nc\u00fcl\u00fck etti\u011fi siyaset anlay\u0131\u015f\u0131na verilmi\u015f \u00e7ok \u00f6nemli bir destektir. Bu ki\u015fisel bir destek de\u011fildir ve hi\u00e7 kimse bunu b\u00f6yle alg\u0131lamas\u0131n. Tek adam d\u00fczenine son vermek, halk\u0131n iktidar\u0131n\u0131 kurmak kararl\u0131l\u0131\u011f\u0131ndan bir ifadesidir.&#8221; diye konu\u015ftu.<\/p>\n<p>&#8220;Birlik ve beraberli\u011fin ileriye ta\u015f\u0131nmas\u0131na haz\u0131r\u0131z&#8221;<\/p>\n<p>Genel merkezin \u00f6rg\u00fct ve belediye ba\u015fkan adaylar\u0131 ile \u00a0belediye ba\u015fkanlar\u0131 aras\u0131ndaki uyumun yerel se\u00e7imlerde ba\u015far\u0131da etkili oldu\u011funun alt\u0131n\u0131 \u00e7izen Altay, \u201cBunun korunmas\u0131, geli\u015ftirilmesi gerekti\u011fi yolundaki de\u011ferlendirmesi \u00e7ok \u00f6nemlidir. Bug\u00fcn itibariyle \u00e7ok daha ileriye ta\u015f\u0131maya haz\u0131r olundu\u011funu g\u00f6stermi\u015ftir.\u201d diye konu\u015ftu.<br \/>\n\u00a0<br \/>\nYap\u0131lan \u00e7al\u0131\u015fmalar ve uyum neticesine dikkat \u00e7eken Aktay, \u201c\u00d6rg\u00fct\u00fcm\u00fcz\u00fcn \u00e7ok net ve g\u00fc\u00e7l\u00fc iradesinin bir gere\u011fi olarak CHP Mersin \u0130l Ba\u015fkanl\u0131\u011f\u0131na aday oldu\u011fumu kamuoyunun bilgisine sunuyorum\u201d \u015feklinde konu\u015ftu.<\/p>\n","protected":false},"excerpt":{"rendered":"<p>CHP Mersin \u0130l Ba\u015fkan\u0131 Adil Aktay ve 13 il\u00e7e ba\u015fkan\u0131 bas\u0131n toplant\u0131s\u0131 ger\u00e7ekle\u015ftirdi. G\u00fcndeme dair a\u00e7\u0131klamalarda bulunan Aktay, \u201cCHP Mersin \u0130l ba\u015fkanl\u0131\u011f\u0131na aday oldu\u011fumu kamuoyunun bilgisine sunuyorum.\u201d dedi. \u00a0Cumhuriyet Halk &hellip; <a href=\"https:\/\/mersinekonomipolitikagazetesi.com\/?p=5836\" class=\"more-link\">Devam\u0131n\u0131 Oku&#8230;<\/a><\/p>\n","protected":false},"author":1,"featured_media":0,"comment_status":"open","ping_status":"open","sticky":false,"template":"","format":"standard","meta":[],"categories":[],"tags":[],"_links":{"self":[{"href":"https:\/\/mersinekonomipolitikagazetesi.com\/index.php?rest_route=\/wp\/v2\/posts\/5836"}],"collection":[{"href":"https:\/\/mersinekonomipolitikagazetesi.com\/index.php?rest_route=\/wp\/v2\/posts"}],"about":[{"href":"https:\/\/mersinekonomipolitikagazetesi.com\/index.php?rest_route=\/wp\/v2\/types\/post"}],"author":[{"embeddable":true,"href":"https:\/\/mersinekonomipolitikagazetesi.com\/index.php?rest_route=\/wp\/v2\/users\/1"}],"replies":[{"embeddable":true,"href":"https:\/\/mersinekonomipolitikagazetesi.com\/index.php?rest_route=%2Fwp%2Fv2%2Fcomments&post=5836"}],"version-history":[{"count":0,"href":"https:\/\/mersinekonomipolitikagazetesi.com\/index.php?rest_route=\/wp\/v2\/posts\/5836\/revisions"}],"wp:attachment":[{"href":"https:\/\/mersinekonomipolitikagazetesi.com\/index.php?rest_route=%2Fwp%2Fv2%2Fmedia&parent=5836"}],"wp:term":[{"taxonomy":"category","embeddable":true,"href":"https:\/\/mersinekonomipolitikagazetesi.com\/index.php?rest_route=%2Fwp%2Fv2%2Fcategories&post=5836"},{"taxonomy":"post_tag","embeddable":true,"href":"https:\/\/mersinekonomipolitikagazetesi.com\/index.php?rest_route=%2Fwp%2Fv2%2Ftags&post=5836"}],"curies":[{"name":"wp","href":"https:\/\/api.w.org\/{rel}","templated":true}]}}