{"id":5838,"date":"2020-11-04T18:26:17","date_gmt":"2020-11-04T15:26:17","guid":{"rendered":"http:\/\/mersinekonomipolitikagazetesi.com\/?p=5838"},"modified":"2020-11-04T18:26:17","modified_gmt":"2020-11-04T15:26:17","slug":"baskan-gultak-fedakar-soforleri-odullendirdi","status":"publish","type":"post","link":"https:\/\/mersinekonomipolitikagazetesi.com\/?p=5838","title":{"rendered":"Ba\u015fkan G\u00fcltak, fedakar \u015fof\u00f6rleri \u00f6d\u00fcllendirdi"},"content":{"rendered":"<p>Akdeniz Belediye Ba\u015fkan\u0131 Muhammet Mustafa G\u00fcltak, depremden etkilenen Elaz\u0131\u011f ve Malatya i\u00e7in Mersin\u2019den toplanan 11 kamyon dolusu temel ihtiya\u00e7 malzemesini b\u00f6lgeye ula\u015ft\u0131ran ve tonlarca malzemeyi ara\u00e7lardan bizzat indirip deprem ma\u011fdurlar\u0131na teslim eden \u015fof\u00f6rleri \u00e7eyrek alt\u0131nla \u00f6d\u00fcllendirdi.\u00a0<br \/>\nAkdeniz Belediyesinden yap\u0131lan a\u00e7\u0131klamaya g\u00f6re, Ba\u015fkan G\u00fcltak\u2019\u0131n \u00e7a\u011fr\u0131s\u0131yla Elaz\u0131\u011f depremi sonras\u0131nda depremzedeler i\u00e7in toplanan 11 kamyon g\u0131da, giysi, battaniye ve elektrikli soba gibi ihtiya\u00e7 malzemelerinden olu\u015fan konvoy yola \u00e7\u0131km\u0131\u015ft\u0131. Saatler s\u00fcren yolculu\u011fun ard\u0131ndan kamyonlar\u0131 b\u00f6lgeye ula\u015ft\u0131ran Akdeniz Belediyesi personeli olan 13 \u015fof\u00f6r; tonlarca malzemenin kamyonlardan indirilmesini de bizzat kendileri yapt\u0131. Deprem b\u00f6lgesine giden personelin bu fedakarl\u0131\u011f\u0131n\u0131 duyan Ba\u015fkan G\u00fcltak, bu davran\u0131\u015f\u0131 kar\u015f\u0131l\u0131ks\u0131z b\u0131rakmad\u0131 ve 13 personeli birer \u00e7eyrek alt\u0131nla \u00f6d\u00fcllendirdi.\u00a0<\/p>\n<p>\u201cFedakarca \u00e7al\u0131\u015fan personelimizin daima yan\u0131nday\u0131m\u201d<\/p>\n<p>Elaz\u0131\u011f\u2019a yard\u0131m konvoyunu ula\u015ft\u0131ran \u015fof\u00f6rleri makam\u0131nda a\u011f\u0131rlayan G\u00fcltak, g\u00f6sterdikleri \u00f6zveriden dolay\u0131 \u015fof\u00f6rlere te\u015fekk\u00fcr etti. G\u00fcltak, \u201cDeprem ma\u011fduru vatanda\u015flar\u0131m\u0131z i\u00e7in yapt\u0131\u011f\u0131m\u0131z \u00e7a\u011fr\u0131n\u0131n ard\u0131ndan k\u0131sa bir zamanda 11 kamyon dolusu temel ihtiya\u00e7 malzemesini toplay\u0131p Elaz\u0131\u011f\u2019a g\u00f6nderdik. K\u0131z\u0131lay ve AFAD ile i\u015fbirli\u011fi i\u00e7erisinde depremzede insanlar\u0131m\u0131za bu malzemeleri ula\u015ft\u0131rd\u0131k. Bunda sizlerin eme\u011fi ve katk\u0131s\u0131 da \u00e7ok b\u00fcy\u00fck. Yol uzundu, yoruldunuz. Kamyonlar dolusu malzemeyi deprem b\u00f6lgesine ula\u015ft\u0131rmakla yetinmeyip, bir de orada tek tek ellerinizle indirip yetkililere teslim ettiniz. Bu duyarl\u0131l\u0131\u011f\u0131n\u0131zdan dolay\u0131 sizlere te\u015fekk\u00fcr ediyorum. \u00d6zveriyle \u00e7al\u0131\u015fan, mesaisine uyan, g\u00fcler y\u00fczl\u00fc \u00e7al\u0131\u015fanlar\u0131m\u0131z\u0131n daima yan\u0131nday\u0131m, ne gerekiyorsa yapmaya haz\u0131r\u0131m\u201d dedi.\u00a0<br \/>\nBa\u015fkan G\u00fcltak, konu\u015fmas\u0131n\u0131n ard\u0131ndan 13 \u015fof\u00f6re birer \u00e7eyrek alt\u0131n hediye etti.\u00a0<\/p>\n","protected":false},"excerpt":{"rendered":"<p>Akdeniz Belediye Ba\u015fkan\u0131 Muhammet Mustafa G\u00fcltak, depremden etkilenen Elaz\u0131\u011f ve Malatya i\u00e7in Mersin\u2019den toplanan 11 kamyon dolusu temel ihtiya\u00e7 malzemesini b\u00f6lgeye ula\u015ft\u0131ran ve tonlarca malzemeyi ara\u00e7lardan bizzat indirip deprem ma\u011fdurlar\u0131na &hellip; <a href=\"https:\/\/mersinekonomipolitikagazetesi.com\/?p=5838\" class=\"more-link\">Devam\u0131n\u0131 Oku&#8230;<\/a><\/p>\n","protected":false},"author":1,"featured_media":0,"comment_status":"open","ping_status":"open","sticky":false,"template":"","format":"standard","meta":[],"categories":[],"tags":[],"_links":{"self":[{"href":"https:\/\/mersinekonomipolitikagazetesi.com\/index.php?rest_route=\/wp\/v2\/posts\/5838"}],"collection":[{"href":"https:\/\/mersinekonomipolitikagazetesi.com\/index.php?rest_route=\/wp\/v2\/posts"}],"about":[{"href":"https:\/\/mersinekonomipolitikagazetesi.com\/index.php?rest_route=\/wp\/v2\/types\/post"}],"author":[{"embeddable":true,"href":"https:\/\/mersinekonomipolitikagazetesi.com\/index.php?rest_route=\/wp\/v2\/users\/1"}],"replies":[{"embeddable":true,"href":"https:\/\/mersinekonomipolitikagazetesi.com\/index.php?rest_route=%2Fwp%2Fv2%2Fcomments&post=5838"}],"version-history":[{"count":0,"href":"https:\/\/mersinekonomipolitikagazetesi.com\/index.php?rest_route=\/wp\/v2\/posts\/5838\/revisions"}],"wp:attachment":[{"href":"https:\/\/mersinekonomipolitikagazetesi.com\/index.php?rest_route=%2Fwp%2Fv2%2Fmedia&parent=5838"}],"wp:term":[{"taxonomy":"category","embeddable":true,"href":"https:\/\/mersinekonomipolitikagazetesi.com\/index.php?rest_route=%2Fwp%2Fv2%2Fcategories&post=5838"},{"taxonomy":"post_tag","embeddable":true,"href":"https:\/\/mersinekonomipolitikagazetesi.com\/index.php?rest_route=%2Fwp%2Fv2%2Ftags&post=5838"}],"curies":[{"name":"wp","href":"https:\/\/api.w.org\/{rel}","templated":true}]}}