{"id":5842,"date":"2020-11-04T18:26:17","date_gmt":"2020-11-04T15:26:17","guid":{"rendered":"http:\/\/mersinekonomipolitikagazetesi.com\/?p=5842"},"modified":"2020-11-04T18:26:17","modified_gmt":"2020-11-04T15:26:17","slug":"chp-mersin-il-baskanligina-alptekin-eser-de-talip-oldu-cesur-yurek","status":"publish","type":"post","link":"https:\/\/mersinekonomipolitikagazetesi.com\/?p=5842","title":{"rendered":"CHP MERS\u0130N \u0130L BA\u015eKANLI\u011eINA ALPTEK\u0130N ESER DE TAL\u0130P OLDU CESUR Y\u00dcREK&#8230;"},"content":{"rendered":"<p>Cumhuriyet Halk Partisi\u2019nde ola\u011fan kongre s\u00fcreci devam ediyor. Mersin CHP \u0130l Binas\u0131\u2019nda ger\u00e7ekle\u015fen bas\u0131n toplant\u0131s\u0131nda Alptekin Eser il ba\u015fkanl\u0131\u011f\u0131 i\u00e7in aday oldu\u011funu kamuoyuyla payla\u015ft\u0131. Eser, \u201cKongrede \u00e7ar\u015faf listeyi savunuyoruz bunu sonuna kadar savunaca\u011f\u0131m.\u201d dedi<br \/>\nCHP Mersin \u0130l binas\u0131nda partililer ve bas\u0131n \u00e7al\u0131\u015fanlar\u0131yla bir araya gelen kat\u0131l\u0131m\u0131n fazlal\u0131\u011f\u0131yla moral buldu\u011funu belirten Eser, \u201cCumhuriyet Halk Partisi d\u00f6rt duvar aras\u0131nda verilen dilek\u00e7eyle kurulmad\u0131. Cumhuriyet Halk Partisi d\u00fcnyada ki tek ve \u00f6zel partidir. Ba\u015f\u0131nda Mustafa Kemal Atat\u00fcrk olmak \u00fczere sava\u015f meydanlar\u0131nda ve cephelerde kurulmu\u015ftur.\u201d diye konu\u015ftu.<br \/>\n\u201cCHP \u0130l Ba\u015fkan\u0131 4 duvar aras\u0131nda a\u00e7\u0131klama yapmamal\u0131d\u0131r\u201d<br \/>\n\u0130l ba\u015fkanl\u0131\u011f\u0131 se\u00e7im d\u00f6neminin yakla\u015fmas\u0131yla ba\u015flayan adayl\u0131k s\u00fcrecinde Eser, \u201cBu partinin il ba\u015fkan\u0131 d\u00f6rt duvar aras\u0131nda a\u00e7\u0131klama yapmamal\u0131d\u0131r. \u0130l ba\u015fkan\u0131 adaylar\u0131 meydanlarda a\u00e7\u0131klamalar yapmal\u0131d\u0131r ve bu partinin mazisinden g\u00fc\u00e7 almal\u0131d\u0131r.\u201d dedi.<\/p>\n<p>\u201cPartiye hayat\u0131n\u0131 veren herkesle bir olaca\u011f\u0131z\u201d<\/p>\n<p>Mersinde Cumhuriyet Halk Partisi\u2019nin en iyi noktaya gelmesi i\u00e7in \u00e7al\u0131\u015facaklar\u0131n\u0131 ifade eden Eser, \u201cBurada 16 \u015eubat tarihinde yap\u0131lacak olan CHP Mersin \u0130l Ba\u015fkan Adayl\u0131\u011f\u0131m\u0131 a\u00e7\u0131klamak i\u00e7in topland\u0131k. \u0130n\u015fallah ba\u015faraca\u011f\u0131z ve Mersin\u2019de di\u011fer d\u00f6rt belediye ba\u015fkan\u0131m\u0131zla birlikte bu partiye hayat\u0131n\u0131 veren herkesle bir olaca\u011f\u0131z.\u201d diyerek adayl\u0131\u011f\u0131n\u0131 a\u00e7\u0131klad\u0131.\u00a0<\/p>\n","protected":false},"excerpt":{"rendered":"<p>Cumhuriyet Halk Partisi\u2019nde ola\u011fan kongre s\u00fcreci devam ediyor. Mersin CHP \u0130l Binas\u0131\u2019nda ger\u00e7ekle\u015fen bas\u0131n toplant\u0131s\u0131nda Alptekin Eser il ba\u015fkanl\u0131\u011f\u0131 i\u00e7in aday oldu\u011funu kamuoyuyla payla\u015ft\u0131. Eser, \u201cKongrede \u00e7ar\u015faf listeyi savunuyoruz bunu &hellip; <a href=\"https:\/\/mersinekonomipolitikagazetesi.com\/?p=5842\" class=\"more-link\">Devam\u0131n\u0131 Oku&#8230;<\/a><\/p>\n","protected":false},"author":1,"featured_media":0,"comment_status":"open","ping_status":"open","sticky":false,"template":"","format":"standard","meta":[],"categories":[],"tags":[],"_links":{"self":[{"href":"https:\/\/mersinekonomipolitikagazetesi.com\/index.php?rest_route=\/wp\/v2\/posts\/5842"}],"collection":[{"href":"https:\/\/mersinekonomipolitikagazetesi.com\/index.php?rest_route=\/wp\/v2\/posts"}],"about":[{"href":"https:\/\/mersinekonomipolitikagazetesi.com\/index.php?rest_route=\/wp\/v2\/types\/post"}],"author":[{"embeddable":true,"href":"https:\/\/mersinekonomipolitikagazetesi.com\/index.php?rest_route=\/wp\/v2\/users\/1"}],"replies":[{"embeddable":true,"href":"https:\/\/mersinekonomipolitikagazetesi.com\/index.php?rest_route=%2Fwp%2Fv2%2Fcomments&post=5842"}],"version-history":[{"count":0,"href":"https:\/\/mersinekonomipolitikagazetesi.com\/index.php?rest_route=\/wp\/v2\/posts\/5842\/revisions"}],"wp:attachment":[{"href":"https:\/\/mersinekonomipolitikagazetesi.com\/index.php?rest_route=%2Fwp%2Fv2%2Fmedia&parent=5842"}],"wp:term":[{"taxonomy":"category","embeddable":true,"href":"https:\/\/mersinekonomipolitikagazetesi.com\/index.php?rest_route=%2Fwp%2Fv2%2Fcategories&post=5842"},{"taxonomy":"post_tag","embeddable":true,"href":"https:\/\/mersinekonomipolitikagazetesi.com\/index.php?rest_route=%2Fwp%2Fv2%2Ftags&post=5842"}],"curies":[{"name":"wp","href":"https:\/\/api.w.org\/{rel}","templated":true}]}}