{"id":5857,"date":"2020-11-04T18:26:18","date_gmt":"2020-11-04T15:26:18","guid":{"rendered":"http:\/\/mersinekonomipolitikagazetesi.com\/?p=5857"},"modified":"2020-11-04T18:26:18","modified_gmt":"2020-11-04T15:26:18","slug":"chp-mersinde-il-kongre-delegelerine-imza-icin-baski-yapiliyor-mu","status":"publish","type":"post","link":"https:\/\/mersinekonomipolitikagazetesi.com\/?p=5857","title":{"rendered":"CHP MERS\u0130N\u2019DE \u0130L KONGRE DELEGELER\u0130NE \u0130MZA \u0130\u00c7\u0130N BASKI YAPILIYOR MU?"},"content":{"rendered":"<div><span style=\"font-size: 12px;\">CHP Mersin \u0130l Kongresi&#8217;ne say\u0131l\u0131 g\u00fcnler kala sular iyice \u0131s\u0131nd\u0131. CHP \u00fcyelerinin ve Alptekin Eser&#8217;in &#8216;\u00c7ar\u015faf liste&#8217; ile yap\u0131lmas\u0131 istenen se\u00e7imi, Adil Aktay &#8216;\u0131n istememesi sert bir \u015fekilde ele\u015ftirildi. B\u00fcy\u00fck\u015fehir Beldiye Ba\u015fkan\u0131 Vahap Se\u00e7er\u2019inde kongrede blok liste \u00f6nergesine imza i\u00e7in bizzat devreye girdi\u011fi, bununda tabanda \u00e7ok b\u00fcy\u00fck tepki toplad\u0131\u011f\u0131 konu\u015fuluyor.\u00a0<\/span><\/div>\n<div>\u00a0<\/div>\n<div><span style=\"font-size: 12px;\">Mevcut Cumhuriyet Halk Partisi \u0130l Ba\u015fkan\u0131 Adil Aktay\u2019\u0131n ge\u00e7ti\u011fimiz g\u00fcnlerde kapal\u0131 odada sadece \u0130l\u00e7e ba\u015fkanlar\u0131yla yapt\u0131\u011f\u0131 toplant\u0131da adayl\u0131\u011f\u0131n\u0131 a\u00e7\u0131klam\u0131\u015ft\u0131. Alptekin Eser de adayl\u0131\u011f\u0131n\u0131 partililerin ve halk\u0131n kat\u0131l\u0131m\u0131yla, parti \u00f6n\u00fcnde daha \u00e7o\u015fkulu bir a\u00e7\u0131klamayla duyurmu\u015ftu. Kongreye kadar daha ba\u015fka adaylar\u0131nda \u00e7\u0131kabilece\u011fi de CHP kulislerinde s\u00f6yleniyor. Adil Aktay&#8217;\u0131n adayl\u0131k a\u00e7\u0131klamas\u0131n\u0131 parti binas\u0131nda yaparken partilileri neden davet etmeyip sadece \u0130l\u00e7e ba\u015fkanlar\u0131, kad\u0131n kollar\u0131 ba\u015fkanlar\u0131 ve gen\u00e7lik kollar\u0131 ba\u015fkanlar\u0131n\u0131 yan\u0131na alarak yapt\u0131\u011f\u0131 merak konusu oldu. Delegeler \u00fczerinde il\u00e7e ba\u015fkanlar\u0131 arat\u0131larak Alptekin Eser&#8217;e adayl\u0131k imzas\u0131 verilmemesi y\u00f6n\u00fcnde bask\u0131 iddialar\u0131 ve Aktay&#8217;\u0131n \u00e7ar\u015faf liste istememesi, CHP taban\u0131nda giderek b\u00fcy\u00fck tepkiye ve isyana d\u00f6n\u00fc\u015f\u00fcyor. Partililer, &#8220;O zaman kongreye ne gerek var?&#8221; diyerek tepki g\u00f6steriyor.\u00a0<\/span><\/div>\n<div>\u00a0<\/div>\n<div><span style=\"font-size: 12px;\">Aktay Neden \u00c7ar\u015faf Liste \u0130stemiyor?\u00a0<\/span><\/div>\n<div>\u00a0<\/div>\n<div><span style=\"font-size: 12px;\">CHP taban\u0131n b\u00fcy\u00fck bir \u00e7o\u011funlu\u011fu, taban t\u00fcz\u00fc\u011f\u00fcn amir h\u00fckm\u00fc olan, daha demokratik ve t\u00fcm adaylar\u0131 kucaklad\u0131\u011f\u0131, kutupla\u015fmay\u0131 \u00f6nledi\u011fi i\u00e7in &#8216;\u00c7ar\u015faf liste\u2019 ile se\u00e7im yap\u0131lmas\u0131n\u0131 istiyor.\u00a0<\/span><\/div>\n<div><span style=\"font-size: 12px;\">CHP taban\u0131nda en \u00e7ok \u015fikayet\u00e7i olunan \u00f6zellikle ula\u015f\u0131lmas\u0131 zor bir \u0130l ba\u015fkan\u0131 olmas\u0131 y\u00f6n\u00fcnden \u00e7ok\u00e7a ele\u015ftirilen Adil Aktay\u2019\u0131n tek se\u00e7ici olarak belirledi\u011fi son y\u00f6netim kurulunun pasif kald\u0131\u011f\u0131n\u0131 dirayetli bir \u00e7al\u0131\u015fma yapamad\u0131\u011f\u0131, CHP kulislerinde yayg\u0131n bir kanaat olmu\u015f durumda. \u00d6te yandan adaylardan Alptekin Eser, her f\u0131rsatta \u00e7ar\u015faf listeyle se\u00e7imi savundu\u011fu halde, Adil Aktay bu konuda sessizli\u011fini koruyor.\u00a0<\/span><\/div>\n<div>\u00a0<\/div>\n<div><span style=\"font-size: 12px;\">&#8220;Asker Delege \u0130stekleri Yer Al\u0131yor&#8221;\u00a0<\/span><\/div>\n<div>\u00a0<\/div>\n<div><span style=\"font-size: 12px;\">CHP taban\u0131 bu konuda Adil Aktay\u2019\u0131n ka\u00e7ak g\u00fcre\u015fti\u011fini demokrat bir tav\u0131r koyamad\u0131\u011f\u0131n\u0131 d\u00fc\u015f\u00fcn\u00fcyor. Hatta Aktay&#8217;\u0131n el alt\u0131ndan blok liste \u00f6nergesi i\u00e7in delegelerden imza toplad\u0131\u011f\u0131 konu\u015fuluyor. Bu tutumun alt\u0131nda Mersin B\u00fcy\u00fck\u015fehir Belediye Ba\u015fkan\u0131 Vahap Se\u00e7er ve Adil Aktay&#8217;\u0131n as\u0131l \u00f6nemli olan b\u00fcy\u00fck kurultay i\u00e7in \u201casker delege\u201d istekleri yer al\u0131yor. B\u00f6ylelikle hem de genel Ba\u015fkan K\u0131l\u0131\u00e7daro\u011flu\u2019na kar\u015f\u0131 pazarl\u0131k g\u00fcc\u00fcn\u00fc hemde gelecekte t\u00fcm milletvekillerini ve belediye ba\u015fkanlar\u0131n\u0131, meclis \u00fcyelerini belirleme yetkisi elde edilmeye \u00e7al\u0131\u015f\u0131ld\u0131\u011f\u0131 ifade ediliyor.\u00a0<\/span><\/div>\n<div>\u00a0<\/div>\n<div><span style=\"font-size: 12px;\">Vahap Se\u00e7er Neden Aktay&#8217;da Israrc\u0131?\u00a0<\/span><\/div>\n<div>\u00a0<\/div>\n<div><span style=\"font-size: 12px;\">CHP taban\u0131nda il\u00e7e kongreleri biter bitmez, il\u00e7e ba\u015fkanlar\u0131n\u0131 toplay\u0131p Adil Aktay\u2019\u0131n tek aday olarak dayat\u0131lmas\u0131 nedeniyle, b\u00fct\u00fcn il\u00e7elerde tabanda B\u00fcy\u00fck\u015fehir Belediye Ba\u015fkan\u0131 Vahap Se\u00e7er\u2019e tepki do\u011furdu\u011fu, \u201cO zaman kongreye ne gerek var?\u201d denildi\u011fi \u00f6\u011frenildi.\u00a0<\/span><\/div>\n<div><span style=\"font-size: 12px;\">CHP taban\u0131nda tek liste dayatmas\u0131n\u0131 \u201cBizim AKP ve MHP\u2019den ne fark\u0131m\u0131z kald\u0131?\u201d diye konu\u015fulmas\u0131na neden oluyor.<\/span><\/div>\n<div><span style=\"font-size: 12px;\">Vahap Se\u00e7er\u2019in \u00f6zellikle \u201ci\u015f\u00e7i al\u0131m\u0131 silah\u0131n\u0131 kullanarak\u201d il\u00e7e ba\u015fkanlar\u0131n\u0131 tek aday, tek listeye zorlad\u0131\u011f\u0131 konu\u015fuluyor. Bu tutum CHP taban\u0131nda B\u00fcy\u00fck\u015fehir adayl\u0131k s\u00fcrecinda Ba\u015fkan Se\u00e7er\u2019den yana a\u00e7\u0131k destek veren \u201cAdil Aktay\u2019a se\u00e7im diyeti mi \u00f6deniyor?\u201d, sorusunun sorulmas\u0131na neden oluyor.<\/span><\/div>\n<div>\u00a0<\/div>\n<div><span style=\"font-size: 12px;\">Aktay Partililere Mesaj m\u0131 G\u00f6nderdi?\u00a0<\/span><\/div>\n<div>\u00a0<\/div>\n<div><span style=\"font-size: 12px;\">CHP taban\u0131 ve delegeler iddia edilen t\u00fcm bu ve dayatmalara ra\u011fmen parti i\u00e7i demokrasinin ya\u015fat\u0131lmas\u0131 i\u00e7in direndiklerini belirttiler. Biat partisi olmayan CHP parti k\u00fclt\u00fcr\u00fcnde bu t\u00fcr dayatmalar\u0131n hep ters tepti\u011fini hat\u0131rlatan partililer, tek adayla se\u00e7ime gidilmesinin \u00e7ok yanl\u0131\u015f oldu\u011funu, bu nedenle se\u00e7im ibresinin \u00e7ar\u015faf listeyle daha demokratik bir kongre ve se\u00e7im vaad eden, taban\u0131n sempatiyle bakt\u0131\u011f\u0131 Alptekin Eser\u2019in kazanaca\u011f\u0131 konusunda hemfikir oldular. Alptekin Eser\u2019in co\u015fkulu bas\u0131n a\u00e7\u0131klamas\u0131ndan, Adil Aktay\u2019\u0131n korktu\u011fu ve \u00f6nceki g\u00fcn partililer CHP \u0130l y\u00f6netiminin logosuyla anlams\u0131z bir k\u0131sa mesaj(SMS) att\u0131\u011f\u0131 konu\u015fuluyor.<\/span><\/div>\n","protected":false},"excerpt":{"rendered":"<p>CHP Mersin \u0130l Kongresi&#8217;ne say\u0131l\u0131 g\u00fcnler kala sular iyice \u0131s\u0131nd\u0131. CHP \u00fcyelerinin ve Alptekin Eser&#8217;in &#8216;\u00c7ar\u015faf liste&#8217; ile yap\u0131lmas\u0131 istenen se\u00e7imi, Adil Aktay &#8216;\u0131n istememesi sert bir \u015fekilde ele\u015ftirildi. B\u00fcy\u00fck\u015fehir &hellip; <a href=\"https:\/\/mersinekonomipolitikagazetesi.com\/?p=5857\" class=\"more-link\">Devam\u0131n\u0131 Oku&#8230;<\/a><\/p>\n","protected":false},"author":1,"featured_media":0,"comment_status":"open","ping_status":"open","sticky":false,"template":"","format":"standard","meta":[],"categories":[],"tags":[],"_links":{"self":[{"href":"https:\/\/mersinekonomipolitikagazetesi.com\/index.php?rest_route=\/wp\/v2\/posts\/5857"}],"collection":[{"href":"https:\/\/mersinekonomipolitikagazetesi.com\/index.php?rest_route=\/wp\/v2\/posts"}],"about":[{"href":"https:\/\/mersinekonomipolitikagazetesi.com\/index.php?rest_route=\/wp\/v2\/types\/post"}],"author":[{"embeddable":true,"href":"https:\/\/mersinekonomipolitikagazetesi.com\/index.php?rest_route=\/wp\/v2\/users\/1"}],"replies":[{"embeddable":true,"href":"https:\/\/mersinekonomipolitikagazetesi.com\/index.php?rest_route=%2Fwp%2Fv2%2Fcomments&post=5857"}],"version-history":[{"count":0,"href":"https:\/\/mersinekonomipolitikagazetesi.com\/index.php?rest_route=\/wp\/v2\/posts\/5857\/revisions"}],"wp:attachment":[{"href":"https:\/\/mersinekonomipolitikagazetesi.com\/index.php?rest_route=%2Fwp%2Fv2%2Fmedia&parent=5857"}],"wp:term":[{"taxonomy":"category","embeddable":true,"href":"https:\/\/mersinekonomipolitikagazetesi.com\/index.php?rest_route=%2Fwp%2Fv2%2Fcategories&post=5857"},{"taxonomy":"post_tag","embeddable":true,"href":"https:\/\/mersinekonomipolitikagazetesi.com\/index.php?rest_route=%2Fwp%2Fv2%2Ftags&post=5857"}],"curies":[{"name":"wp","href":"https:\/\/api.w.org\/{rel}","templated":true}]}}