{"id":5859,"date":"2020-11-04T18:26:18","date_gmt":"2020-11-04T15:26:18","guid":{"rendered":"http:\/\/mersinekonomipolitikagazetesi.com\/?p=5859"},"modified":"2020-11-04T18:26:18","modified_gmt":"2020-11-04T15:26:18","slug":"mesiad-mimarlar-odasi-ile-mersinin-gelecegini-gorustu-mersinin-imar-planinin-olmamasi-aci-bir-durum","status":"publish","type":"post","link":"https:\/\/mersinekonomipolitikagazetesi.com\/?p=5859","title":{"rendered":"MES\u0130AD M\u0130MARLAR ODASI \u0130LE MERS\u0130N\u2019\u0130N GELECE\u011e\u0130N\u0130 G\u00d6R\u00dc\u015eT\u00dc  &#8221; Mersin\u2019in imar plan\u0131n\u0131n olmamas\u0131 ac\u0131 bir durum&#8221;"},"content":{"rendered":"<div><span style=\"font-size: 12px;\">Mersin Sanayicileri ve \u0130\u015f \u0130nsanlar\u0131 Derne\u011fi\u00a0 Ba\u015fkan\u0131 Hasan Engin\u00a0 yeni se\u00e7ilen Mimarlar Odas\u0131 Ba\u015fkan\u0131 \u00dcnal \u015eahin\u2019i ziyaret etti.<\/span><\/div>\n<div><span style=\"font-size: 12px;\">Mersin Sanayicileri ve \u0130\u015f \u0130nsanlar\u0131 Derne\u011fi (MES\u0130AD)\u00a0 Ba\u015fkan\u0131 Hasan Engin ve Y\u00f6netim Kurulu \u00dcyeleri Mehmet Ali Akdemir, Fevzi Boyraz, Ali Can, \u00d6zg\u00fcr Emire, Mimarlar Odas\u0131 Ba\u015fkan\u0131 \u00dcnal \u015eahin ve\u00a0 yeni se\u00e7ilen y\u00f6netim kurulunu ziyaret etti.Mersin\u2019e kazand\u0131r\u0131lacak projeler hakk\u0131nda bilgi al\u0131\u015fveri\u015fi yapan ba\u015fkanlar birlik vurgusu yapt\u0131.<\/span><\/div>\n<div>\u00a0<\/div>\n<div><span style=\"font-size: 12px;\">\u015eAH\u0130N: \u201cB\u00fcy\u00fck\u015fehir\u2019e sorun ve g\u00f6r\u00fc\u015fleri ilettik fakat s\u00fcre\u00e7leri uzamaktad\u0131r\u201d<\/span><\/div>\n<div>\u00a0<\/div>\n<div>\u00a0<\/div>\n<div><span style=\"font-size: 12px;\">Kentin teknik ve i\u015f d\u00fcnyas\u0131 ile ilgili platformlar\u0131n\u0131n bulu\u015fmas\u0131 a\u00e7\u0131s\u0131ndan bir araya gelinmesinin \u00e7ok \u00f6nemli oldu\u011funa vurgu yapan Mimarlar Odas\u0131 Ba\u015fkan\u0131 \u00dcnal\u00a0 \u015eahin, \u201cNe yaz\u0131k ki Mersin, T\u00fcrkiye\u2019de imar plan\u0131 olmayan tek kent \u00f6zelli\u011fini ta\u015f\u0131makta. Bu durumla ilgili \u015fikayetlerimizi ve g\u00f6r\u00fc\u015flerimizi B\u00fcy\u00fck\u015fehir Belediyesine defalarca ilettik fakat kesin \u00e7\u00f6z\u00fcm s\u00fcre\u00e7leri gittik\u00e7e uzamaktad\u0131r.\u201d diye konu\u015ftu.<\/span><\/div>\n<div>\u00a0<\/div>\n<div>\u00a0<\/div>\n<div><span style=\"font-size: 12px;\">\u015eAH\u0130N: \u201cMES\u0130AD\u2019\u0131n \u00f6nemli etkisi var.\u201d<\/span><\/div>\n<div>\u00a0<\/div>\n<div>\u00a0<\/div>\n<div>\u00a0<\/div>\n<div><span style=\"font-size: 12px;\">Daha ya\u015fan\u0131labilir bir kent i\u00e7in iki kurumun g\u00fc\u00e7lerini birle\u015ftirmesinin\u00a0 b\u00fcy\u00fck ses getirece\u011fini belirten \u015eahin, \u201cS\u00fcreci MES\u0130AD gibi kent sorunlar\u0131nda aktif rol oynayan ve yapt\u0131r\u0131m g\u00fcc\u00fc yads\u0131namayacak bir kurumla y\u00fcr\u00fctmek istiyoruz. Di\u011fer bir yandan MES\u0130AD\u2019\u0131n \u00f6nc\u00fcs\u00fc oldu\u011fu \u2018Mersin Nefes \u0130stiyor\u2018 projesi konusunda Bakan\u0131m\u0131z Say\u0131n L\u00fctfi Elvan\u2019\u0131 bilgilendirdik ve ilerleyen zamanda valimiz ile millet bah\u00e7esi projesinde bir tak\u0131m g\u00f6r\u00fc\u015fmeler sa\u011flad\u0131k. Milet Bah\u00e7esi nitelikli bir proje ve burada MES\u0130AD\u2019\u0131n \u00f6nemli etkisi var.\u201d \u015feklinde konu\u015ftu.<\/span><\/div>\n<div><span style=\"font-size: 12px;\">\u00a0<\/span><\/div>\n<div>\u00a0<\/div>\n<div><span style=\"font-size: 12px;\">\u201cBu kentte imar plan\u0131n\u0131n olmamas\u0131 ac\u0131 bir durum\u201d<\/span><\/div>\n<div>\u00a0<\/div>\n<div>\u00a0<\/div>\n<div>\u00a0<\/div>\n<div><span style=\"font-size: 12px;\">MES\u0130AD Ba\u015fkan\u0131 Hasan Engin ise,\u00a0 \u201cBu kentte imar plan\u0131n\u0131n olmamas\u0131 ac\u0131 bir durum. Bizler bu sorunlar\u0131 devlet nezdinde ilettik. Mimarlar Odas\u0131 projelendirme ve ruhsatland\u0131rma konusunda en fazla bilgiye sahip kurum ve kentin yap\u0131la\u015fmas\u0131nda mutlaka g\u00f6r\u00fc\u015flerinin al\u0131nmas\u0131 gerekir. Kentin mevzi imarlar ile ge\u00e7i\u015ftirilen k\u00f6t\u00fc bir durumu var. 3-4 ayda bitecek 5 binlik planlar, kurum g\u00f6r\u00fc\u015flerinin ve k\u0131s\u0131tlar\u0131n kald\u0131r\u0131lmas\u0131yla erken hizmete sunulacak olan planlar \u00e7e\u015fitli b\u00fcrokratik sebeplerden dolay\u0131 ask\u0131da beklemektedir.\u201d diyerek konuyla ilgili \u00e7al\u0131\u015fmalar\u0131n h\u0131zland\u0131r\u0131lmas\u0131 gerekti\u011fine vurgu yapt\u0131.<\/span><\/div>\n<div><span style=\"font-size: 12px;\">\u201cOlumlu ve olumsuz g\u00f6r\u00fc\u015flerimizi ilgili kurumlara iletiyoruz\u201d<\/span><\/div>\n<div><span style=\"font-size: 12px;\">MES\u0130AD olarak kent ve b\u00f6lgeyle ilgili\u00a0 her projeyi yerinde inceleyip, raporlay\u0131p\u00a0 kent halk\u0131yla payla\u015ft\u0131klar\u0131n\u0131 belirten Ba\u015fkan Engin, \u201cOlumlu ve olumsuz g\u00f6r\u00fc\u015flerimizi ilgili kurumlara iletiyoruz. Kentsel d\u00f6n\u00fc\u015f\u00fcm i\u00e7in yerel y\u00f6netimlerin \u00e7ok h\u0131zl\u0131 ad\u0131mlar atmas\u0131n\u0131, kentin sosyal, ekonomik ve ya\u015famsal durumunu \u00f6nemsiyoruz.\u201d diye konu\u015ftu.<\/span><\/div>\n<div><span style=\"font-size: 12px;\">\u201cBir araya gelmeliyiz\u201d<\/span><\/div>\n<div><span style=\"font-size: 12px;\">Kent dinamiklerinin birlik ve aktif i\u015fbirli\u011fi yapmas\u0131 gerekti\u011fini belirten Engin, \u201cBu unsurlar bizim \u00e7ok \u00f6nemli. Kentin sivil toplum kurulu\u015flar\u0131 olarak bu \u015fehrin sorunlar\u0131nda birle\u015ferek ortak bir a\u00e7\u0131klama yaparak; s\u00fcrekli ve aktif i\u015fbirlikleri, ortak projelerde bir araya gelmeliyiz. Bu tarz giri\u015fimler ile kent sorunlar\u0131n\u0131n h\u0131zl\u0131 bir \u015fekilde \u00e7\u00f6z\u00fcme kavu\u015fmas\u0131 i\u00e7in b\u00fcy\u00fck fark\u0131ndal\u0131k yaratacakt\u0131r.\u201d ifadelerini kulland\u0131.<\/span><\/div>\n","protected":false},"excerpt":{"rendered":"<p>Mersin Sanayicileri ve \u0130\u015f \u0130nsanlar\u0131 Derne\u011fi\u00a0 Ba\u015fkan\u0131 Hasan Engin\u00a0 yeni se\u00e7ilen Mimarlar Odas\u0131 Ba\u015fkan\u0131 \u00dcnal \u015eahin\u2019i ziyaret etti. Mersin Sanayicileri ve \u0130\u015f \u0130nsanlar\u0131 Derne\u011fi (MES\u0130AD)\u00a0 Ba\u015fkan\u0131 Hasan Engin ve Y\u00f6netim &hellip; <a href=\"https:\/\/mersinekonomipolitikagazetesi.com\/?p=5859\" class=\"more-link\">Devam\u0131n\u0131 Oku&#8230;<\/a><\/p>\n","protected":false},"author":1,"featured_media":0,"comment_status":"open","ping_status":"open","sticky":false,"template":"","format":"standard","meta":[],"categories":[],"tags":[],"_links":{"self":[{"href":"https:\/\/mersinekonomipolitikagazetesi.com\/index.php?rest_route=\/wp\/v2\/posts\/5859"}],"collection":[{"href":"https:\/\/mersinekonomipolitikagazetesi.com\/index.php?rest_route=\/wp\/v2\/posts"}],"about":[{"href":"https:\/\/mersinekonomipolitikagazetesi.com\/index.php?rest_route=\/wp\/v2\/types\/post"}],"author":[{"embeddable":true,"href":"https:\/\/mersinekonomipolitikagazetesi.com\/index.php?rest_route=\/wp\/v2\/users\/1"}],"replies":[{"embeddable":true,"href":"https:\/\/mersinekonomipolitikagazetesi.com\/index.php?rest_route=%2Fwp%2Fv2%2Fcomments&post=5859"}],"version-history":[{"count":0,"href":"https:\/\/mersinekonomipolitikagazetesi.com\/index.php?rest_route=\/wp\/v2\/posts\/5859\/revisions"}],"wp:attachment":[{"href":"https:\/\/mersinekonomipolitikagazetesi.com\/index.php?rest_route=%2Fwp%2Fv2%2Fmedia&parent=5859"}],"wp:term":[{"taxonomy":"category","embeddable":true,"href":"https:\/\/mersinekonomipolitikagazetesi.com\/index.php?rest_route=%2Fwp%2Fv2%2Fcategories&post=5859"},{"taxonomy":"post_tag","embeddable":true,"href":"https:\/\/mersinekonomipolitikagazetesi.com\/index.php?rest_route=%2Fwp%2Fv2%2Ftags&post=5859"}],"curies":[{"name":"wp","href":"https:\/\/api.w.org\/{rel}","templated":true}]}}