{"id":5860,"date":"2020-11-04T18:26:18","date_gmt":"2020-11-04T15:26:18","guid":{"rendered":"http:\/\/mersinekonomipolitikagazetesi.com\/?p=5860"},"modified":"2020-11-04T18:26:18","modified_gmt":"2020-11-04T15:26:18","slug":"aclik-intiharlari-meclisin-kapisina-kadar-dayandi","status":"publish","type":"post","link":"https:\/\/mersinekonomipolitikagazetesi.com\/?p=5860","title":{"rendered":"A\u00e7l\u0131k intiharlar\u0131 meclisin kap\u0131s\u0131na kadar dayand\u0131"},"content":{"rendered":"<div><span style=\"font-size: 12px;\">T\u00fcrkiye B\u00fcy\u00fck Millet Meclisi \u00c7ankaya Kap\u0131s\u0131 giri\u015finde bir vatanda\u015f\u0131n intihar giri\u015fiminde bulunmas\u0131 Ba\u015far\u0131r\u2019\u0131 isyan ettirdi. Ba\u015far\u0131r, \u201cA\u00e7l\u0131k intiharlar\u0131 meclisin kap\u0131s\u0131na kadar dayand\u0131\u201d dedi.<\/span><\/div>\n<div>\u00a0<\/div>\n<div><span style=\"font-size: 12px;\">TBMM \u00c7ankaya kap\u0131s\u0131nda sabah saatlerinde 35 ya\u015flar\u0131ndaki bir vatanda\u015f \u00fczerine benzin d\u00f6kerek intihar giri\u015fiminde bulundu. \u0130ntihar etmeye \u00e7al\u0131\u015fan vatanda\u015f \u201cA\u00e7\u0131m, \u00e7ocuklar\u0131m a\u00e7!\u201d diyerek kendini yakmaya \u00e7al\u0131\u015ft\u0131. Cumhuriyet Halk Partisi Mersin Milletvekili Ali Mahir Ba\u015far\u0131r, intihar giri\u015fimine y\u00f6nelik \u201cA\u00e7l\u0131k intiharlar\u0131 Meclis\u2019in kap\u0131s\u0131na dayand\u0131\u201d diyerek h\u00fck\u00fcmete tepki g\u00f6sterdi.<\/span><\/div>\n<div>\u00a0<\/div>\n<div><span style=\"font-size: 12px;\">\u201cDaha ka\u00e7 vatanda\u015f\u0131m\u0131z\u0131n hayattan kopmas\u0131 gerekiyor\u201d<\/span><\/div>\n<div>\u00a0<\/div>\n<div><span style=\"font-size: 12px;\">Kendisini yakmaya \u00e7al\u0131\u015fan vatanda\u015f\u0131 g\u00f6ren polislerin m\u00fcdahale etmesi sonucu kurtar\u0131ld\u0131\u011f\u0131 belirtilen vatanda\u015f\u0131n \u00f6nce polis noktas\u0131na sonrada ambulansa g\u00f6t\u00fcr\u00fcld\u00fc\u011f\u00fc belirtildi.<\/span><\/div>\n<div>\u00a0<\/div>\n<div><span style=\"font-size: 12px;\">Ba\u015far\u0131r ise, \u201c\u0130ktidar\u0131n, \u00fclkedeki i\u015fsizli\u011fin ve ekonomik krizin fark\u0131na varmas\u0131 i\u00e7in daha ka\u00e7 vatanda\u015f\u0131m\u0131z\u0131n hayattan kopmas\u0131 gerekiyor.\u201d diye konu\u015ftu.<\/span><\/div>\n","protected":false},"excerpt":{"rendered":"<p>T\u00fcrkiye B\u00fcy\u00fck Millet Meclisi \u00c7ankaya Kap\u0131s\u0131 giri\u015finde bir vatanda\u015f\u0131n intihar giri\u015fiminde bulunmas\u0131 Ba\u015far\u0131r\u2019\u0131 isyan ettirdi. Ba\u015far\u0131r, \u201cA\u00e7l\u0131k intiharlar\u0131 meclisin kap\u0131s\u0131na kadar dayand\u0131\u201d dedi. \u00a0 TBMM \u00c7ankaya kap\u0131s\u0131nda sabah saatlerinde 35 &hellip; <a href=\"https:\/\/mersinekonomipolitikagazetesi.com\/?p=5860\" class=\"more-link\">Devam\u0131n\u0131 Oku&#8230;<\/a><\/p>\n","protected":false},"author":1,"featured_media":0,"comment_status":"open","ping_status":"open","sticky":false,"template":"","format":"standard","meta":[],"categories":[],"tags":[],"_links":{"self":[{"href":"https:\/\/mersinekonomipolitikagazetesi.com\/index.php?rest_route=\/wp\/v2\/posts\/5860"}],"collection":[{"href":"https:\/\/mersinekonomipolitikagazetesi.com\/index.php?rest_route=\/wp\/v2\/posts"}],"about":[{"href":"https:\/\/mersinekonomipolitikagazetesi.com\/index.php?rest_route=\/wp\/v2\/types\/post"}],"author":[{"embeddable":true,"href":"https:\/\/mersinekonomipolitikagazetesi.com\/index.php?rest_route=\/wp\/v2\/users\/1"}],"replies":[{"embeddable":true,"href":"https:\/\/mersinekonomipolitikagazetesi.com\/index.php?rest_route=%2Fwp%2Fv2%2Fcomments&post=5860"}],"version-history":[{"count":0,"href":"https:\/\/mersinekonomipolitikagazetesi.com\/index.php?rest_route=\/wp\/v2\/posts\/5860\/revisions"}],"wp:attachment":[{"href":"https:\/\/mersinekonomipolitikagazetesi.com\/index.php?rest_route=%2Fwp%2Fv2%2Fmedia&parent=5860"}],"wp:term":[{"taxonomy":"category","embeddable":true,"href":"https:\/\/mersinekonomipolitikagazetesi.com\/index.php?rest_route=%2Fwp%2Fv2%2Fcategories&post=5860"},{"taxonomy":"post_tag","embeddable":true,"href":"https:\/\/mersinekonomipolitikagazetesi.com\/index.php?rest_route=%2Fwp%2Fv2%2Ftags&post=5860"}],"curies":[{"name":"wp","href":"https:\/\/api.w.org\/{rel}","templated":true}]}}