{"id":5862,"date":"2020-11-04T18:26:18","date_gmt":"2020-11-04T15:26:18","guid":{"rendered":"http:\/\/mersinekonomipolitikagazetesi.com\/?p=5862"},"modified":"2020-11-04T18:26:18","modified_gmt":"2020-11-04T15:26:18","slug":"mersinlilerin-sesi-olan-abdullah-ozdemir-%ef%bb%bf-konteyner-limani-projesi-mersine-aittir","status":"publish","type":"post","link":"https:\/\/mersinekonomipolitikagazetesi.com\/?p=5862","title":{"rendered":"MERS\u0130NL\u0130LER\u0130N SES\u0130 OLAN ABDULLAH \u00d6ZDEM\u0130R: \ufeff KONTEYNER L\u0130MANI PROJES\u0130 MERS\u0130N&#8217;E A\u0130TT\u0130R"},"content":{"rendered":"<div dir=\"auto\" style=\"font-size: small; color: rgb(34, 34, 34); font-family: Arial, Helvetica, sans-serif;\">2020 Y\u0131l\u0131 Cumhurba\u015fkanl\u0131\u011f\u0131 Y\u0131ll\u0131k Program\u0131\u2018nda yer alan \u00c7ukurova Havaliman\u0131 \u00e7al\u0131\u015fmalar\u0131n\u0131n da ba\u015flayaca\u011f\u0131 programa ili\u015fkin MTB Ba\u015fkan\u0131 \u00d6zdemir, &#8216;Mersin Konteyner Liman\u0131&#8217; olarak adland\u0131r\u0131lan projeye sahip \u00e7\u0131k\u0131lmas\u0131 i\u00e7in destek isteyerek Mersinlilerin sesi oldu.<\/div>\n<div dir=\"auto\" style=\"font-size: small; color: rgb(34, 34, 34); font-family: Arial, Helvetica, sans-serif;\">\u00a0<\/div>\n<div dir=\"auto\" style=\"font-size: small; color: rgb(34, 34, 34); font-family: Arial, Helvetica, sans-serif;\">Mersin Ticaret Borsas\u0131 Ba\u015fkan\u0131 Abdullah \u00d6zdemir, 12 \u015eubat 2020 tarihli Resmi Gazete&#8217;nin m\u00fckerrer say\u0131s\u0131nda yay\u0131nlanan ilgili program\u0131 de\u011ferlendirerek, \u0130lgili programda Mersin&#8217;i do\u011frudan ya da dolayl\u0131 olarak ilgilendiren \u00e7e\u015fitli projelerin yer ald\u0131\u011f\u0131n\u0131 belirtti.<\/div>\n<div dir=\"auto\" style=\"font-size: small; color: rgb(34, 34, 34); font-family: Arial, Helvetica, sans-serif;\">\u00d6zdemir, daha \u00f6nce \u2018Mersin Konteyner Liman\u0131\u2019 olarak adland\u0131r\u0131lan projenin, Cumhurba\u015fkanl\u0131\u011f\u0131 Y\u0131ll\u0131k Program\u0131\u2019nda \u2018Do\u011fu Akdeniz b\u00f6lgesinde yer tespiti yap\u0131lacak\u2019 \u015feklinde yer ald\u0131\u011f\u0131n\u0131n alt\u0131n\u0131 \u00e7izdi.<\/div>\n<div dir=\"auto\" style=\"font-size: small; color: rgb(34, 34, 34); font-family: Arial, Helvetica, sans-serif;\">B\u00f6lgesel \u00c7ukurova Havaliman\u0131 \u00e7al\u0131\u015fmalar\u0131n\u0131n tamamlanaca\u011f\u0131 da a\u00e7\u0131klanan programda \u00fcst yap\u0131 tesislerinin ihaleye \u00e7\u0131kaca\u011f\u0131 ve demiryolu ba\u011flant\u0131lar\u0131n\u0131n yap\u0131laca\u011f\u0131 belirtildi.\u00a0<\/div>\n<div dir=\"auto\" style=\"font-size: small; color: rgb(34, 34, 34); font-family: Arial, Helvetica, sans-serif;\">\u00a0<\/div>\n<div dir=\"auto\" style=\"font-size: small; color: rgb(34, 34, 34); font-family: Arial, Helvetica, sans-serif;\">&#8220;Liman Kapasitesinin Geni\u015fletilmesi Zorunludur&#8221;\u00a0<\/div>\n<div dir=\"auto\" style=\"font-size: small; color: rgb(34, 34, 34); font-family: Arial, Helvetica, sans-serif;\">\u00a0<\/div>\n<div dir=\"auto\" style=\"font-size: small; color: rgb(34, 34, 34); font-family: Arial, Helvetica, sans-serif;\">\u00d6zdemir, &#8220;Kentimiz a\u00e7\u0131s\u0131ndan b\u00fcy\u00fck \u00f6nem ta\u015f\u0131yan bu projeler aras\u0131nda Konteyner Liman\u0131 yat\u0131r\u0131m\u0131na ivedilikle odaklanmam\u0131z gerekti\u011fini d\u00fc\u015f\u00fcn\u00fcyorum. \u00c7\u00fcnk\u00fc ilgili proje i\u00e7in 2020 y\u0131l\u0131 i\u00e7erisinde \u2018Do\u011fu Akdeniz b\u00f6lgesinde yer tespiti yap\u0131lacak ve et\u00fct-proje \u00e7al\u0131\u015fmalar\u0131 tamamlanacakt\u0131r\u2019 a\u00e7\u0131klamas\u0131 ge\u00e7mektedir. Oysa bu yat\u0131r\u0131m, 10. Kalk\u0131nma Plan\u0131nda \u2018Mersin Konteyner Liman\u0131\u2019 olarak adland\u0131r\u0131lm\u0131\u015ft\u0131. Kent olarak, yer tespitinin Mersin olarak yeniden tespiti i\u00e7in \u015fimdiden harekete ge\u00e7mezsek, Do\u011fu Akdeniz&#8217;de yer alan Adana ve Hatay gibi iller bu projeye sahip \u00e7\u0131kmak isteyecektir. \u00dcstelik 11. Kalk\u0131nma Plan\u0131 g\u00f6r\u00fc\u015fmelerinde Plan ve B\u00fct\u00e7e Komisyonu Ba\u015fkan\u0131m\u0131z L\u00fctfi Elvan konu \u00fczerine e\u011fildi\u011finde, Cumhurba\u015fkan\u0131 Yard\u0131mc\u0131m\u0131z Fuat Oktay projenin Mersin&#8217;e ait oldu\u011funu zaten vurgulam\u0131\u015ft\u0131\u201d ifadelerini kulland\u0131.<\/div>\n<div dir=\"auto\" style=\"font-size: small; color: rgb(34, 34, 34); font-family: Arial, Helvetica, sans-serif;\">Mersin Liman\u0131\u2019n\u0131n, Mersin ekonomisinin kalbi konumunda oldu\u011funu vurgulayan \u00d6zdemir, liman\u0131n, Mersin a\u00e7\u0131s\u0131ndan gelece\u011fe d\u00f6n\u00fck her projeksiyonun vazge\u00e7ilmez bir unsuru oldu\u011funun da alt\u0131n\u0131 \u00e7izdi.<\/div>\n<div dir=\"auto\" style=\"font-size: small; color: rgb(34, 34, 34); font-family: Arial, Helvetica, sans-serif;\">Konteyner Liman\u0131 Projesi ile Mersin\u2019in lojistik bir merkez olma konusunda \u00f6nemli mesafe kat edece\u011fine i\u015faret eden \u00d6zdemir, \u015f\u00f6yle devam etti: \u201cAyr\u0131ca, liman kapasitesinin geni\u015fletilmesi art\u0131k Mersin i\u00e7in bir zorunluluk haline gelmi\u015ftir. Bu do\u011frultuda, uzun y\u0131llard\u0131r yat\u0131r\u0131m planlar\u0131nda yer alan bu projeyi kaybetmeyi Mersin olarak g\u00f6ze alamay\u0131z.\u201d<\/div>\n<div dir=\"auto\" style=\"font-size: small; color: rgb(34, 34, 34); font-family: Arial, Helvetica, sans-serif;\">\u00a0<\/div>\n<div dir=\"auto\" style=\"font-size: small; color: rgb(34, 34, 34); font-family: Arial, Helvetica, sans-serif;\">&#8220;Tek V\u00fccut Olmal\u0131y\u0131z&#8221;<\/div>\n<div dir=\"auto\" style=\"font-size: small; color: rgb(34, 34, 34); font-family: Arial, Helvetica, sans-serif;\">\u00a0<\/div>\n<div dir=\"auto\" style=\"font-size: small; color: rgb(34, 34, 34); font-family: Arial, Helvetica, sans-serif;\">Sadece Konteyner Liman\u0131 Projesi i\u00e7in de\u011fil, t\u00fcm yat\u0131r\u0131mlarda etkin bir lobi g\u00fcc\u00fc olu\u015fturulmas\u0131 gerekti\u011fini belirten \u00d6zdemir, \u201cKentimiz a\u00e7\u0131s\u0131ndan \u2018Y\u0131ll\u0131k Program\u2019da yer alan hedeflere ula\u015f\u0131lmas\u0131, ayr\u0131ca bu programda yer almayan ancak Mersin&#8217;in ihtiya\u00e7 duydu\u011fu yeni projeler kurgulanmas\u0131, kent olarak tek v\u00fccut halinde hareket etmemize ba\u011fl\u0131d\u0131r. Ba\u015fta devletimizin sahiplenmesi olmak \u00fczere, kentimizin t\u00fcm dinamiklerinin koordinasyon i\u00e7erisinde \u00e7al\u0131\u015fmas\u0131yla bunu ger\u00e7ekle\u015ftirecek g\u00fcce sahibiz. Ancak bu vizyon ile Mersinimizin ekonomiden refah seviyesine, sosyal ya\u015fant\u0131 kalitesinden istihdam ve gelir olu\u015fturma kapasitesine kadar her alanda daha da geli\u015fmesini sa\u011flayabiliriz\u201d dedi.<\/div>\n<div dir=\"auto\" style=\"font-size: small; color: rgb(34, 34, 34); font-family: Arial, Helvetica, sans-serif;\">\u00a0<\/div>\n<div dir=\"auto\" style=\"font-size: small; color: rgb(34, 34, 34); font-family: Arial, Helvetica, sans-serif;\">\u00c7ukurova Havaliman\u0131 Tamamlanacak<\/div>\n<div dir=\"auto\" style=\"font-size: small; color: rgb(34, 34, 34); font-family: Arial, Helvetica, sans-serif;\">\u00a0<\/div>\n<div dir=\"auto\" style=\"font-size: small; color: rgb(34, 34, 34); font-family: Arial, Helvetica, sans-serif;\">Y\u0131ll\u0131k programda, \u00c7ukurova Havaliman\u0131\u2019n\u0131n tamamlanaca\u011f\u0131, ana demiryolu \u015febekesiyle ba\u011flant\u0131s\u0131n\u0131n sa\u011flanaca\u011f\u0131 da a\u00e7\u0131kland\u0131. \u00c7ukurova Havaliman\u0131\u2019n\u0131n devam eden altyap\u0131 i\u015flerinde y\u00fczde 65 fiziki ger\u00e7ekle\u015fme seviyesine ula\u015f\u0131laca\u011f\u0131, \u00fcst yap\u0131 tesislerinin ise K\u00d6\u0130 (Kamu-\u00d6zel \u0130\u015fbirli\u011fi) kapsam\u0131nda ihalesine \u00e7\u0131k\u0131laca\u011f\u0131 kaydedildi.<\/div>\n<div dir=\"auto\" style=\"font-size: small; color: rgb(34, 34, 34); font-family: Arial, Helvetica, sans-serif;\">Ayr\u0131ca, \u00c7ukurova B\u00f6lgesel Havaliman\u0131 ba\u011flant\u0131 yolunun da tamamlanaca\u011f\u0131 ifade edildi. Akdeniz Sahil Yolu\u2019nun 21 kilometrelik kesiminde \u00e7al\u0131\u015fmalar\u0131n tamamlanaca\u011f\u0131 da belirtilen y\u0131ll\u0131k programda, Adana ve Osmaniye Organize Sanayi B\u00f6lgesi ile Ceyhan End\u00fcstri \u0130htisas B\u00f6lgesinin, Yenice Lojistik Merkezi ile Mersin Liman\u0131na ba\u011flant\u0131s\u0131na hizmet edecek olan Adana G\u00fcney \u00c7evre Yolunun 6 kilometrelik kesiminde yap\u0131m \u00e7al\u0131\u015fmalar\u0131n\u0131n tamamlanaca\u011f\u0131 bilgisi yer ald\u0131.<\/div>\n<div dir=\"auto\" style=\"font-size: small; color: rgb(34, 34, 34); font-family: Arial, Helvetica, sans-serif;\">\u00a0<\/div>\n<div dir=\"auto\" style=\"font-size: small; color: rgb(34, 34, 34); font-family: Arial, Helvetica, sans-serif;\">Do\u011fu Akdeniz B\u00f6lgesi\u2019nde Yer Tespiti Yap\u0131lacak\u00a0<\/div>\n<div dir=\"auto\" style=\"font-size: small; color: rgb(34, 34, 34); font-family: Arial, Helvetica, sans-serif;\">\u00a0<\/div>\n<div dir=\"auto\" style=\"font-size: small; color: rgb(34, 34, 34); font-family: Arial, Helvetica, sans-serif;\">Abdullah \u00d6zdemir, \u201c2020 Y\u0131l\u0131 Cumhurba\u015fkanl\u0131\u011f\u0131 Y\u0131ll\u0131k Program\u0131\u2019na g\u00f6re ; Konya-Karaman-Ni\u011fde-Mersin-<wbr \/>Adana-Osmaniye-Gaziantep demiryolu hatt\u0131 tamamlanarak imalat sanayi sekt\u00f6rlerinin Adana, Mersin ve \u0130skenderun limanlar\u0131na eri\u015fimi kolayla\u015ft\u0131r\u0131lacak. Bu \u00e7er\u00e7evede, Adana-Mersin 3. ve 4. hat yap\u0131m\u0131 ile 1. ve 2. hat rehabilitasyonu, \u00c7ukurova Havaliman\u0131 Ba\u011flant\u0131s\u0131 projesinde yap\u0131m \u00e7al\u0131\u015fmalar\u0131na ba\u015flanacak.<\/div>\n<div dir=\"auto\" style=\"font-size: small; color: rgb(34, 34, 34); font-family: Arial, Helvetica, sans-serif;\">Do\u011fu Akdeniz b\u00f6lgesinde, Ortado\u011fu ve Orta Asya co\u011frafyas\u0131na \u00e7\u0131k\u0131\u015f kap\u0131s\u0131 olacak transit y\u00fck odakl\u0131 bir ana konteyner liman\u0131 in\u015fa edilecek. Bu kapsamda, Do\u011fu Akdeniz b\u00f6lgesinde yer tespiti yap\u0131lacak ve et\u00fct-proje \u00e7al\u0131\u015fmalar\u0131 tamamlanacak.\u201d \u015feklinde konu\u015ftu.<\/div>\n","protected":false},"excerpt":{"rendered":"<p>2020 Y\u0131l\u0131 Cumhurba\u015fkanl\u0131\u011f\u0131 Y\u0131ll\u0131k Program\u0131\u2018nda yer alan \u00c7ukurova Havaliman\u0131 \u00e7al\u0131\u015fmalar\u0131n\u0131n da ba\u015flayaca\u011f\u0131 programa ili\u015fkin MTB Ba\u015fkan\u0131 \u00d6zdemir, &#8216;Mersin Konteyner Liman\u0131&#8217; olarak adland\u0131r\u0131lan projeye sahip \u00e7\u0131k\u0131lmas\u0131 i\u00e7in destek isteyerek Mersinlilerin sesi &hellip; <a href=\"https:\/\/mersinekonomipolitikagazetesi.com\/?p=5862\" class=\"more-link\">Devam\u0131n\u0131 Oku&#8230;<\/a><\/p>\n","protected":false},"author":1,"featured_media":0,"comment_status":"open","ping_status":"open","sticky":false,"template":"","format":"standard","meta":[],"categories":[],"tags":[],"_links":{"self":[{"href":"https:\/\/mersinekonomipolitikagazetesi.com\/index.php?rest_route=\/wp\/v2\/posts\/5862"}],"collection":[{"href":"https:\/\/mersinekonomipolitikagazetesi.com\/index.php?rest_route=\/wp\/v2\/posts"}],"about":[{"href":"https:\/\/mersinekonomipolitikagazetesi.com\/index.php?rest_route=\/wp\/v2\/types\/post"}],"author":[{"embeddable":true,"href":"https:\/\/mersinekonomipolitikagazetesi.com\/index.php?rest_route=\/wp\/v2\/users\/1"}],"replies":[{"embeddable":true,"href":"https:\/\/mersinekonomipolitikagazetesi.com\/index.php?rest_route=%2Fwp%2Fv2%2Fcomments&post=5862"}],"version-history":[{"count":0,"href":"https:\/\/mersinekonomipolitikagazetesi.com\/index.php?rest_route=\/wp\/v2\/posts\/5862\/revisions"}],"wp:attachment":[{"href":"https:\/\/mersinekonomipolitikagazetesi.com\/index.php?rest_route=%2Fwp%2Fv2%2Fmedia&parent=5862"}],"wp:term":[{"taxonomy":"category","embeddable":true,"href":"https:\/\/mersinekonomipolitikagazetesi.com\/index.php?rest_route=%2Fwp%2Fv2%2Fcategories&post=5862"},{"taxonomy":"post_tag","embeddable":true,"href":"https:\/\/mersinekonomipolitikagazetesi.com\/index.php?rest_route=%2Fwp%2Fv2%2Ftags&post=5862"}],"curies":[{"name":"wp","href":"https:\/\/api.w.org\/{rel}","templated":true}]}}