{"id":5874,"date":"2020-11-04T18:26:19","date_gmt":"2020-11-04T15:26:19","guid":{"rendered":"http:\/\/mersinekonomipolitikagazetesi.com\/?p=5874"},"modified":"2020-11-04T18:26:19","modified_gmt":"2020-11-04T15:26:19","slug":"secer-belediye-calisanlarimiz-siyaset-degil-isini-yapacak","status":"publish","type":"post","link":"https:\/\/mersinekonomipolitikagazetesi.com\/?p=5874","title":{"rendered":"Se\u00e7er: &#8220;Belediye \u00e7al\u0131\u015fanlar\u0131m\u0131z siyaset de\u011fil, i\u015fini yapacak\u201d"},"content":{"rendered":"<p>\u00a0Mersin B\u00fcy\u00fck\u015fehir Belediye Ba\u015fkan\u0131 Vahap Se\u00e7er, belediye \u00e7al\u0131\u015fanlar\u0131na y\u00f6nelik yapt\u0131\u011f\u0131 konu\u015fmada, \u201cVatanda\u015f neredeyse, hangi renkte ve mezhepteyse, hangi siyasi g\u00f6r\u00fc\u015fe tercih koyuyorsa sizin onu sorgulama hakk\u0131n\u0131z yok. Sizin bu anlamda k\u00f6r olman\u0131z laz\u0131m. Sadece bizden hizmet alan vatanda\u015f olarak g\u00f6rmelisiniz, bizde ona hizmet vermekle y\u00fck\u00fcml\u00fcy\u00fcz. Siz belediye \u00e7al\u0131\u015fan\u0131s\u0131n\u0131z. Sizin g\u00f6reviniz hizmet vermek, bunun d\u0131\u015f\u0131nda hi\u00e7 bir \u015fey d\u00fc\u015f\u00fcnmeyin\u201d dedi.\u00a0<br \/>\n\u00a0 \u015eubat ay\u0131 meclis toplant\u0131s\u0131n\u0131 Silifke\u2019de d\u00fczenleyen Mersin B\u00fcy\u00fck\u015fehir Belediye Ba\u015fkan\u0131 Vahap Se\u00e7er, meclis toplant\u0131s\u0131 \u00f6ncesi Silifke \u0130tfaiye Amirli\u011finde Mersin B\u00fcy\u00fck\u015fehir Belediyesi b\u00fcnyesinde \u00e7al\u0131\u015fan ekiplerle bir araya geldi.\u00a0\u00a0<br \/>\n\u00a0 \u201cSilifke\u2019nin havas\u0131 da insan\u0131 da s\u0131cak ve g\u00fczeldir\u201d diyen Ba\u015fkan Se\u00e7er, \u201cBen Silifke\u2019yi ve insan\u0131n\u0131 ayr\u0131 seviyorum. Buras\u0131 da hizmetlerin en g\u00fczelini hak ediyor. \u00c7ok verimli bir tar\u0131m havzas\u0131. \u00d6nemli \u00fcr\u00fcnler elde ediyoruz. \u0130nsan\u0131m\u0131z g\u00fczel. K\u00fclt\u00fcrel birikimi muazzam. Silifke o sebeple benim g\u00f6nl\u00fcmde ayr\u0131 bir yerde. Mersinimizin her b\u00f6lgesi g\u00fczel. Asl\u0131nda bir baba, bir anne evlatlar\u0131 aras\u0131nda ayr\u0131m yapmaz. Her noktas\u0131, her il\u00e7esi bir baban\u0131n bir annenin evlad\u0131 gibi bir belediye ba\u015fkan\u0131n\u0131n yada belediyedeki bir b\u00fcrokrat\u0131n ayn\u0131 sevda ve ayn\u0131 hissiyatta yakla\u015faca\u011f\u0131 yerler. Tarsus\u2019tan Anamur\u2019a kadar her yer Mersin, hepimiz de Mersin\u2019i \u00e7ok seviyoruz. Belediyeden hizmet alsak da hizmet versek de sevmek zorunday\u0131z. Kendimize ait hissetmek zorunday\u0131z\u201d dedi.\u00a0<br \/>\n\u00a0 Sevgililerin, sevgililer g\u00fcn\u00fcn\u00fc kutlayan Se\u00e7er, \u201cBug\u00fcn sevgililer g\u00fcn\u00fc, sevmek \u00e7ok y\u00fcce bir duygu. Sevgi kavram\u0131 olmasayd\u0131 genetik kodlar\u0131m\u0131zda sevgi olmasayd\u0131, insanl\u0131k olmazd\u0131. Belki hayvanlar\u0131 gibi i\u00e7g\u00fcd\u00fcsel bir hissiyat\u0131m\u0131z olurdu, ama Allah \u00f6zel olarak sevmeyi, sevilmeyi insan o\u011fluna vermi\u015f, bunun de\u011ferini bilelim. Bunun de\u011ferini k\u0131ymetini bilenlerden Allah raz\u0131 olsun, bunun de\u011ferini k\u0131ymetini bilmeyenlere, insanl\u0131\u011fa zul\u00fcm edenleri Allah \u0131slah etsin\u201d dedi.\u00a0<\/p>\n<p>\u00a0<\/p>\n<p>\u00a0 \u201cG\u00f6revimi adaletli yapt\u0131\u011f\u0131m\u0131 d\u00fc\u015f\u00fcn\u00fcyor de\u011fil, s\u00f6yl\u00fcyorum\u201d diyen Ba\u015fkan Vahap Se\u00e7er, \u015f\u00f6yle devam etti:\u00a0<\/p>\n<p>\n\u00a0 \u201cSizlerde adaletli olmak durumundas\u0131n\u0131z. Sizin bu i\u015flerle u\u011fra\u015fma gibi bir g\u00f6reviniz l\u00fcks\u00fcn\u00fcz yok. Vatanda\u015f neredeyse, hangi renkte ve mezhepteyse, hangi siyasi g\u00f6r\u00fc\u015fe tercih koyuyorsa sizin onu sorgulama hakk\u0131n\u0131z yok. Sizin bu anlamda k\u00f6r olman\u0131z laz\u0131m. Sadece bizden hizmet alan vatanda\u015f olarak g\u00f6rmelisiniz, bizde ona hizmet vermekle y\u00fck\u00fcml\u00fcy\u00fcz. Siz belediye \u00e7al\u0131\u015fan\u0131s\u0131n\u0131z. Sizin g\u00f6reviniz hizmet vermek, bunun d\u0131\u015f\u0131nda hi\u00e7 bir \u015fey d\u00fc\u015f\u00fcnmeyin. Kurumumuza katk\u0131 yapan her \u00e7al\u0131\u015fan ba\u015fta belediye ba\u015fkan\u0131n\u0131n g\u00fcvencesindedir. Elbette ki yasalar\u0131n g\u00fcvencesindedir. \u0130darenin her t\u00fcrl\u00fc i\u015flem ve eylemlerine kar\u015f\u0131 yarg\u0131 yolu a\u00e7\u0131kt\u0131r. Hukuk devletiysek o Ankara\u2019n\u0131n g\u00f6revidir. \u0130\u015fletecek, Adalet da\u011f\u0131tacak. Ama ben hukuku bir tarafa b\u0131rak\u0131n, vicdani hukukumu i\u015fletece\u011fim, adalet da\u011f\u0131taca\u011f\u0131m.\u00a0 Son g\u00fcnlerde spek\u00fcle ediliyor, polemik meselesi yap\u0131l\u0131yor. Bunlar hep yalan yanl\u0131\u015f haberler. Ge\u00e7ti\u011fimiz g\u00fcnlerde Tarsus\u2019ta bir yurtta\u015f kendini yakmaya \u00e7al\u0131\u015fm\u0131\u015f. Bilemiyorum i\u015fin i\u00e7ini. Belediyeden performans gerek\u00e7esi ile \u00e7\u0131kart\u0131lm\u0131\u015f. Dikkate de\u011fer. Bu vatanda\u015f, 2019 y\u0131l\u0131n\u0131n haziran ay\u0131nda belediyeye ba\u011fl\u0131 \u0130mar A.\u015e. de \u00e7al\u0131\u015f\u0131rken, i\u015fledi\u011fi disiplin su\u00e7u nedeniyle i\u015fine son verildi. Yasalar a\u00e7\u0131k, burada itfaiye arabas\u0131 var resmi plakal\u0131. Sen al bin bu arabaya keyfine g\u00f6re Kurtulu\u015f k\u00f6y\u00fcne git gel. Al biralara doldur arabaya, arkada\u015flar\u0131n\u0131 da at arkaya, ben buna m\u00fcsaade eder miyim. \u00c7\u0131\u011fl\u0131k ata ata belediyenin resmi arabas\u0131yla k\u00f6ylerde git gez ben buna m\u00fcsaade etmem. Buras\u0131 dingonun ah\u0131r\u0131m\u0131? Tutana\u011f\u0131 tutar\u0131m, yasalar \u00e7er\u00e7evesinde yollar\u0131n\u0131 ay\u0131r\u0131r\u0131m. Buras\u0131 devlet kurumu. Ciddi bu kurum. Bu gerek\u00e7e ile i\u015finden uzakla\u015ft\u0131r\u0131lm\u0131\u015f. Poliste kay\u0131tlar\u0131 var. Kriminal bir insan. Sen i\u015fletmende su\u00e7 i\u015flemeye meyilli, su\u00e7 i\u015fleyen, poliste bir s\u00fcr\u00fc kay\u0131t\u0131 olan, i\u015fletmeni a\u015fa\u011f\u0131 \u00e7eken itibar\u0131n\u0131 zedeleyen birini kim \u00e7al\u0131\u015ft\u0131r\u0131rsa ona g\u00f6ndereyim. Al sen \u00e7al\u0131\u015ft\u0131r. Meclis k\u00fcrs\u00fcs\u00fcne \u00e7\u0131km\u0131\u015f ahkam kesiyorlar. Milletvekilli\u011fi \u00f6nceden bir liyakat isterdi. \u0130ntizam isterdi. \u015eimdi parlamentonun durumuna \u00fcz\u00fcl\u00fcyorum. Biz de 8 y\u0131l orada olduk.\u201d\u00a0\u00a0<\/p>\n<p>\n\u00a0 Se\u00e7er konu\u015fmas\u0131n\u0131n devam\u0131nda, \u015funlar\u0131 dile getirdi:\u00a0\u00a0<\/p>\n<p>\n\u00a0 \u201c\u00c7al\u0131\u015fanla ekme\u011finde olanla i\u015fimiz yok, insanlar benden kaliteli hizmet bekliyor. 4 y\u0131l sonra ben bu insanlara hesap verece\u011fim. \u015eimdi veriyorum. Beni anlay\u0131\u015fla kar\u015f\u0131lay\u0131n, i\u015finize bak\u0131n. Bakm\u0131yorsan\u0131z da i\u015finize gidin, d\u00fc\u015f\u00fcn yakamdan. D\u00fc\u015f\u00fcn bu belediyenin yakas\u0131ndan. Benim yapt\u0131\u011f\u0131m bu. \u00c7al\u0131\u015fanlar ba\u015f\u0131m\u0131z\u0131n tac\u0131. Bu i\u015fi Mersin\u2019de aylard\u0131r kar\u0131\u015ft\u0131r\u0131yorlar. Bunlara kulaklar\u0131n\u0131z\u0131 t\u0131kay\u0131n. Amirleriniz var. Daire m\u00fcd\u00fcrleriniz var. Daire ba\u015fkanlar\u0131n\u0131z var. Plan programlar ve size verilen talimatlar \u00e7er\u00e7evesinde i\u015finizi yap\u0131n. Benim istedi\u011fim bu. Ben sizin a\u011fabeyinizim. Ben sizin karde\u015finizim. Bende insan\u0131m benim de ailem var. Aradaki k\u00f6pr\u00fcleri yakmay\u0131n. Belediyenin en alt \u00e7al\u0131\u015fan\u0131 ile belediye ba\u015fkan\u0131 aras\u0131nda hi\u00e7bir fark yok. Hepimiz ayn\u0131 ama\u00e7 i\u00e7in \u00e7al\u0131\u015f\u0131yoruz. Partizanl\u0131\u011f\u0131 ve partizanca d\u00fc\u015f\u00fcnmeyi b\u0131rak\u0131n. Bizi s\u0131k\u0131nt\u0131ya sokan bu. Avrupa\u2019da bu kalmad\u0131. Medeni toplumlarda bu kalmad\u0131. Se\u00e7im biter herkes i\u015fine gider. Bizim burada bu bitmedi. Kavga bitmiyor, kavga enerjimizi, zaman\u0131m\u0131z\u0131 ve param\u0131z\u0131 al\u0131yor. G\u00fczel \u015feyler yapt\u0131\u011f\u0131m\u0131z\u0131 d\u00fc\u015f\u00fcn\u00fcyorum. Eksi\u011fimiz var. Hizmetlerde her ge\u00e7en g\u00fcn daha iyi noktalara gidiyoruz. \u0130mkanlar\u0131m\u0131zda da mali disiplini sa\u011flad\u0131k. 10 ayd\u0131r g\u00f6revdeyim. 1 saniye bile maa\u015f\u0131n\u0131z hesab\u0131n\u0131za ge\u00e7 yatmad\u0131. Personel rejimi d\u00fczene giriyor. Gelirlerimiz s\u0131n\u0131rl\u0131. T\u00fcrkiye ekonomisi iyi oldu\u011fu s\u00fcrece bizim de ekonomimiz iyi olur. \u00c7\u00fcnk\u00fc bize gelen para T\u00fcrkiye ekonomisine ba\u011fl\u0131. Mersin g\u00fc\u00e7l\u00fc bir kent. T\u00fcrkiye\u2019nin de\u011ferli bir ticaret merkezi, onun i\u00e7in \u015fansl\u0131y\u0131z. Yeter ki olanaklar\u0131, ak\u0131lc\u0131 ve yerinde kullan\u0131p, israf etmeyelim. Ba\u015faramayaca\u011f\u0131m\u0131z hi\u00e7bir engel yok\u201d dedi.\u00a0<\/p>\n","protected":false},"excerpt":{"rendered":"<p>\u00a0Mersin B\u00fcy\u00fck\u015fehir Belediye Ba\u015fkan\u0131 Vahap Se\u00e7er, belediye \u00e7al\u0131\u015fanlar\u0131na y\u00f6nelik yapt\u0131\u011f\u0131 konu\u015fmada, \u201cVatanda\u015f neredeyse, hangi renkte ve mezhepteyse, hangi siyasi g\u00f6r\u00fc\u015fe tercih koyuyorsa sizin onu sorgulama hakk\u0131n\u0131z yok. Sizin bu anlamda &hellip; <a href=\"https:\/\/mersinekonomipolitikagazetesi.com\/?p=5874\" class=\"more-link\">Devam\u0131n\u0131 Oku&#8230;<\/a><\/p>\n","protected":false},"author":1,"featured_media":0,"comment_status":"open","ping_status":"open","sticky":false,"template":"","format":"standard","meta":[],"categories":[],"tags":[],"_links":{"self":[{"href":"https:\/\/mersinekonomipolitikagazetesi.com\/index.php?rest_route=\/wp\/v2\/posts\/5874"}],"collection":[{"href":"https:\/\/mersinekonomipolitikagazetesi.com\/index.php?rest_route=\/wp\/v2\/posts"}],"about":[{"href":"https:\/\/mersinekonomipolitikagazetesi.com\/index.php?rest_route=\/wp\/v2\/types\/post"}],"author":[{"embeddable":true,"href":"https:\/\/mersinekonomipolitikagazetesi.com\/index.php?rest_route=\/wp\/v2\/users\/1"}],"replies":[{"embeddable":true,"href":"https:\/\/mersinekonomipolitikagazetesi.com\/index.php?rest_route=%2Fwp%2Fv2%2Fcomments&post=5874"}],"version-history":[{"count":0,"href":"https:\/\/mersinekonomipolitikagazetesi.com\/index.php?rest_route=\/wp\/v2\/posts\/5874\/revisions"}],"wp:attachment":[{"href":"https:\/\/mersinekonomipolitikagazetesi.com\/index.php?rest_route=%2Fwp%2Fv2%2Fmedia&parent=5874"}],"wp:term":[{"taxonomy":"category","embeddable":true,"href":"https:\/\/mersinekonomipolitikagazetesi.com\/index.php?rest_route=%2Fwp%2Fv2%2Fcategories&post=5874"},{"taxonomy":"post_tag","embeddable":true,"href":"https:\/\/mersinekonomipolitikagazetesi.com\/index.php?rest_route=%2Fwp%2Fv2%2Ftags&post=5874"}],"curies":[{"name":"wp","href":"https:\/\/api.w.org\/{rel}","templated":true}]}}