{"id":5875,"date":"2020-11-04T18:26:19","date_gmt":"2020-11-04T15:26:19","guid":{"rendered":"http:\/\/mersinekonomipolitikagazetesi.com\/?p=5875"},"modified":"2020-11-04T18:26:19","modified_gmt":"2020-11-04T15:26:19","slug":"oldurulen-kadin-ogretmenin-annesi-zanlinin-en-agir-cezaya-carptirilmasini-istedi","status":"publish","type":"post","link":"https:\/\/mersinekonomipolitikagazetesi.com\/?p=5875","title":{"rendered":"\u00d6ld\u00fcr\u00fclen kad\u0131n \u00f6\u011fretmenin annesi, zanl\u0131n\u0131n en a\u011f\u0131r cezaya \u00e7arpt\u0131r\u0131lmas\u0131n\u0131 istedi"},"content":{"rendered":"<p>Mersin&#8217;de ge\u00e7ti\u011fimiz y\u0131l 14 \u015eubat tarihinde, ayr\u0131ld\u0131\u011f\u0131 e\u015fi taraf\u0131ndan \u00f6ld\u00fcr\u00fclen \u00f6\u011fretmen K\u00fcbra A\u015fk\u0131n&#8217;\u0131n annesi Sebirhan A\u015fk\u0131n, zanl\u0131n\u0131n en a\u011f\u0131r cezaya \u00e7arpt\u0131r\u0131lmas\u0131n\u0131 istedi.\u00a0<br \/>\n\u00a0 Mersin Barosu&#8217;ndan yap\u0131lan a\u00e7\u0131klamaya g\u00f6re, Sebirhan A\u015fk\u0131n, T\u00fcrkiye Kad\u0131n Dernekleri Federasyonu Ba\u015fkan\u0131 Canan G\u00fcll\u00fc, Mersin B\u00fcy\u00fck\u015fehir Belediyesi Kad\u0131n ve Aile Hizmetleri Dairesi Ba\u015fkan\u0131 \u015eerife Haso\u011flu Dokucu ve psikolog Nazl\u0131 Cemre Dursun ile birlikte Baro Ba\u015fkan\u0131 Bilgin Ye\u015filbo\u011faz\u2019\u0131 ziyaret etti. &#8216;Kasten \u00f6ld\u00fcrme&#8217; su\u00e7lamas\u0131yla m\u00fcebbet hapis cezas\u0131 istemiyle Mersin 4. A\u011f\u0131r Ceza Mahkemesinde yarg\u0131lanan katil zanl\u0131s\u0131 Davut D.&#8217;nin en a\u011f\u0131r \u015fekilde cezaland\u0131r\u0131lmas\u0131n\u0131 beklediklerini s\u00f6yleyen Sebirhan A\u015fk\u0131n, \u201cBen k\u0131zlar\u0131m\u0131 zor \u015fartlar alt\u0131nda b\u00fcy\u00fctt\u00fcm. Adam\u0131n birisi gelip, k\u0131z\u0131m\u0131 elimden ald\u0131. Katil hala hak etti\u011fi cezaya \u00e7arpt\u0131r\u0131lmad\u0131. Bu durum ac\u0131m\u0131z\u0131n daha da artmas\u0131na sebep oluyor. Adalet art\u0131k yerini bulsun. E\u011fer cezai indirim uygulan\u0131rsa, k\u0131z\u0131m bir kez daha \u00f6lecek&#8221; dedi.\u00a0<br \/>\n\u00a0 Mersin Barosu Ba\u015fkan\u0131 Bilgin Ye\u015filbo\u011faz ise kad\u0131nlar\u0131n, \u2018\u00f6lmek istemiyoruz\u2019 \u00e7\u0131\u011fl\u0131\u011f\u0131na art\u0131k duyars\u0131z kal\u0131nmamas\u0131 gerekti\u011fini ifade ederek, &#8220;Mersin Barosu olarak, \u015fiddet ma\u011fduru kad\u0131nlar\u0131m\u0131za hukuksal destek veriyoruz. K\u00fcbra \u00f6\u011fretmen ve katledilen t\u00fcm kad\u0131nlar i\u00e7in bir an \u00f6nce adalet sa\u011flanmal\u0131d\u0131r. Kad\u0131n\u0131 koruyan &#8216;6284 Say\u0131l\u0131 Yasa ve \u0130stanbul S\u00f6zle\u015fmesi\u2019nin etkin bir \u015fekilde uygulanmas\u0131 gerekti\u011fini bir kez daha hat\u0131rlat\u0131yorum\u201d diye konu\u015ftu.\u00a0<br \/>\n\u00a0 Kad\u0131na y\u00f6nelik \u015fiddetin \u00f6nlenmesinde, kurumlar\u0131n ve sivil toplum \u00f6rg\u00fctlerinin ortak m\u00fccadelesinin \u00e7ok \u00f6nemli oldu\u011funu vurgulayan Ye\u015filbo\u011faz, \u201cBu konuda herkes enerjisini ayn\u0131 y\u00f6nde kullanmal\u0131d\u0131r\u201d ifadelerini kulland\u0131.\u00a0<br \/>\n\u00a0 T\u00fcrkiye Kad\u0131n Dernekleri Federasyonu Ba\u015fkan\u0131 Canan G\u00fcll\u00fc, barolar\u0131n, yerel y\u00f6netimlerin, sivil toplum \u00f6rg\u00fctleri ve psikologlar\u0131n bu s\u00fcre\u00e7te \u00e7ok \u00f6nemli oldu\u011funa i\u015faret ederek, &#8220;Bizler yan yana gelirsek, bu i\u015f hallolur diye d\u00fc\u015f\u00fcn\u00fcyorum. Do\u011fru i\u015f, do\u011fru zaman, do\u011fru ad\u0131m \u00f6nemlidir. \u0130\u00e7inde bulundu\u011fumuz d\u00f6nemin baro ba\u015fkanlar\u0131na te\u015fekk\u00fcr ediyorum. 2019 y\u0131l\u0131 itibariyle 40\u2019a yak\u0131n baro ile ortak \u00e7al\u0131\u015fmalarda yer ald\u0131k. Hepsi de benim i\u00e7in \u00e7ok de\u011ferli. Bu s\u00fcre\u00e7te hukuksal destek veren Mersin Barosu\u2019na te\u015fekk\u00fcr ediyorum&#8221; \u015feklinde konu\u015ftu.\u00a0<\/p>\n","protected":false},"excerpt":{"rendered":"<p>Mersin&#8217;de ge\u00e7ti\u011fimiz y\u0131l 14 \u015eubat tarihinde, ayr\u0131ld\u0131\u011f\u0131 e\u015fi taraf\u0131ndan \u00f6ld\u00fcr\u00fclen \u00f6\u011fretmen K\u00fcbra A\u015fk\u0131n&#8217;\u0131n annesi Sebirhan A\u015fk\u0131n, zanl\u0131n\u0131n en a\u011f\u0131r cezaya \u00e7arpt\u0131r\u0131lmas\u0131n\u0131 istedi.\u00a0 \u00a0 Mersin Barosu&#8217;ndan yap\u0131lan a\u00e7\u0131klamaya g\u00f6re, Sebirhan A\u015fk\u0131n, &hellip; <a href=\"https:\/\/mersinekonomipolitikagazetesi.com\/?p=5875\" class=\"more-link\">Devam\u0131n\u0131 Oku&#8230;<\/a><\/p>\n","protected":false},"author":1,"featured_media":0,"comment_status":"open","ping_status":"open","sticky":false,"template":"","format":"standard","meta":[],"categories":[],"tags":[],"_links":{"self":[{"href":"https:\/\/mersinekonomipolitikagazetesi.com\/index.php?rest_route=\/wp\/v2\/posts\/5875"}],"collection":[{"href":"https:\/\/mersinekonomipolitikagazetesi.com\/index.php?rest_route=\/wp\/v2\/posts"}],"about":[{"href":"https:\/\/mersinekonomipolitikagazetesi.com\/index.php?rest_route=\/wp\/v2\/types\/post"}],"author":[{"embeddable":true,"href":"https:\/\/mersinekonomipolitikagazetesi.com\/index.php?rest_route=\/wp\/v2\/users\/1"}],"replies":[{"embeddable":true,"href":"https:\/\/mersinekonomipolitikagazetesi.com\/index.php?rest_route=%2Fwp%2Fv2%2Fcomments&post=5875"}],"version-history":[{"count":0,"href":"https:\/\/mersinekonomipolitikagazetesi.com\/index.php?rest_route=\/wp\/v2\/posts\/5875\/revisions"}],"wp:attachment":[{"href":"https:\/\/mersinekonomipolitikagazetesi.com\/index.php?rest_route=%2Fwp%2Fv2%2Fmedia&parent=5875"}],"wp:term":[{"taxonomy":"category","embeddable":true,"href":"https:\/\/mersinekonomipolitikagazetesi.com\/index.php?rest_route=%2Fwp%2Fv2%2Fcategories&post=5875"},{"taxonomy":"post_tag","embeddable":true,"href":"https:\/\/mersinekonomipolitikagazetesi.com\/index.php?rest_route=%2Fwp%2Fv2%2Ftags&post=5875"}],"curies":[{"name":"wp","href":"https:\/\/api.w.org\/{rel}","templated":true}]}}