{"id":5876,"date":"2020-11-04T18:26:19","date_gmt":"2020-11-04T15:26:19","guid":{"rendered":"http:\/\/mersinekonomipolitikagazetesi.com\/?p=5876"},"modified":"2020-11-04T18:26:19","modified_gmt":"2020-11-04T15:26:19","slug":"mersin-metro-projesinde-on-yeterlilik-ihalesi-20-gun-ertelendi","status":"publish","type":"post","link":"https:\/\/mersinekonomipolitikagazetesi.com\/?p=5876","title":{"rendered":"Mersin Metro Projesi&#8217;nde \u00f6n yeterlilik ihalesi 20 g\u00fcn ertelendi"},"content":{"rendered":"<p>\u00a0Bu y\u0131l i\u00e7erisinde ilk kazman\u0131n vurulmas\u0131 planlanan Mersin Metro Projesi&#8217;nde, \u00f6n yeterlilik ihalesinin, \u00c7in&#8217;deki &#8216;korona vir\u00fcs&#8217; salg\u0131n\u0131 dolay\u0131s\u0131yla 20 g\u00fcn s\u00fcreyle ertelendi\u011fi bildirildi.\u00a0 \u00a0<br \/>\n\u00a0 \u00c7in&#8217;de binden fazla ki\u015finin \u00f6l\u00fcm\u00fcne yol a\u00e7an &#8216;korona vir\u00fcs&#8217; (Covid-19) salg\u0131n\u0131, Mersin Metro Projesi&#8217;ni de etkiledi. 2019 y\u0131l\u0131 yat\u0131r\u0131m program\u0131na al\u0131nan ve Cumhurba\u015fkanl\u0131\u011f\u0131nca da onaylanan &#8216;Mersin Metro Projesi&#8217;nde, daha \u00f6nce son ba\u015fvuru tarihi 27 \u015eubat olarak a\u00e7\u0131klanan \u00f6n yeterlilik ihalesinin, 20 g\u00fcn s\u00fcreyle ertelendi\u011fi ifade edildi.\u00a0<br \/>\n\u00a0 \u0130halenin ertelenmesine, Uzak ve Yak\u0131n Do\u011fu \u00fclkelerinin d\u00fcnya in\u015faat pazar\u0131ndaki a\u011f\u0131rl\u0131klar\u0131n\u0131n y\u00fczde 50&#8217;nin \u00fczerinde oldu\u011fu, bu ba\u011flamda \u00c7in ba\u015fta olmak \u00fczere Uzak ve Yak\u0131n Do\u011fu \u00fclkelerinde ortaya \u00e7\u0131kan ve d\u00fcnya genelinde etkili olan &#8216;korona vir\u00fcs&#8217; salg\u0131n\u0131na ba\u011fl\u0131 olu\u015fan seyahat ve \u00e7al\u0131\u015fma k\u0131s\u0131tlamalar\u0131 nedeniyle s\u00f6z konusu ihalede rekabet ortam\u0131n\u0131n daha iyi olu\u015fturulabilmesinin gerek\u00e7e g\u00f6sterildi\u011fi \u00f6\u011frenildi.\u00a0<br \/>\n\u00a0 Mersin B\u00fcy\u00fck\u015fehir Belediyesi Ula\u015f\u0131m Dairesi Bakanl\u0131\u011f\u0131 taraf\u0131ndan ihale s\u00fcreci ba\u015flat\u0131lan, &#8216;Mersin TCDD Gar\u0131 &#8211; Mezitli Aras\u0131 LRT Metro Hatt\u0131 \u0130n\u015faat ve Elektromekanik Sistemler Temin, Montaj,\u00a0 \u0130\u015fletmeye Alma Ve Metro Ara\u00e7lar\u0131n\u0131n Temini \u0130\u015fi&#8217;nin \u00f6n yeterlik a\u015famas\u0131n\u0131n son ba\u015fvuru tarihi 27 \u015eubat 2020 olarak a\u00e7\u0131klanm\u0131\u015ft\u0131.\u00a0<\/p>\n","protected":false},"excerpt":{"rendered":"<p>\u00a0Bu y\u0131l i\u00e7erisinde ilk kazman\u0131n vurulmas\u0131 planlanan Mersin Metro Projesi&#8217;nde, \u00f6n yeterlilik ihalesinin, \u00c7in&#8217;deki &#8216;korona vir\u00fcs&#8217; salg\u0131n\u0131 dolay\u0131s\u0131yla 20 g\u00fcn s\u00fcreyle ertelendi\u011fi bildirildi.\u00a0 \u00a0 \u00a0 \u00c7in&#8217;de binden fazla ki\u015finin \u00f6l\u00fcm\u00fcne &hellip; <a href=\"https:\/\/mersinekonomipolitikagazetesi.com\/?p=5876\" class=\"more-link\">Devam\u0131n\u0131 Oku&#8230;<\/a><\/p>\n","protected":false},"author":1,"featured_media":0,"comment_status":"open","ping_status":"open","sticky":false,"template":"","format":"standard","meta":[],"categories":[],"tags":[],"_links":{"self":[{"href":"https:\/\/mersinekonomipolitikagazetesi.com\/index.php?rest_route=\/wp\/v2\/posts\/5876"}],"collection":[{"href":"https:\/\/mersinekonomipolitikagazetesi.com\/index.php?rest_route=\/wp\/v2\/posts"}],"about":[{"href":"https:\/\/mersinekonomipolitikagazetesi.com\/index.php?rest_route=\/wp\/v2\/types\/post"}],"author":[{"embeddable":true,"href":"https:\/\/mersinekonomipolitikagazetesi.com\/index.php?rest_route=\/wp\/v2\/users\/1"}],"replies":[{"embeddable":true,"href":"https:\/\/mersinekonomipolitikagazetesi.com\/index.php?rest_route=%2Fwp%2Fv2%2Fcomments&post=5876"}],"version-history":[{"count":0,"href":"https:\/\/mersinekonomipolitikagazetesi.com\/index.php?rest_route=\/wp\/v2\/posts\/5876\/revisions"}],"wp:attachment":[{"href":"https:\/\/mersinekonomipolitikagazetesi.com\/index.php?rest_route=%2Fwp%2Fv2%2Fmedia&parent=5876"}],"wp:term":[{"taxonomy":"category","embeddable":true,"href":"https:\/\/mersinekonomipolitikagazetesi.com\/index.php?rest_route=%2Fwp%2Fv2%2Fcategories&post=5876"},{"taxonomy":"post_tag","embeddable":true,"href":"https:\/\/mersinekonomipolitikagazetesi.com\/index.php?rest_route=%2Fwp%2Fv2%2Ftags&post=5876"}],"curies":[{"name":"wp","href":"https:\/\/api.w.org\/{rel}","templated":true}]}}