{"id":5877,"date":"2020-11-04T18:26:19","date_gmt":"2020-11-04T15:26:19","guid":{"rendered":"http:\/\/mersinekonomipolitikagazetesi.com\/?p=5877"},"modified":"2020-11-04T18:26:19","modified_gmt":"2020-11-04T15:26:19","slug":"kaldirim-isgali-yetmedi-engelli-gecidini-de-kapatiyorlar-taksicilere-ses-cikarmiyorlar","status":"publish","type":"post","link":"https:\/\/mersinekonomipolitikagazetesi.com\/?p=5877","title":{"rendered":"Kald\u0131r\u0131m i\u015fgali yetmedi engelli ge\u00e7idini de kapat\u0131yorlar..!  TAKS\u0130C\u0130LERE SES \u00c7IKARMIYORLAR!"},"content":{"rendered":"<p>\u00a0<\/p>\n<p>Mevcut uygulama yaya yolu, engelli yolu, park yeri i\u015fgalini ve trafikteki yaya-ara\u00e7 d\u00fczenini bozacak \u015fekilde sorunlara neden oluyor..!<\/p>\n<p>\nMersin\u2019de s\u00fcrekli tart\u0131\u015fma yaratan taksi duraklar\u0131 yerleri ve taksi say\u0131lar\u0131 bu sefer de engelli ge\u00e7idini kapatt\u0131klar\u0131 i\u00e7in tepkiye neden oldu. Mersinliler, \u201cKimse taksicilere dokunmuyor, neden yetkililer suskun!\u201d diyerek tepkilerini dile getiriyor.<\/p>\n<p>Mersin\u2019de bir\u00e7ok farkl\u0131 \u015fehir de oldu\u011fu gibi kontroll\u00fc olarak denetlenmeyen taksi alanlar\u0131 ve say\u0131lar\u0131 vatanda\u015flardan tepki g\u00f6rmeye devam ediyor. Bekleme alanlar\u0131n\u0131 kald\u0131r\u0131m \u00fczerlerinde, kenar\u0131nda ve olduk\u00e7a b\u00fcy\u00fck olan konteyner i\u00e7inde, ayr\u0131ca yol kenarlar\u0131nda baz\u0131 yerlerde 10 ara\u00e7 b\u0131rakan taksilere kar\u015f\u0131, Mersin B\u00fcy\u00fck\u015fehir Belediyesi\u2019ne ba\u011fl\u0131 Ula\u015ft\u0131rma\u00a0 Koordinasyon Merkezi(UKOME)\u2019nin sessizli\u011fi tepkilere neden oluyor.<\/p>\n<p>\u201cNeden g\u00f6rmezden geliniyor?\u201d<\/p>\n<p>Taksicilerin m\u00fc\u015fteri bekledi\u011fi alanlarda da\u011f\u0131n\u0131k ve i\u015fgalkar tav\u0131r sergilediklerini, \u00e7evrelerinde park yap\u0131lmas\u0131n\u0131 engellediklerini dile getiren kent sakinleri, \u201cGerek yaya yolunu, gerek ara\u00e7 park alanlar\u0131n\u0131, gerekse engelli vatanda\u015flara ait yollar\u0131 umars\u0131zca babalar koyarak kapat\u0131yorlar! Bunlara bu yetkiyi kim veriyor? Normal bir vatanda\u015f bu \u015fekilde bekleme ve park yapsa trafik memurlar\u0131 hemen ceza yazar, ancak neden g\u00f6rmezden geliniyor?\u201d diyerek tepki g\u00f6sterdi.<\/p>\n<p>\u201cYetkililer bunlara standart getirmeli\u201d<\/p>\n<p>Kald\u0131r\u0131mlar\u0131n \u00fcstlerinde prefabrik \u015fekilde geni\u015f\u00e7e yap\u0131lan durak bekleme salonlar\u0131n\u0131n b\u00fcy\u00fckl\u00fc\u011f\u00fcne de tepkilerini dile getiren Mersinliler, \u201cYaya ge\u00e7i\u015flerimiz engellenerek i\u015fgal ediliyor. Bu derece b\u00fcy\u00fck bir alan\u0131n kaplanmas\u0131na gerek yok. Mersin gibi geli\u015fmi\u015f bir \u015fehirde g\u00f6r\u00fcnt\u00fc kirlili\u011fine de sebep oluyorlar. Valilik bunlara standart getirmeli.\u201d dedi.<\/p>\n<p>Madde tolerans sa\u011fl\u0131yormu\u015f!<\/p>\n<p>Mersin B\u00fcy\u00fck\u015fehir Belediyesi\u2019nin yay\u0131mlad\u0131\u011f\u0131 \u2018Taksi Y\u00f6netmeli\u011fi\u2019 esas al\u0131n\u0131ld\u0131\u011f\u0131nda a\u00e7\u0131klanan \u00fc\u00e7\u00fcnc\u00fc b\u00f6l\u00fcm 4\u2019\u00fcnc\u00fc maddede, \u201cBekleme yerleri iki dura\u011f\u0131 ortak s\u0131n\u0131r\u0131na, bulvar, ana caddelere ve yaya yollar\u0131na konulamaz. Ancak bekleme yap\u0131lmas\u0131 istenilen b\u00f6lgede uygun yer olmamas\u0131 durumunda, talep UKOME Genel Kurulu taraf\u0131ndan de\u011ferlendirilir. \u0130htiya\u00e7 durumunda gerekli fiziki d\u00fczenlemeler yap\u0131labilir.\u201d \u015feklinde belirtilmi\u015f.<br \/>\nMevcut uygulama yaya yolu, engelli yolu, park yeri i\u015fgalini ve trafikteki yaya-ara\u00e7 d\u00fczenini bozacak \u015fekilde sorunlara neden oluyor.<\/p>\n","protected":false},"excerpt":{"rendered":"<p>\u00a0 Mevcut uygulama yaya yolu, engelli yolu, park yeri i\u015fgalini ve trafikteki yaya-ara\u00e7 d\u00fczenini bozacak \u015fekilde sorunlara neden oluyor..! Mersin\u2019de s\u00fcrekli tart\u0131\u015fma yaratan taksi duraklar\u0131 yerleri ve taksi say\u0131lar\u0131 bu &hellip; <a href=\"https:\/\/mersinekonomipolitikagazetesi.com\/?p=5877\" class=\"more-link\">Devam\u0131n\u0131 Oku&#8230;<\/a><\/p>\n","protected":false},"author":1,"featured_media":0,"comment_status":"open","ping_status":"open","sticky":false,"template":"","format":"standard","meta":[],"categories":[],"tags":[],"_links":{"self":[{"href":"https:\/\/mersinekonomipolitikagazetesi.com\/index.php?rest_route=\/wp\/v2\/posts\/5877"}],"collection":[{"href":"https:\/\/mersinekonomipolitikagazetesi.com\/index.php?rest_route=\/wp\/v2\/posts"}],"about":[{"href":"https:\/\/mersinekonomipolitikagazetesi.com\/index.php?rest_route=\/wp\/v2\/types\/post"}],"author":[{"embeddable":true,"href":"https:\/\/mersinekonomipolitikagazetesi.com\/index.php?rest_route=\/wp\/v2\/users\/1"}],"replies":[{"embeddable":true,"href":"https:\/\/mersinekonomipolitikagazetesi.com\/index.php?rest_route=%2Fwp%2Fv2%2Fcomments&post=5877"}],"version-history":[{"count":0,"href":"https:\/\/mersinekonomipolitikagazetesi.com\/index.php?rest_route=\/wp\/v2\/posts\/5877\/revisions"}],"wp:attachment":[{"href":"https:\/\/mersinekonomipolitikagazetesi.com\/index.php?rest_route=%2Fwp%2Fv2%2Fmedia&parent=5877"}],"wp:term":[{"taxonomy":"category","embeddable":true,"href":"https:\/\/mersinekonomipolitikagazetesi.com\/index.php?rest_route=%2Fwp%2Fv2%2Fcategories&post=5877"},{"taxonomy":"post_tag","embeddable":true,"href":"https:\/\/mersinekonomipolitikagazetesi.com\/index.php?rest_route=%2Fwp%2Fv2%2Ftags&post=5877"}],"curies":[{"name":"wp","href":"https:\/\/api.w.org\/{rel}","templated":true}]}}