{"id":5878,"date":"2020-11-04T18:26:19","date_gmt":"2020-11-04T15:26:19","guid":{"rendered":"http:\/\/mersinekonomipolitikagazetesi.com\/?p=5878"},"modified":"2020-11-04T18:26:19","modified_gmt":"2020-11-04T15:26:19","slug":"mersinde-pkk-operasyonu-11-gozalti","status":"publish","type":"post","link":"https:\/\/mersinekonomipolitikagazetesi.com\/?p=5878","title":{"rendered":"Mersin&#8217;de PKK operasyonu: 11 g\u00f6zalt\u0131"},"content":{"rendered":"<p>Mersin&#8217;de jandarma ekiplerince d\u00fczenlenen operasyonda, ter\u00f6r \u00f6rg\u00fct\u00fcn\u00fcn gen\u00e7lik yap\u0131lanmas\u0131 YPS i\u00e7erisinde faaliyet g\u00f6sterdikleri belirlenen 11 \u015f\u00fcpheli g\u00f6zalt\u0131na al\u0131nd\u0131.\u00a0 \u00a0<br \/>\n\u00a0 \u0130l Jandarma Komutanl\u0131\u011f\u0131ndan yap\u0131lan a\u00e7\u0131klamaya g\u00f6re, PKK\/KCK-PYD\/YPG silahl\u0131 ter\u00f6r \u00f6rg\u00fctlerinin faaliyetlerinin de\u015fifre edilmesi amac\u0131yla ba\u015flat\u0131lan \u00e7al\u0131\u015fma kapsam\u0131nda, ter\u00f6rist ba\u015f\u0131 Abdullah \u00d6calan&#8217;\u0131n yakalanmas\u0131n\u0131n y\u0131l d\u00f6n\u00fcm\u00fc nedeniyle ger\u00e7ekle\u015fmesi muhtemel eylemlerin \u00f6nlenmesi amac\u0131yla, \u00f6rg\u00fct\u00fcn gen\u00e7lik yap\u0131lanmas\u0131 YPS i\u00e7erisinde faaliyet y\u00fcr\u00fctt\u00fckleri belirlenen 11 \u015f\u00fcpheli, d\u00fczenlenen e\u015f zamanl\u0131 operasyonla yakalanarak g\u00f6zalt\u0131na al\u0131nd\u0131.\u00a0<br \/>\n\u00a0 \u015e\u00fcphelilerin adreslerinde yap\u0131lan aramalarda, \u00e7ok miktarda \u00f6rg\u00fctsel dokuman ve dijital malzeme ele ge\u00e7irilirken, soru\u015fturman\u0131n s\u00fcrd\u00fc\u011f\u00fc bildirildi.<\/p>\n","protected":false},"excerpt":{"rendered":"<p>Mersin&#8217;de jandarma ekiplerince d\u00fczenlenen operasyonda, ter\u00f6r \u00f6rg\u00fct\u00fcn\u00fcn gen\u00e7lik yap\u0131lanmas\u0131 YPS i\u00e7erisinde faaliyet g\u00f6sterdikleri belirlenen 11 \u015f\u00fcpheli g\u00f6zalt\u0131na al\u0131nd\u0131.\u00a0 \u00a0 \u00a0 \u0130l Jandarma Komutanl\u0131\u011f\u0131ndan yap\u0131lan a\u00e7\u0131klamaya g\u00f6re, PKK\/KCK-PYD\/YPG silahl\u0131 ter\u00f6r \u00f6rg\u00fctlerinin &hellip; <a href=\"https:\/\/mersinekonomipolitikagazetesi.com\/?p=5878\" class=\"more-link\">Devam\u0131n\u0131 Oku&#8230;<\/a><\/p>\n","protected":false},"author":1,"featured_media":0,"comment_status":"open","ping_status":"open","sticky":false,"template":"","format":"standard","meta":[],"categories":[],"tags":[],"_links":{"self":[{"href":"https:\/\/mersinekonomipolitikagazetesi.com\/index.php?rest_route=\/wp\/v2\/posts\/5878"}],"collection":[{"href":"https:\/\/mersinekonomipolitikagazetesi.com\/index.php?rest_route=\/wp\/v2\/posts"}],"about":[{"href":"https:\/\/mersinekonomipolitikagazetesi.com\/index.php?rest_route=\/wp\/v2\/types\/post"}],"author":[{"embeddable":true,"href":"https:\/\/mersinekonomipolitikagazetesi.com\/index.php?rest_route=\/wp\/v2\/users\/1"}],"replies":[{"embeddable":true,"href":"https:\/\/mersinekonomipolitikagazetesi.com\/index.php?rest_route=%2Fwp%2Fv2%2Fcomments&post=5878"}],"version-history":[{"count":0,"href":"https:\/\/mersinekonomipolitikagazetesi.com\/index.php?rest_route=\/wp\/v2\/posts\/5878\/revisions"}],"wp:attachment":[{"href":"https:\/\/mersinekonomipolitikagazetesi.com\/index.php?rest_route=%2Fwp%2Fv2%2Fmedia&parent=5878"}],"wp:term":[{"taxonomy":"category","embeddable":true,"href":"https:\/\/mersinekonomipolitikagazetesi.com\/index.php?rest_route=%2Fwp%2Fv2%2Fcategories&post=5878"},{"taxonomy":"post_tag","embeddable":true,"href":"https:\/\/mersinekonomipolitikagazetesi.com\/index.php?rest_route=%2Fwp%2Fv2%2Ftags&post=5878"}],"curies":[{"name":"wp","href":"https:\/\/api.w.org\/{rel}","templated":true}]}}