{"id":5880,"date":"2020-11-04T18:26:19","date_gmt":"2020-11-04T15:26:19","guid":{"rendered":"http:\/\/mersinekonomipolitikagazetesi.com\/?p=5880"},"modified":"2020-11-04T18:26:19","modified_gmt":"2020-11-04T15:26:19","slug":"mmoda-yeni-baskan-ibrahim-yucesoy","status":"publish","type":"post","link":"https:\/\/mersinekonomipolitikagazetesi.com\/?p=5880","title":{"rendered":"MMO\u2019DA YEN\u0130 BA\u015eKAN  \u0130BRAH\u0130M Y\u00dcCESOY"},"content":{"rendered":"<div>\n<div><span style=\"font-size: 12px;\">Makine M\u00fchendisleri Odas\u0131 Mersin \u015eubesi 12. Ola\u011fan Genel Kurul ve Se\u00e7im sonu\u00e7lar\u0131n\u0131 a\u00e7\u0131klad\u0131. Yeni Mersin \u015eube Y\u00f6netim Kurulu Ba\u015fkan\u0131, 649 oy ile Geli\u015fim M\u00fchendisleri Grubu Ba\u015fkan aday\u0131 \u0130brahim Y\u00fccesoy oldu.\u00a0<\/span><\/div>\n<div>\u00a0<\/div>\n<div><span style=\"font-size: 12px;\">T\u00fcrk M\u00fchendis ve Mimar Odalar\u0131 Birli\u011fi (TMMOB) &#8216;a ba\u011fl\u0131\u00a0 Makine M\u00fchendisleri Odas\u0131 Mersin \u015eubesi, ge\u00e7ti\u011fimiz haftasonu Genel Kurul ve \u015eube se\u00e7imlerini ger\u00e7ekle\u015ftirdi. \u0130ki grubun kat\u0131ld\u0131\u011f\u0131 ve\u00a0 bin 177 \u00fcyenin oy kulland\u0131\u011f\u0131 Geli\u015fim M\u00fchendisleri Grubu Ba\u015fkan aday\u0131 \u0130brahim Y\u00fccesoy 649 oy al\u0131rken, De\u011fi\u015fim Hareketi M\u00fchendisleri Grubu Ba\u015fkan aday\u0131 Mehmet G\u00f6k 617 oy ald\u0131. 23 as\u0131l, 23 yedek 48. D\u00f6nem Oda Merkez Genel Kurul Delege se\u00e7iminde ise De\u011fi\u015fim M\u00fchendisleri Grubu 571 oy, Geli\u015fim M\u00fchendisleri Grubu ise 565 oy ald\u0131.\u00a0\u00a0<\/span><\/div>\n<div>\u00a0<\/div>\n<div><span style=\"font-size: 12px;\">&#8221;Hi\u00e7 Bir Ayr\u0131m Yok, Birlikte Y\u00f6netece\u011fiz&#8221;<\/span><\/div>\n<div>\u00a0<\/div>\n<div><span style=\"font-size: 12px;\">TMMOB Makina M\u00fchendisleri Odas\u0131 Mersin \u015eube Y\u00f6netim Kurulu Ba\u015fkan\u0131 \u0130brahim Y\u00fccesoy, Yeni se\u00e7ilen Y\u00f6netim Kurulunun bu d\u00f6nemde de \u00fcyeler aras\u0131nda hi\u00e7bir ayr\u0131m yapmadan ayn\u0131 duyarl\u0131l\u0131k ve sevgi ile kucaklayaca\u011f\u0131n\u0131n vurgusunu yapt\u0131.<\/span><\/div>\n<div><span style=\"font-size: 12px;\">Y\u00fccesoy, &#8221;\u015eube olarak ilk genel kurulunu 1997 y\u0131l\u0131nda ger\u00e7ekle\u015ftiren ve bug\u00fcn kay\u0131tl\u0131 2600\u2019\u00fcn \u00fczerinde \u00fcyesi olan 08 &#8211; 09 \u015eubat 2020 tarihinde mesle\u011fimize ve \u015eubemize yak\u0131\u015fan bir olgunluk ve duyarl\u0131l\u0131k ile demokrasi \u015fenli\u011fi \u015feklinde, ho\u015fg\u00f6r\u00fc ve demokratik bir ortamda ger\u00e7ekle\u015ftirilmi\u015ftir. Odam\u0131z\u0131n Merkez ve \u015eubelerinde \u00e7al\u0131\u015fma ilkesi olarak benimsedi\u011fi birlikte \u00fcretme, birlikte karar alma ve birlikte y\u00f6netme anlay\u0131\u015f\u0131 ile meslekta\u015flar\u0131m\u0131z\u0131n genel kurulumuzda ortaya koydu\u011fu ele\u015ftiri, \u00f6neri ve programlarla \u015eubemizin kurumsal \u00e7\u0131tas\u0131 daha da y\u00fckselmi\u015ftir.&#8221; diye konu\u015ftu.\u00a0 \u00a0 \u00a0 \u00a0 \u00a0 \u00a0 \u00a0 \u00a0 \u00a0 \u00a0 \u00a0 \u00a0 \u00a0 \u00a0 \u00a0 \u00a0 \u00a0 \u00a0 \u00a0 \u00a0 \u00a0 \u00a0\u00a0<\/span><\/div>\n<div><span style=\"font-size: 12px;\">&#8221;Kentimizin Sorunlar\u0131na \u00c7\u00f6z\u00fcm \u00dcretecek \u00c7al\u0131\u015fmalar Devam Edecek&#8221;<\/span><\/div>\n<div>\u00a0<\/div>\n<div><span style=\"font-size: 12px;\">\u00dclkenin en b\u00fcy\u00fck meslek kurulu\u015flar\u0131ndan biri olan Makina M\u00fchendisleri Oda&#8217;s\u0131n\u0131n Mersin \u015eubesi olarak olumlu projelere destek vermeye devam edilece\u011finin alt\u0131n\u0131 \u00e7izen Y\u00fccesoy, &#8221;\u015eubemizin As\u0131l ve Yedek Y\u00f6netim Kurulu \u00fcyeleri, \u0130l\u00e7e Temsilcilikleri ve \u0130\u015fyeri Temsilcilikleri ile birlikte bir b\u00fct\u00fcn olarak daha \u00f6nce oldu\u011fu gibi b\u00fct\u00fcn \u00fcyelerimizin hak ve \u00e7\u0131karlar\u0131 do\u011frultusunda her platformda gerekli \u00e7al\u0131\u015fmalar\u0131 yaparak ve meslek alanlar\u0131m\u0131za giren konularda \u00fclkemizin ve kentimizin sorunlar\u0131na \u00e7\u00f6z\u00fcm \u00fcreterek, olumlu projelere destek olmaya devam ederek \u00e7al\u0131\u015fmalar\u0131n\u0131 s\u00fcrd\u00fcrecektir.&#8221; dedi.<\/span><\/div>\n<div><span style=\"font-size: 12px;\">MMO\u00a0 Mersin \u015eubesinin\u00a0 mesleki demokratik kitle \u00f6rg\u00fct\u00fc oldu\u011funu belirten Y\u00fccesoy, &#8221;Odam\u0131z Mersin \u015eubesi; Demokrat ve yurtsever karakterdedir, emekten ve halktan yanad\u0131r, bar\u0131\u015ftan yanad\u0131r. \u0130nsan haklar\u0131 ihlallerine kar\u015f\u0131d\u0131r, insanl\u0131k onurunun korunmas\u0131ndan yanad\u0131r. \u00d6rg\u00fctsel ba\u011f\u0131ms\u0131zl\u0131\u011f\u0131n\u0131 her ko\u015fulda korur, g\u00fcc\u00fcn\u00fc sadece \u00fcyesinden ve bilimsel \u00e7al\u0131\u015fmalardan al\u0131r. Karar alma s\u00fcre\u00e7lerinde demokratik ve kat\u0131l\u0131mc\u0131d\u0131r. TMMOB&#8217;ne ba\u011fl\u0131 Odalar ile birlikte m\u00fchendis, mimar ve \u015fehir planc\u0131lar\u0131n\u0131n meslek alanlar\u0131n\u0131 d\u00fczenler, \u00fcyesinin ve halk\u0131n \u00e7\u0131karlar\u0131n\u0131 korur. Sanayile\u015fme ve demokratikle\u015fme alanlar\u0131nda durum tespitleri yapar, politikalar ve \u00e7\u00f6z\u00fcm \u00f6nerileri \u00fcretir. \u00dclkenin demokratikle\u015fmesi i\u00e7in \u00e7aba sarf eder. Kamuoyu olu\u015fturmaya y\u00f6nelik \u00e7al\u0131\u015fmalar i\u00e7inde tart\u0131\u015fmas\u0131z yer al\u0131r.&#8221; ifadelerini kuland\u0131.<\/span><\/div>\n<div>\u00a0<\/div>\n<div><span style=\"font-size: 12px;\">&#8220;Ya\u015fad\u0131\u011f\u0131m\u0131z kentin sakini de\u011fil sahibi&#8221;\u00a0\u00a0<\/span><\/div>\n<div>\u00a0<\/div>\n<div><span style=\"font-size: 12px;\">Yeni se\u00e7ilen Y\u00f6netim Kurulu olarak, Oda \u00e7al\u0131\u015fmalar\u0131n\u0131 halktan, emekten, demokratikle\u015fmeden yana, yurtsever ve anti-emperyalist anlay\u0131\u015fla y\u00fcr\u00fcteceklerini belirten Y\u00fccesoy, &#8221;Ulusal ba\u011f\u0131ms\u0131zl\u0131\u011f\u0131n kazan\u0131lmas\u0131, ulusal programlar\u0131n ve sanayinin geli\u015fmesine katk\u0131da bulunmaya devam edece\u011fiz.<\/span><\/div>\n<div><span style=\"font-size: 12px;\">TMMOB Mersin \u0130l Koordinasyon Kurulu ile kamu yarar\u0131na \u00e7al\u0131\u015fan \u00f6rg\u00fctlerle ortak \u00e7al\u0131\u015fmalar\u0131 y\u00fckselterek ili\u015fkileri geli\u015ftirece\u011fiz. \u2018Ya\u015fad\u0131\u011f\u0131m\u0131z kentin sakini de\u011fil sahibi\u2019 olma anlay\u0131\u015f\u0131 ile Makina M\u00fchendisleri Odas\u0131 Mersin \u015eube etkinlik alan\u0131m\u0131zda \u00dclke ve kent g\u00fcndemlerine m\u00fcdahil olaca\u011f\u0131z. Meslek alanlar\u0131m\u0131zdan yola \u00e7\u0131karak kentimizin ve b\u00f6lgemizin sorunlar\u0131na sahip \u00e7\u0131kacak, planlanan yada g\u00fcndemde olan projelerin yak\u0131n takip\u00e7isi olaca\u011f\u0131z. Konuya \u00f6zel \u00e7al\u0131\u015fma gruplar\u0131 olu\u015fturularak, haz\u0131rlanan raporlar\u0131 kamuoyu ile payla\u015faca\u011f\u0131z. \u00dcreten, sanayile\u015fen, hak\u00e7a b\u00f6l\u00fc\u015fen, bar\u0131\u015f i\u00e7inde ya\u015fayan bir T\u00fcrkiye ve daha etkin bir Meslek Odas\u0131 olmak i\u00e7in, bize yak\u0131\u015fan seviyeli bir d\u00fc\u015f\u00fcnce olu\u015fturmaya \u00e7al\u0131\u015faca\u011f\u0131z. Bilimin, m\u00fchendisli\u011fin ve halk\u0131n \u00e7\u0131karlar\u0131n\u0131n temel al\u0131nd\u0131\u011f\u0131, planlamaya dayanan, insanca ya\u015fanabilir bir T\u00fcrkiye i\u00e7in m\u00fccadeleye devam edip, Tam Ba\u011f\u0131ms\u0131z, Demokratik ve Laik bir T\u00fcrkiye&#8217;de;\u00a0 karde\u015flik, e\u015fitlik, \u00f6zg\u00fcrl\u00fck ve insanca\u00a0 ya\u015fam i\u00e7in, halk\u0131n e\u011fitimi, sa\u011fl\u0131k, i\u015f, sosyal g\u00fcvenlik, bar\u0131nma, temiz su, temiz hava, enerji ve ula\u015f\u0131m haklar\u0131 i\u00e7in, demokratik kitle \u00f6rg\u00fctleriyle birlikte verilen m\u00fccadelenin \u00f6n\u00fcm\u00fczdeki d\u00f6nemde daha da \u00f6nem kazand\u0131\u011f\u0131 bilinci i\u00e7erisinde olaca\u011f\u0131z.&#8221; dedi.<\/span><\/div>\n<div>\u00a0<\/div>\n<div><span style=\"font-size: 12px;\">&#8221;\u00dcyeler Aras\u0131ndaki \u0130leti\u015fimin Artmas\u0131n\u0131 \u0130stiyoruz&#8221;<\/span><\/div>\n<div>\u00a0<\/div>\n<div><span style=\"font-size: 12px;\">Temel g\u00f6r\u00fc\u015flerinin,\u00fcyelerin sosyal dayan\u0131\u015fmas\u0131n\u0131 sa\u011flamak oldu\u011funun alt\u0131n\u0131 \u00e7izen Y\u00fccesoy, &#8221; \u00d6n\u00fcm\u00fczdeki s\u00fcre\u00e7 i\u00e7erisinde \u00dcyelerimizin ki\u015fisel ve mesleki a\u00e7\u0131dan geli\u015fimine destek olmak amac\u0131yla; e\u011fitim, seminer, sempozyum d\u00fczenlenmesi ve i\u00e7eri\u011finin zenginle\u015ftirilmesi \u00e7al\u0131\u015fmalar\u0131 devam edecektir.<\/span><\/div>\n<div><span style=\"font-size: 12px;\">\u00dcyelerimizin ve ailelerinin birbirini tan\u0131mas\u0131; \u00fcyeler aras\u0131ndaki ileti\u015fimin artt\u0131rmas\u0131, dostluk ba\u011flar\u0131n\u0131n g\u00fc\u00e7lendirilerek bilgi, fikir ve deneyim al\u0131\u015fveri\u015finde bulunulmas\u0131, \u00fcyelerimizin sosyal ve k\u00fclt\u00fcrel etkinliklere kat\u0131labilecekleri \u015fube lokalimizin a\u00e7\u0131labilmesi i\u00e7in gerekli \u00e7al\u0131\u015fmalar\u0131 hep birlikte yapaca\u011f\u0131z.<\/span><\/div>\n<div><span style=\"font-size: 12px;\">Bu d\u00fc\u015f\u00fcnce ve duygularla, Genel Kurul ve Se\u00e7im s\u00fcrecimizde \u015eubemizde aday olan ve katk\u0131 sa\u011flayarak demokratik tercihlerini g\u00f6steren, desteklerini ve g\u00fcvenlerini bizden esirgemeyen t\u00fcm meslekta\u015flar\u0131m\u0131za, Odam\u0131z\u0131n \u00e7al\u0131\u015fmalar\u0131n\u0131 ve faaliyetlerini kamuoyuna iletilmesinde her zaman \u015eubemize destek olan yerel bas\u0131n &#8211; yay\u0131n kurumlar\u0131na ve \u00e7al\u0131\u015fanlar\u0131na, Genel Kurulumuza kat\u0131lan yerel y\u00f6netim temsilcilerine ve meslek odas\u0131 temsilcilerine ve di\u011fer t\u00fcm konuklar\u0131m\u0131za, kat\u0131lamay\u0131p \u00e7i\u00e7ek g\u00f6nderen t\u00fcm kurum ve kurulu\u015flara yeni se\u00e7ilen \u015eube Y\u00f6netim Kurulu olarak te\u015fekk\u00fcr ediyor, Odam\u0131z ad\u0131na sevgi ve sayg\u0131lar\u0131m\u0131z\u0131 sunuyoruz.&#8221; diye konu\u015ftu.\u00a0<\/span><\/div>\n<div>\u00a0<\/div>\n<div><span style=\"font-size: 12px;\">Yeni Y\u00f6netimin G\u00f6rev Da\u011f\u0131l\u0131m\u0131\u00a0<\/span><\/div>\n<div>\u00a0<\/div>\n<div><span style=\"font-size: 12px;\">MMOB MMO Mersin \u015eubesi 12. D\u00f6nem Y\u00f6netim Kurulu, \u0130l\u00e7e Se\u00e7im Kurulundan mazbatalar\u0131n\u0131 alarak yapt\u0131\u011f\u0131 ilk Y\u00f6netim Kurulu toplant\u0131s\u0131nda g\u00f6rev da\u011f\u0131l\u0131m\u0131n\u0131 \u015fu \u015fekilde;<\/span><\/div>\n<div><span style=\"font-size: 12px;\">\u015eube Ba\u015fkan\u0131 \u0130brahim Y\u00fccesoy, \u015eube Ba\u015fkan Vekili Kader Metin, \u015eube Sekreteri Mehmet \u00c7akmak, \u015eube Sayman\u0131 \u0130smail O\u011fuz, Y\u00f6netim Kurulu \u00dcyesi Mehmet G\u00f6k, Y\u00f6netim Kurulu \u00dcyesi Bora Deliba\u015f, Y\u00f6netim Kurulu \u00dcyesi Reha Can Avar, Y\u00f6netim Kurulu Yedek \u00dcyesi Tu\u011fba K\u00f6r\u00fck\u00e7\u00fc, Y\u00f6netim Kurulu Yedek \u00dcyesi Bengi \u015eanl\u0131, Y\u00f6netim Kurulu Yedek \u00dcyesi Tahsin G\u00fcven Merzeci, Y\u00f6netim Kurulu Yedek \u00dcyesi Tolga \u00c7olak, Y\u00f6netim Kurulu Yedek \u00dcyesi Mehmet Caner Can, Y\u00f6netim Kurulu Yedek \u00dcyesi Erkan Kandemir, Y\u00f6netim Kurulu Yedek \u00dcyesi Muhammed Mikdat Bo\u011fa.<\/span><\/div>\n<\/div>\n","protected":false},"excerpt":{"rendered":"<p>Makine M\u00fchendisleri Odas\u0131 Mersin \u015eubesi 12. Ola\u011fan Genel Kurul ve Se\u00e7im sonu\u00e7lar\u0131n\u0131 a\u00e7\u0131klad\u0131. Yeni Mersin \u015eube Y\u00f6netim Kurulu Ba\u015fkan\u0131, 649 oy ile Geli\u015fim M\u00fchendisleri Grubu Ba\u015fkan aday\u0131 \u0130brahim Y\u00fccesoy oldu.\u00a0 &hellip; <a href=\"https:\/\/mersinekonomipolitikagazetesi.com\/?p=5880\" class=\"more-link\">Devam\u0131n\u0131 Oku&#8230;<\/a><\/p>\n","protected":false},"author":1,"featured_media":0,"comment_status":"open","ping_status":"open","sticky":false,"template":"","format":"standard","meta":[],"categories":[],"tags":[],"_links":{"self":[{"href":"https:\/\/mersinekonomipolitikagazetesi.com\/index.php?rest_route=\/wp\/v2\/posts\/5880"}],"collection":[{"href":"https:\/\/mersinekonomipolitikagazetesi.com\/index.php?rest_route=\/wp\/v2\/posts"}],"about":[{"href":"https:\/\/mersinekonomipolitikagazetesi.com\/index.php?rest_route=\/wp\/v2\/types\/post"}],"author":[{"embeddable":true,"href":"https:\/\/mersinekonomipolitikagazetesi.com\/index.php?rest_route=\/wp\/v2\/users\/1"}],"replies":[{"embeddable":true,"href":"https:\/\/mersinekonomipolitikagazetesi.com\/index.php?rest_route=%2Fwp%2Fv2%2Fcomments&post=5880"}],"version-history":[{"count":0,"href":"https:\/\/mersinekonomipolitikagazetesi.com\/index.php?rest_route=\/wp\/v2\/posts\/5880\/revisions"}],"wp:attachment":[{"href":"https:\/\/mersinekonomipolitikagazetesi.com\/index.php?rest_route=%2Fwp%2Fv2%2Fmedia&parent=5880"}],"wp:term":[{"taxonomy":"category","embeddable":true,"href":"https:\/\/mersinekonomipolitikagazetesi.com\/index.php?rest_route=%2Fwp%2Fv2%2Fcategories&post=5880"},{"taxonomy":"post_tag","embeddable":true,"href":"https:\/\/mersinekonomipolitikagazetesi.com\/index.php?rest_route=%2Fwp%2Fv2%2Ftags&post=5880"}],"curies":[{"name":"wp","href":"https:\/\/api.w.org\/{rel}","templated":true}]}}