{"id":5881,"date":"2020-11-04T18:26:19","date_gmt":"2020-11-04T15:26:19","guid":{"rendered":"http:\/\/mersinekonomipolitikagazetesi.com\/?p=5881"},"modified":"2020-11-04T18:26:19","modified_gmt":"2020-11-04T15:26:19","slug":"mersin-buyuksehir-belediyesi-meclisinde-fiyasko-birbirlerini-sucladilar","status":"publish","type":"post","link":"https:\/\/mersinekonomipolitikagazetesi.com\/?p=5881","title":{"rendered":"Mersin B\u00fcy\u00fck\u015fehir Belediyesi Meclisi\u2019nde Fiyasko!  Birbirlerini Su\u00e7lad\u0131lar..!"},"content":{"rendered":"<p>Mersin B\u00fcy\u00fck\u015fehir Belediyesi 2020 y\u0131l\u0131 ola\u011fan \u015eubat ay\u0131 Meclis toplant\u0131s\u0131 ikinci birle\u015fimi, Silifke\u2019de ger\u00e7ekle\u015fti. G\u00fcndem maddelerinin g\u00f6r\u00fc\u015f\u00fcld\u00fc\u011f\u00fc mecliste Ta\u015fucu tersanesi, imar plan\u0131, MESK\u0130 abonelik bedeli ve i\u015ften \u00e7\u0131karma konular\u0131 tart\u0131\u015fmalara sebep oldu. Mersin B\u00fcy\u00fck\u015fehir Belediye Ba\u015fkan\u0131 Vahap Se\u00e7er, tersane ile ilgili yine bir a\u00e7\u0131klama yapmad\u0131.<\/p>\n<div><span style=\"font-size: 12px;\">Ta\u015fucu tersanesi ile ilgili meclis yeniden tart\u0131\u015fmalara tan\u0131k oldu. Yap\u0131lacak tesisin bak\u0131m, onar\u0131m gibi faaliyet g\u00f6sterece\u011fini vurgulayan meclis \u00fcyeleri komisyonun hay\u0131r dedi\u011fi ve meclisin evet diyerek onaylad\u0131\u011f\u0131 tersane ile ilgili tekrar g\u00fcndeme al\u0131nmas\u0131 gerekti\u011fi vurguland\u0131.<\/span><\/div>\n<div>\u00a0<\/div>\n<div>\u00a0<\/div>\n<div><span style=\"font-size: 12px;\">\u201cOylamada kimseden ses \u00e7\u0131kmad\u0131\u201d<\/span><\/div>\n<div>\u00a0<\/div>\n<div>\u00a0<\/div>\n<div><span style=\"font-size: 12px;\">Konuyla ilgili meclis \u00fcyelerinden Muhittin Erta\u015f\u2019\u0131n, \u201cSEKA liman\u0131na tersane yap\u0131m\u0131n\u0131n meclis oylamas\u0131ndan Cumhur ittifak\u0131n\u0131n oylar\u0131yla oy \u00e7oklu\u011fuyla ge\u00e7mesinden dolay\u0131 i\u00e7imiz s\u0131zlad\u0131.\u201d demesinin \u00fczerine Mahmut Tat, \u201c \u0130lgimi \u00e7eken \u015fu oldu. Meclis \u00fcyelerimiz ge\u00e7en mecliste oylamas\u0131 yap\u0131lan ve t\u00fcm meclislerde hemen hemen konu\u015fma hakk\u0131 verdi\u011finiz arkada\u015flar\u0131m\u0131z aylard\u0131r komisyonlarda ara\u015ft\u0131rmas\u0131 yap\u0131lan tersane konusunda \u015fuanda hatip olan arkada\u015flar\u0131n bir tanesinden ses \u00e7\u0131kmad\u0131.\u201d diyerek yap\u0131lan ele\u015ftirilere cevap verdi.<\/span><\/div>\n<div>\u00a0<\/div>\n<div><span style=\"font-size: 12px;\">\u00a0<\/span><\/div>\n<div><span style=\"font-size: 12px;\">\u201c Hayal k\u0131r\u0131kl\u0131\u011f\u0131na u\u011frad\u0131m\u201d<\/span><\/div>\n<div>\u00a0<\/div>\n<div><span style=\"font-size: 12px;\">\u00a0<\/span><\/div>\n<div><span style=\"font-size: 12px;\">Komisyonlar\u0131n verdi\u011fi kararlar\u0131n meclis \u00fcyelerine bilgi niteli\u011fi ta\u015f\u0131d\u0131\u011f\u0131n\u0131 belirten Mahmut Tat, \u201cDikkatimi \u00e7eken belirli arkada\u015flar tersaneye \u015fiddetle kar\u015f\u0131yd\u0131. Bende arkada\u015flar\u0131ma gitmeyin bekleyin s\u00f6z hakk\u0131 do\u011far dedim fakat oylamada kimse s\u00f6z hakk\u0131 istemedi. Hayal k\u0131r\u0131kl\u0131\u011f\u0131na u\u011frad\u0131m.\u201d diyerek ele\u015ftirilere cevap verdi.<\/span><\/div>\n<div>\u00a0<\/div>\n<div><span style=\"font-size: 12px;\">\u00a0<\/span><\/div>\n<div><span style=\"font-size: 12px;\">\u201cKomisyonda olumsuz oy kullananlar mecliste olumlu oy kulland\u0131\u201d<\/span><\/div>\n<div>\u00a0<\/div>\n<div><span style=\"font-size: 12px;\">Meclis \u00fcyesi Ali Dinsever tersane ile ilgili tart\u0131\u015fmalar konusunda kamuoyunun bilgilendirilmesi gerekti\u011fini belirterek, \u201c Silifke halk\u0131 tersane yap\u0131ld\u0131 ve Silifke \u00f6ld\u00fc gibi bir kan\u0131y\u0131 asla kabul etmemeli. S\u00fcre\u00e7 devam ediyor ve sadece meclisimize sizin g\u00f6r\u00fc\u015f\u00fcn\u00fcz nedir diye soruldu. Konu\u015fmamam\u0131z\u0131n tersane ile ilgili onay verdi\u011fimiz anlam\u0131 ta\u015f\u0131d\u0131\u011f\u0131 belirtiliyor. Konu meclise gelmeden \u00f6nce komisyonda Topkara ile ayn\u0131 noktada bulu\u015ftuk. Tersanenin katk\u0131 sunmayaca\u011f\u0131, \u00e7evreyi kirletece\u011fi \u015feklinde karar al\u0131narak olumsuz g\u00f6r\u00fc\u015f \u00e7\u0131kt\u0131. Komisyonda tart\u0131\u015f\u0131lan bu konunun olumsuz \u015fekilde oylanmas\u0131n\u0131 bekliyorduk. Ne yaz\u0131k ki oylama s\u0131ras\u0131nda komisyonda olumsuz g\u00f6r\u00fc\u015f verenler de olumlu oy kulland\u0131.\u201d diyerek a\u00e7\u0131klanmas\u0131 gerekti\u011fini vurgulad\u0131.<\/span><\/div>\n<div>\u00a0<\/div>\n<div><span style=\"font-size: 12px;\">&#8220;Mersin&#8217;in gelece\u011fini karartacak..!&#8221;\u00a0<\/span><\/div>\n<div>\u00a0<\/div>\n<div><span style=\"font-size: 12px;\">Meclis \u00fcyesi HDP\u2019li Ali Tanr\u0131verdi, Ta\u015fucu tersanesi ile ilgili konu\u015farak, \u201cTa\u015fucu tersanesini ge\u00e7ti\u011fimiz birle\u015fimde oy \u00e7oklu\u011fuyla meclis komisyonlar\u0131 haz\u0131rlam\u0131\u015f oldu\u011fu rapor reddedildi. Yani yap\u0131lmas\u0131 kararla\u015ft\u0131r\u0131ld\u0131 kald\u0131 ki, Silifke halk\u0131 ve \u00e7evresindeki insanlar y\u0131llardan beri bunun m\u00fccadelesini veriyorlar ve hukuksal olarak bir tak\u0131m ba\u015fvurular yap\u0131ld\u0131, bir tak\u0131m giri\u015fimlerde bulunuldu. \u00d6rne\u011fin; bu projenin iptali i\u00e7in gerek Dan\u0131\u015ftay 6\u2019\u0131nc\u0131 dairesi ve Mersin Adliye Mahkemesi\u2019nin kesin kararlar\u0131 var.\u201d dedi. Al\u0131nan kesin kararlara ra\u011fmen yeniden tersanenin yap\u0131m\u0131n\u0131n g\u00fcndeme geldi\u011fini belirten Tanr\u0131verdi, \u201cMeclisimize de ta\u015f\u0131nd\u0131 ve buna hukuk dilinde yoluyla hile derler. Bu karar al\u0131nd\u0131 ama diyoruz ki bu kararla ilgili olarak bu karardan vazge\u00e7ilmesi i\u00e7in hukuksal m\u00fccadele ge\u00e7mi\u015f d\u00f6nemlerde oldu\u011fu gibi yine amac\u0131na ula\u015f\u0131l\u0131r. Tersanenin yap\u0131lmas\u0131 ger\u00e7ekten Silifke halk\u0131n\u0131n ve \u00e7evredeki di\u011fer il\u00e7elerin hatta Mersin&#8217;in t\u00fcm\u00fcn\u00fcn gelece\u011finin t\u00fcm\u00fcn\u00fcn kararmas\u0131 demektir.\u201d diye konu\u015ftu.<\/span><\/div>\n<div>\u00a0<\/div>\n<div>\u00a0<\/div>\n<div><span style=\"font-size: 12px;\">\u201cTurizmin Mersin\u2019den kald\u0131r\u0131lmas\u0131 demektir\u201d<\/span><\/div>\n<div>\u00a0<\/div>\n<div><span style=\"font-size: 12px;\">\u00a0<\/span><\/div>\n<div><span style=\"font-size: 12px;\">Tersanenin aktif olmas\u0131 ile birlikte Silifke ve \u00e7evresindeki tar\u0131msal alanlarda yok edilece\u011fini belirten Tanr\u0131verdi, \u201cK\u0131sa bir s\u00fcre sonra burada faaliyet ge\u00e7erse bir zamanlar Silifke&#8217;de Silifke\u2019nin me\u015fhur bir yo\u011furdu vard\u0131, bir zamanlar Silifke\u2019nin me\u015fhur \u00e7ile\u011fi vard\u0131 diyece\u011fiz. Bunlar\u0131n ne ac\u0131d\u0131r ki hepsi ortadan kald\u0131r\u0131lacak. Gemilerin buralarda tamirleri ve onar\u0131mlar\u0131 yap\u0131lacak. Kullan\u0131lan malzemeler yak\u0131n alanlarda bulunan insanlar\u0131n gelecekte ya\u015fayacaklar\u0131n sa\u011fl\u0131\u011f\u0131 tehlikeye giriyor. Beklentisi olan halk\u0131n projeleri yap\u0131lm\u0131\u015f gibi g\u00f6r\u00fclen turizmin tamam\u0131yla Mersin\u2019den kald\u0131r\u0131lmas\u0131 demektir. Zaten bir\u00e7ok sanayi projesi geli\u015ftirildi. \u00f6rnek olarak n\u00fckleer enerji santrali, bal\u0131k \u00e7iftlikleri, \u00e7imento fabrikalar\u0131 ile ve merkezde polipropilen fabrikas\u0131n\u0131n da getirilmesiyle Mersin&#8217;e tamam\u0131 ile ne yaz\u0131k ki turizm ortadan kald\u0131r\u0131ld\u0131.\u201d dedi.<\/span><\/div>\n<div>\u00a0<\/div>\n<div><span style=\"font-size: 12px;\">\u00a0&#8220;Se\u00e7imden \u00f6nce neden i\u015f\u00e7ileri \u00e7\u0131kartmayaca\u011f\u0131m dediniz?&#8221;<\/span><\/div>\n<div>\u00a0<\/div>\n<div><span style=\"font-size: 12px;\">Meclis toplant\u0131s\u0131nda belediyelerde ki i\u015f\u00e7i \u00e7\u0131karmalar\u0131 da g\u00fcndeme geldi. Her \u015fey daha g\u00fczel olacak d\u00fc\u015f\u00fcncesiyle \u00e7al\u0131\u015ft\u0131klar\u0131n\u0131 belirten Mahmut Tat i\u015f\u00e7i \u00e7\u0131k\u0131\u015flar\u0131n\u0131n dikkatini \u00e7ekti\u011fini belirtti. Tarsus\u2019ta kendisini yakmaya \u00e7al\u0131\u015fan vatanda\u015fa y\u00f6nelik konu\u015fan Tat, \u201c\u0130\u015ften \u00e7\u0131kar\u0131lan \u00e7al\u0131\u015fanlar\u0131n tekrar s\u00fczge\u00e7ten ge\u00e7irilmesi gerekti\u011fini d\u00fc\u015f\u00fcn\u00fcyorum. Se\u00e7imden \u00f6nce neden i\u015f\u00e7ileri \u00e7\u0131kartmayaca\u011f\u0131m dediniz? \u0130\u015fine ihanet edenleri \u00e7\u0131kart\u0131n fakat haks\u0131zl\u0131\u011fa u\u011frayan arkada\u015flar\u0131m\u0131z var.\u201d diye konu\u015ftu. Tat, \u201cSe\u00e7ildi\u011finiz d\u00f6nemde \u2018Hi\u00e7 kimsenin i\u015fi ve a\u015f\u0131yla oynamayaca\u011f\u0131m\u2019 diyordunuz. Siyaset\u00e7ilerimizin geli\u015fen \u015fartlara g\u00f6re ge\u00e7mi\u015fe dayal\u0131 intikamlarla hareket etmeyip bu d\u00fc\u015f\u00fcnceye sahip olmas\u0131ndan mutlu olduk. Mersin\u2019de i\u015fsizlikle m\u00fccadele komisyonu da olu\u015fturduk .Maalesef ge\u00e7en s\u00fcre\u00e7te \u00e7al\u0131\u015fm\u0131yor denilerek, i\u015fe gelmiyor, performans\u0131 d\u00fc\u015f\u00fck, bankamatik denilerek i\u015f\u00e7ilerin i\u015flerine son verildi eyvallah dedik. Israrla \u015funu da belirttik baz\u0131 arkada\u015flar\u0131n \u00fczerinde tekrar denetim sa\u011flanmas\u0131n\u0131 istiyoruz. Haks\u0131z \u015fekilde i\u015ften \u00e7\u0131kart\u0131lan arkada\u015flar\u0131n aile dramlar\u0131n\u0131 dinledi\u011fimizde buruk kal\u0131yoruz.\u201d diye konu\u015ftu.<\/span><\/div>\n<div>\u00a0<\/div>\n<div><span style=\"font-size: 12px;\">\u00a0&#8220;\u0130\u015f\u00e7ileri tekrar alacak m\u0131s\u0131n\u0131z?&#8221;<\/span><\/div>\n<div>\u00a0<\/div>\n<div><span style=\"font-size: 12px;\">Akdeniz Belediye Ba\u015fkan Yard\u0131mc\u0131s\u0131 Zafer \u015eahin \u00d6zturan, i\u015ften \u00e7\u0131kartmalar\u0131n\u0131n en az oldu\u011fu il\u00e7enin Akdeniz Belediyesi oldu\u011funu belirterek, &#8220;\u00c7\u0131kar\u0131lan i\u015f\u00e7iler geri al\u0131nacak m\u0131?&#8221; sorusuna cevap veren Mersin B\u00fcy\u00fck\u015fehir Belediye Ba\u015fkan\u0131 Vahap Se\u00e7er, &#8220;\u0130\u015f\u00e7iler \u00e7al\u0131\u015fm\u0131yor. \u0130\u015flerini yapmayan ki\u015filerle yolumuzu ay\u0131r\u0131yoruz. Siz istihdam fazlas\u0131 diyor i\u015f\u00e7i \u00e7\u0131kart\u0131yorsunuz yerine i\u015f\u00e7i al\u0131yorsunuz ben \u00e7al\u0131\u015fmad\u0131klar\u0131 i\u00e7in i\u015ften \u00e7\u0131kart\u0131yorum. 10 bin insan \u00e7al\u0131\u015f\u0131yor hepsi benim partime mi mensup\u201d diyerek\u00a0 cevap verdi.<\/span><\/div>\n<div><span style=\"font-size: 12px;\">Meclis \u00fcyelerinden Erden Do\u011fru\u00f6z de i\u015f\u00e7i \u00e7\u0131kartmalar\u0131na y\u00f6nelik, \u201cSilifke\u2019de de \u00e7al\u0131\u015fanlar\u0131n\u0131n i\u015flerine son verildi. Haks\u0131z yere i\u015f\u00e7i \u00e7\u0131kart\u0131l\u0131yorsa bu durumun kar\u015f\u0131s\u0131nday\u0131z\u201d diye konu\u015ftu.<\/span><\/div>\n<div>\u00a0<\/div>\n<div><span style=\"font-size: 12px;\">\u00a0<\/span><\/div>\n<div><span style=\"font-size: 12px;\">&#8220;Mersin imar konusunda y\u0131llard\u0131r bekliyor &#8220;<\/span><\/div>\n<div>\u00a0<\/div>\n<div>\u00a0<\/div>\n<div><span style=\"font-size: 12px;\">Mezitli Belediye Meclisi\u2019nin 05.07.2019 tarih ve 98 say\u0131l\u0131 karar\u0131 ile \u0130dareye iletilen Mezitli 2. Etap Mezitli Planlama B\u00f6lgesi Revizyon 1\/1000 \u00d6l\u00e7ekli Uygulama \u0130mar Plan\u0131 ile ilgili \u0130mar ve Bay\u0131nd\u0131rl\u0131k Komisyonu, \u00c7evre ve Sa\u011fl\u0131k Komisyonu ile Ula\u015f\u0131m Komisyonu&#8217;na m\u00fc\u015ftereken havale edilen konunun g\u00f6r\u00fc\u015f\u00fclmesi konusu hakk\u0131nda konu\u015fan meclis \u00fcyeleri oylama ger\u00e7ekle\u015ftirirken imar konular\u0131 hakk\u0131nda g\u00f6r\u00fc\u015fler bildirildi. MHP\u2019li Mahmut Tat, Mezitli b\u00f6lgesinin 2. etap konusu hakk\u0131nda konu\u015farak, \u201cMersin imar konusunda y\u0131llard\u0131r bekliyor. Hadisenin i\u00e7erisinde oldu\u011fumuz i\u00e7in \u015fuan b\u00fcy\u00fck s\u0131k\u0131nt\u0131lar\u0131n \u00e7o\u011fu ge\u00e7en d\u00f6nemden kalan s\u0131k\u0131nt\u0131lar.\u201d diye konu\u015ftu.<\/span><\/div>\n<div>\u00a0<\/div>\n<div>\u00a0<\/div>\n<div><span style=\"font-size: 12px;\">&#8220;Belediyelerin \u00f6n\u00fcn\u00fcn a\u00e7\u0131lmas\u0131n\u0131 bekliyoruz&#8221;<\/span><\/div>\n<div>\u00a0<\/div>\n<div><span style=\"font-size: 12px;\">\u0130mar konusunun sadece Mersin\u2019in de\u011fil T\u00fcrkiye\u2019nin genel problemi oldu\u011funu dile getiren Mahmut Tat, \u201c Ge\u00e7mi\u015f d\u00f6nemlerde yap\u0131lan hatalar\u0131 \u015fimdiki y\u00f6netim bedelini \u00f6d\u00fcyor. Merkezde 2\u2019inci etap kald\u0131 ve Kuyuluk b\u00f6lgesindeki etap bitecektir. Erdemli ve Silifke\u2019de ihalesi yap\u0131lan ve revizyonlar\u0131n bitti\u011fi imara a\u00e7\u0131lan yerlerde beklenen g\u00f6r\u00fc\u015fler var. Biten b\u00f6l\u00fcmlerin komisyon ve meclise g\u00f6r\u00fc\u015f\u00fclerek Erdemli ve Silifke planlar\u0131n\u0131n karara ba\u011flanarak belediyelerin \u00f6n\u00fcn\u00fcn a\u00e7\u0131lmas\u0131n\u0131 bekliyoruz\u201d ifadesini kulland\u0131.<\/span><\/div>\n<div>\u00a0<\/div>\n<div><span style=\"font-size: 12px;\">\u00a0<\/span><\/div>\n<div>\u00a0<\/div>\n<div><span style=\"font-size: 12px;\">\u201cYat\u0131r\u0131mc\u0131lar\u0131n ilk sorusu imar durumu nedir oluyor\u201d<\/span><\/div>\n<div>\u00a0<\/div>\n<div><span style=\"font-size: 12px;\">Mezitli Belediye Ba\u015fkan\u0131 Ne\u015fet Tarhan ise yat\u0131r\u0131mc\u0131lar\u0131n gerekli konularda bir a\u015famaya gelinmesini beklentisinde oldu\u011funu belirtti. Tarhan, \u201cMersin\u2019e yat\u0131r\u0131mc\u0131 gelsin diyoruz fakat sorulan ilk soru burada imar durumu nedir? Yar\u0131n ruhsat alabilecek miyim? &#8216;dir. Bizler de mevzuata uygun \u015fekilde davranmaya \u00e7al\u0131\u015ft\u0131k. Konular\u0131n ve projelerin erken bitirilmesi i\u00e7in \u00e7al\u0131\u015ft\u0131k\u201d dedi.<\/span><\/div>\n<div>\u00a0<\/div>\n<div><span style=\"font-size: 12px;\">\u201c\u0130l\u00e7e belediyeler evraklar\u0131 geciktiriyor\u201d<\/span><\/div>\n<div>\u00a0<\/div>\n<div><span style=\"font-size: 12px;\">Konular\u0131n ve projelerin gecikmesine y\u00f6nelik Mersin B\u00fcy\u00fck\u015fehir Belediyesi\u2019ne ele\u015ftiride bulunmas\u0131n\u0131n \u00fczerine Ba\u015fkan Se\u00e7er, \u201c\u0130l\u00e7e belediyelerden evraklar tam gelmedi. Biz zaman kazanmak i\u00e7in inisiyatif kullan\u0131yoruz. Her ge\u00e7en g\u00fcn de benim aleyhime gidiyor. Eksiklikleri ise il\u00e7e belediyeleri yap\u0131yor. Verilen g\u00fcnde gelmeyen eksik evraklar\u0131 a\u00e7\u0131klar\u0131m. \u00d6zel komisyon olu\u015fturduk ve akademisyen dan\u0131\u015fman ile s\u00fcreci i\u015fletiyoruz. A\u00e7\u0131k bir \u015fekilde ilerliyoruz fakat \u015fekil konusunda B\u00fcy\u00fck\u015fehir\u2019i s\u0131k\u0131nt\u0131ya sokmay\u0131n. A\u015famad\u0131\u011f\u0131n\u0131z konular\u0131 vatanda\u015fla kar\u015f\u0131 kar\u015f\u0131ya gelmemek i\u00e7in bizlere y\u00f6nlendiriyorsunuz. D\u00fcr\u00fcst olmak laz\u0131m oy kayg\u0131s\u0131yla biz bu i\u015fleri yapacak olursak yand\u0131k gitti. gecikme ve olumsuzluk vatanda\u015fa Mersin\u2019e etki ediyor.\u201d ifadelerini kulland\u0131.<\/span><\/div>\n<div>\u00a0<\/div>\n<div><span style=\"font-size: 12px;\">\u00a0<\/span><\/div>\n<div><span style=\"font-size: 12px;\">\u201cGe\u00e7ti\u011fimiz d\u00f6nemden kalan problemleri \u00e7\u00f6zmeye \u00e7al\u0131\u015f\u0131yoruz\u201d<\/span><\/div>\n<div>\u00a0<\/div>\n<div>\u00a0<\/div>\n<div><span style=\"font-size: 12px;\">Se\u00e7er ayr\u0131ca 2\u2019inci etap 1\/5000 planlamas\u0131nda herkesin \u00e7aba sarf etti\u011fini belirterek, \u201cHepimiz gayret sarf ediyoruz. Akdeniz, Toroslar, Yenice b\u00f6lgesinde problemler var. Ge\u00e7en d\u00f6nemden kalan problemleri \u00e7\u00f6zmeye \u00e7al\u0131\u015f\u0131yoruz.\u201d dedi.<\/span><\/div>\n<div>\u00a0<\/div>\n<div><span style=\"font-size: 12px;\">\u00a0<\/span><\/div>\n<div><span style=\"font-size: 12px;\">\u201cElle tutulur komisyona gelen bir konu yok\u201d<\/span><\/div>\n<div>\u00a0<\/div>\n<div><span style=\"font-size: 12px;\">Meclis \u00fcyesi Mehmet Topkara ise imar konusuyla ilgili, \u201c\u0130mar komisyon \u00fcyesi olarak ge\u00e7en d\u00f6nem yapt\u0131\u011f\u0131m\u0131z ihalede Silifke, Erdemli, Ayd\u0131nc\u0131k gibi il\u00e7elerin 5000\u2019likleri yap\u0131ld\u0131 ve iki y\u0131ld\u0131r kurum g\u00f6r\u00fc\u015fleri bekleniyor. \u0130mar komisyonunda bu \u00e7al\u0131\u015fmalara da destek veriyoruz. Silifke, Erdemli gibi il\u00e7elerin kurum g\u00f6r\u00fc\u015fleri beklemeksizin ge\u00e7mi\u015f planlar\u0131 etap etap getirelim \u00e7al\u0131\u015fman\u0131n start\u0131 verildi dediniz fakat elle tutulur komisyona gelen bir konu yok . Bunu trib\u00fcne oynamak i\u00e7in s\u00f6ylemiyorum .\u201ddiye konu\u015ftu.<\/span><\/div>\n<div>\u00a0<\/div>\n<div><span style=\"font-size: 12px;\">\u00a0\u201cHer b\u00f6lge bizim i\u00e7in \u00f6nemli\u201d<\/span><\/div>\n<div>\u00a0<\/div>\n<div><span style=\"font-size: 12px;\">Ayr\u0131ca Topkara il\u00e7elere yat\u0131r\u0131mlar\u0131n ve projelerin artt\u0131r\u0131lmas\u0131 gerekti\u011fini vurgulayarak, \u201cBurada insanlar ya\u015f\u0131yor burada insanlar\u0131n problemleri var. Merkezdeki 4 il\u00e7enin \u00e7al\u0131\u015fmalar\u0131 yap\u0131ld\u0131 2\u2019inci etaplarda geldi billboardlarda da g\u00f6r\u00fcyoruz. Bat\u0131 Mersin\u2019in problemlerininde komisyonlarda \u00e7al\u0131\u015f\u0131lmas\u0131n\u0131 ve \u00e7\u00f6z\u00fcme kavu\u015fturulmas\u0131n\u0131 istiyorum. Merkez kadar il\u00e7elerine s\u0131k\u0131\u015ft\u0131rarak problemleri a\u015fmaya \u00e7al\u0131\u015fal\u0131m.\u201d dedi. Beklenti i\u00e7erisine girmi\u015f il\u00e7elerde etap etap bunu yapacaklar\u0131n\u0131 belirten Ba\u015fkan Se\u00e7er, \u201cAnamur\u2019dan Tarsus\u2019a kadar her b\u00f6lge bizim b\u00f6lgemiz ve bizim i\u00e7in \u00f6nemli.\u201d diyerek proje ve \u00e7al\u0131\u015fmalar\u0131 h\u0131zland\u0131racaklar\u0131n\u0131 belirtti.\u00a0<\/span><\/div>\n<div>\u00a0<\/div>\n<div><span style=\"font-size: 12px;\">\u201cBu paralar\u0131 toplamasam nas\u0131l yat\u0131r\u0131m yapaca\u011f\u0131m?\u201d<\/span><\/div>\n<div>\u00a0<\/div>\n<div><span style=\"font-size: 12px;\">MESK\u0130\u2019ye dair vatanda\u015flar\u0131n tepki g\u00f6sterdiklerini belirten meclis \u00fcyelerine kar\u015f\u0131 belgeleriyle cevap veren Se\u00e7er, \u201cEv sahibinden \u00fccret al\u0131yoruz. Bir daha da alm\u0131yoruz. Mersin\u2019in geli\u015fmesini istiyorsan\u0131z yasalar\u0131n verdi\u011fi d\u00fczeyde hakk\u0131m\u0131z\u0131 kullanal\u0131m. Bu paralar\u0131 toplamasam nereden yat\u0131r\u0131m yapaca\u011f\u0131m.\u201d diye vurgulad\u0131.<\/span><\/div>\n","protected":false},"excerpt":{"rendered":"<p>Mersin B\u00fcy\u00fck\u015fehir Belediyesi 2020 y\u0131l\u0131 ola\u011fan \u015eubat ay\u0131 Meclis toplant\u0131s\u0131 ikinci birle\u015fimi, Silifke\u2019de ger\u00e7ekle\u015fti. G\u00fcndem maddelerinin g\u00f6r\u00fc\u015f\u00fcld\u00fc\u011f\u00fc mecliste Ta\u015fucu tersanesi, imar plan\u0131, MESK\u0130 abonelik bedeli ve i\u015ften \u00e7\u0131karma konular\u0131 tart\u0131\u015fmalara &hellip; <a href=\"https:\/\/mersinekonomipolitikagazetesi.com\/?p=5881\" class=\"more-link\">Devam\u0131n\u0131 Oku&#8230;<\/a><\/p>\n","protected":false},"author":1,"featured_media":0,"comment_status":"open","ping_status":"open","sticky":false,"template":"","format":"standard","meta":[],"categories":[],"tags":[],"_links":{"self":[{"href":"https:\/\/mersinekonomipolitikagazetesi.com\/index.php?rest_route=\/wp\/v2\/posts\/5881"}],"collection":[{"href":"https:\/\/mersinekonomipolitikagazetesi.com\/index.php?rest_route=\/wp\/v2\/posts"}],"about":[{"href":"https:\/\/mersinekonomipolitikagazetesi.com\/index.php?rest_route=\/wp\/v2\/types\/post"}],"author":[{"embeddable":true,"href":"https:\/\/mersinekonomipolitikagazetesi.com\/index.php?rest_route=\/wp\/v2\/users\/1"}],"replies":[{"embeddable":true,"href":"https:\/\/mersinekonomipolitikagazetesi.com\/index.php?rest_route=%2Fwp%2Fv2%2Fcomments&post=5881"}],"version-history":[{"count":0,"href":"https:\/\/mersinekonomipolitikagazetesi.com\/index.php?rest_route=\/wp\/v2\/posts\/5881\/revisions"}],"wp:attachment":[{"href":"https:\/\/mersinekonomipolitikagazetesi.com\/index.php?rest_route=%2Fwp%2Fv2%2Fmedia&parent=5881"}],"wp:term":[{"taxonomy":"category","embeddable":true,"href":"https:\/\/mersinekonomipolitikagazetesi.com\/index.php?rest_route=%2Fwp%2Fv2%2Fcategories&post=5881"},{"taxonomy":"post_tag","embeddable":true,"href":"https:\/\/mersinekonomipolitikagazetesi.com\/index.php?rest_route=%2Fwp%2Fv2%2Ftags&post=5881"}],"curies":[{"name":"wp","href":"https:\/\/api.w.org\/{rel}","templated":true}]}}