{"id":5882,"date":"2020-11-04T18:26:19","date_gmt":"2020-11-04T15:26:19","guid":{"rendered":"http:\/\/mersinekonomipolitikagazetesi.com\/?p=5882"},"modified":"2020-11-04T18:26:19","modified_gmt":"2020-11-04T15:26:19","slug":"mersinliler-sahildeki-kafelerine-kavusuyor","status":"publish","type":"post","link":"https:\/\/mersinekonomipolitikagazetesi.com\/?p=5882","title":{"rendered":"Mersinliler sahildeki kafelerine kavu\u015fuyor"},"content":{"rendered":"<div><span style=\"font-size: 12px;\">\u00a0Mersinliler, sahildeki kafelere yeniden kavu\u015fuyor. K\u00fclt\u00fcr Parkta yer alan t\u00fcm kafelerin mahkeme karar\u0131yla y\u0131k\u0131lmas\u0131n\u0131n \u00fczerinden yakla\u015f\u0131k 5 y\u0131l ge\u00e7mesinin ard\u0131ndan Mersin B\u00fcy\u00fck\u015fehir Belediyesi, ilk kafeyi a\u00e7t\u0131. Limon Kafe, K\u00fclt\u00fcr Parkta hizmet vermeye ba\u015flarken, belediye park i\u00e7inde bir de bakkal a\u00e7t\u0131. Mersinliler, nefes ald\u0131klar\u0131, ailece vakit ge\u00e7irdikleri kafelerin yeniden a\u00e7\u0131lmas\u0131n\u0131n mutlulu\u011funu ya\u015f\u0131yor.\u00a0<\/span><\/div>\n<div><span style=\"font-size: 12px;\">\u00a0 Mersin merkez Yeni\u015fehir ve Mezitli il\u00e7eleri s\u0131n\u0131rlar\u0131nda yer alan Adnan Menderes Bulvar\u0131 \u00fczerindeki K\u00fclt\u00fcr Park, kent halk\u0131n\u0131n yaz-k\u0131\u015f tercih etti\u011fi u\u011frak yerlerinden. Yakla\u015f\u0131k 7 kilometrelik sahil \u015feridinde bulunan parkta, Mersinliler bir taraftan deniz havas\u0131 al\u0131p, bir taraftan \u00e7aylar\u0131n\u0131 yudumlarken, sahil boyunca yer alan kafelerde de ailece ho\u015f\u00e7a vakit ge\u00e7iriyordu. Ancak, Mersin B\u00fcy\u00fck\u015fehir Belediyesinin bir \u00f6nceki y\u00f6netimi d\u00f6neminde, parktaki t\u00fcm kafeler, s\u00f6zle\u015fmede yer alan s\u0131n\u0131rlar\u0131n d\u0131\u015f\u0131na ta\u015ft\u0131klar\u0131 ve fazladan yer i\u015fgal ettikleri gerek\u00e7esiyle mahkeme karar\u0131yla y\u0131k\u0131ld\u0131. 2015\u2019te ba\u015flayan ve yakla\u015f\u0131k 4 y\u0131la yay\u0131lan y\u0131k\u0131mlar\u0131n ard\u0131ndan, \u00f6zellikle yaz aylar\u0131nda binlerce insan\u0131n ak\u0131n etti\u011fi K\u00fclt\u00fcr Park \u0131ss\u0131zl\u0131\u011fa g\u00f6m\u00fcld\u00fc.\u00a0<\/span><\/div>\n<div><span style=\"font-size: 12px;\">\u00a0<\/span><\/div>\n<div><span style=\"font-size: 12px;\">\u00a0 \u0130lk kafe a\u00e7\u0131ld\u0131\u00a0<\/span><\/div>\n<div><span style=\"font-size: 12px;\">\u00a0 Mersin B\u00fcy\u00fck\u015fehir Belediyesi, gerekli prosed\u00fcrlerin tamamlanmas\u0131 ve al\u0131nan meclis karar\u0131n\u0131n ard\u0131ndan, y\u0131k\u0131lan kafelerin yerine yenilerini a\u00e7maya ba\u015flad\u0131. Yakla\u015f\u0131k 5 y\u0131ld\u0131r en \u00e7ok tercih ettikleri mekanlardan mahrum kalan Mersinliler, 8 \u015eubat Cumartesi g\u00fcn\u00fc ilk kafeye kavu\u015ftu. Mersin B\u00fcy\u00fck\u015fehir Belediyesine ba\u011fl\u0131 K\u00fclt\u00fcr A.\u015e. b\u00fcnyesinde, park i\u00e7erisindeki Galatasaray Meydan\u0131 yan\u0131nda a\u00e7\u0131lan ve \u2018Limon Kafe\u2019 ad\u0131 verilen mekan, modern yap\u0131s\u0131, g\u00fcler y\u00fczl\u00fc gen\u00e7 \u00e7al\u0131\u015fanlar\u0131yla halka hizmet vermeye ba\u015flad\u0131. S\u0131cak ve so\u011fuk i\u00e7eceklerle tost, sandvi\u00e7 gibi yiyeceklerin sat\u0131ld\u0131\u011f\u0131 kafe, 08.00-23.00 saatleri aras\u0131nda hizmet veriyor. B\u00fcy\u00fck\u015fehir Belediyesine ba\u011fl\u0131 4 \u00e7al\u0131\u015fan\u0131n bulundu\u011fu kafede, Mersinliler daha uygun fiyatlarla ihtiya\u00e7lar\u0131n\u0131 giderebiliyor, denize kar\u015f\u0131 \u00e7ay ya da kahvelerini yudumlayabiliyorlar.\u00a0\u00a0<\/span><\/div>\n<div><span style=\"font-size: 12px;\">\u00a0<\/span><\/div>\n<div><span style=\"font-size: 12px;\">\u00a0 Y\u0131l sonuna kadar 11 kafe daha a\u00e7\u0131lacak\u00a0<\/span><\/div>\n<div><span style=\"font-size: 12px;\">\u00a0 B\u00fcy\u00fck\u015fehir Belediyesi yetkilileri, Ba\u015fkan Vahap Se\u00e7er\u2019in talimat\u0131yla a\u00e7\u0131lan ilk kafenin ard\u0131ndan y\u0131l sonuna kadar sahil boyunca K\u00fclt\u00fcr A.\u015e. b\u00fcnyesinde 11 kafe daha a\u00e7\u0131laca\u011f\u0131 bilgisini verdiler. Yaz aylar\u0131nda \u00e7al\u0131\u015fma s\u00fcrelerinin daha uzun olaca\u011f\u0131n\u0131 belirten yetkililer, kafelerde \u00e7al\u0131\u015facak personelin y\u00fczde 75\u2019inin de kad\u0131nlardan olu\u015faca\u011f\u0131n\u0131 kaydetti.\u00a0<\/span><\/div>\n<div><span style=\"font-size: 12px;\">\u00a0<\/span><\/div>\n<div><span style=\"font-size: 12px;\">\u00a0 Parkta Bakkal, Mersinlilerin hizmetinde\u00a0<\/span><\/div>\n<div><span style=\"font-size: 12px;\">\u00a0 \u00d6te yandan, B\u00fcy\u00fck\u015fehir Belediyesi, K\u00fclt\u00fcr Parka gelen vatanda\u015flar\u0131n ihtiya\u00e7lar\u0131n\u0131 kar\u015f\u0131layabilmeleri i\u00e7in bir de bakkal a\u00e7t\u0131. Bakkal ve marketlerin parka uzak olmas\u0131n\u0131 g\u00f6z \u00f6n\u00fcne alan belediye, ge\u00e7en hafta Mersin \u00dcniversitesi Yeni\u015fehir Kamp\u00fcs\u00fc kar\u015f\u0131s\u0131nda hizmete sundu\u011fu bakkal, parka gezmeye gelenlerin u\u011frak yeri oldu. \u0130ki belediye personelinin \u00e7al\u0131\u015ft\u0131\u011f\u0131 bakkalda ilk etapta i\u00e7ecekler ve bisk\u00fcvi, \u00e7ikolata gibi at\u0131\u015ft\u0131rmal\u0131klar sat\u0131\u015fa sunuldu.\u00a0<\/span><\/div>\n<div><span style=\"font-size: 12px;\">\u00a0<\/span><\/div>\n<div><span style=\"font-size: 12px;\">\u00a0 \u201cM\u00fckemmel olmu\u015f\u201d\u00a0<\/span><\/div>\n<div><span style=\"font-size: 12px;\">\u00a0 Kent halk\u0131, uzun bir aradan sonra kafelerin yeniden a\u00e7\u0131lmas\u0131n\u0131n mutlulu\u011funu ya\u015f\u0131yor. Liman Kafede denize kar\u015f\u0131 \u00e7ay\u0131n\u0131 yudumlayan Serkan Utangan, kafenin \u00e7ok g\u00fczel oldu\u011funu belirterek, Ba\u015fkan Se\u00e7er\u2019e te\u015fekk\u00fcr etti. Utangan, \u201cGelip burada vakit ge\u00e7iriyoruz. M\u00fckemmel olmu\u015f. \u0130nsanlar\u0131m\u0131z\u0131n rahat rahat oturabilecekleri, sahilde b\u00f6yle g\u00fczel yerler olmas\u0131 gerekiyor. Benim buraya 5\u2019inci geli\u015fim ve arkada\u015flarla hemen her g\u00fcn buraday\u0131z\u201d dedi.\u00a0<\/span><\/div>\n<div><span style=\"font-size: 12px;\">\u00a0<\/span><\/div>\n<div><span style=\"font-size: 12px;\">\u00a0 \u201c\u0130nsanlar\u0131n sosyalle\u015fmeleri a\u00e7\u0131s\u0131ndan \u00e7ok \u00f6nemli\u201d\u00a0<\/span><\/div>\n<div><span style=\"font-size: 12px;\">\u00a0 Kafe \u00f6n\u00fcnde tost ve \u00e7ayla karn\u0131n\u0131 doyuran \u00d6\u011fretmen Tekin O\u011fuz da Mersin\u2019de b\u00f6yle kafeler a\u00e7\u0131lmas\u0131n\u0131n kentte ya\u015fayan insanlar i\u00e7in \u00e7ok \u00f6nemli oldu\u011funu s\u00f6yledi. O\u011fuz, \u201c\u0130nsanlar\u0131n gidebilece\u011fi belediyeye ait kafelerin say\u0131s\u0131 \u00e7ok az. \u0130nsanlar s\u00fcrekli gidebilecekleri mekan ar\u0131yorlar. Belediyenin b\u00f6yle bir hizmeti ger\u00e7ekten de halk\u0131m\u0131z\u0131 \u00e7ok mutlu etti. \u00d6nceki kafeler y\u0131k\u0131lm\u0131\u015ft\u0131. \u015eimdi yeniden \u00e7ay i\u00e7ebiliyoruz, sohbet edebiliyoruz, temiz hava soluyabiliyoruz. Mersin\u2019in geli\u015fti\u011fini hissedebiliyoruz. Birden fazla kafenin a\u00e7\u0131lmas\u0131 gerekir. \u0130nsanlar\u0131n sosyalle\u015fmeleri a\u00e7\u0131s\u0131ndan \u00e7ok \u00f6nemli\u201d diye konu\u015ftu.\u00a0<\/span><\/div>\n<div><span style=\"font-size: 12px;\">\u00a0 Ayhan Arslan ise kafelerin bir ihtiya\u00e7 oldu\u011funu dile getirerek a\u00e7\u0131lan kafenin de bu ihtiyaca cevap verdi\u011fini vurgulad\u0131 ve hay\u0131rl\u0131 olmas\u0131n\u0131 diledi.\u00a0<\/span><\/div>\n<div><span style=\"font-size: 12px;\">\u00a0<\/span><\/div>\n<div><span style=\"font-size: 12px;\">\u00a0 \u201cSadece Mersinlileri de\u011fil, t\u00fcm T\u00fcrkiye\u2019ye \u00f6neririm. Ke\u015fke \u00f6rnek olsa\u201d\u00a0<\/span><\/div>\n<div><span style=\"font-size: 12px;\">\u00a0 Arkada\u015flar\u0131yla kafede \u00e7ay i\u00e7en Kas\u0131m Tanr\u0131kulu, \u201cKafe i\u00e7in g\u00f6r\u00fcnen k\u00f6y k\u0131lavuz istemiyor; gayet ho\u015f, nezih bir mekan. \u0130htiya\u00e7 vard\u0131. \u00dcstelik wi-fi sahil boyu her yerde \u00fccretsiz. S\u00fcper bir olay. Fiyatlar da uygun. Temiz, g\u00fcler y\u00fczl\u00fc personel; sanki ihtiya\u00e7 varm\u0131\u015f da biz buradaym\u0131\u015f\u0131z gibi. Kimin akl\u0131na geldiyse m\u00fcthi\u015f bir fikir. B\u00f6yle kaliteli hizmet verecekse \u00e7o\u011falmas\u0131n\u0131 isterim. Sadece Mersinlileri de\u011fil, t\u00fcm T\u00fcrkiye\u2019ye \u00f6neririm. Ke\u015fke \u00f6rnek olsa\u201d ifadelerini kulland\u0131.\u00a0<\/span><\/div>\n<div><span style=\"font-size: 12px;\">\u00a0<\/span><\/div>\n<div><span style=\"font-size: 12px;\">\u00a0 \u201cKahvenizi yudumlarken ruhunuz dinleniyor\u201d\u00a0<\/span><\/div>\n<div><span style=\"font-size: 12px;\">\u00a0 Kafe \u00e7al\u0131\u015fan\u0131 \u0130dil \u0130lker Co\u015fkun ise kafenin 5 g\u00fcnd\u00fcr faaliyetle oldu\u011funu ifade ederek, \u015funlar\u0131 s\u00f6yledi:\u00a0<\/span><\/div>\n<div><span style=\"font-size: 12px;\">\u201cDenize yak\u0131n bir yerdeyiz, \u00e7ok g\u00fczel buras\u0131. Kahvenizi yudumlarken ruhunuz dinleniyor. \u00c7ok nezih bir ortam buras\u0131 ve fiyatlar\u0131m\u0131z da \u00e7ok uygun. Buras\u0131 B\u00fcy\u00fck\u015fehir Belediyesine ba\u011fl\u0131 K\u00fclt\u00fcr A.\u015e. taraf\u0131ndan idare ediliyor. Biz de belediye personeli olarak \u00e7al\u0131\u015f\u0131yoruz. Gen\u00e7 nesil \u00e7al\u0131\u015f\u0131yor ve insanlar bundan \u00e7ok mutlu, \u00e7ok memnun oluyorlar ve devam\u0131n\u0131n gelmesini istiyorlar. Biz ilk olarak ba\u015flad\u0131k, devam\u0131 da gelecek. Mersin B\u00fcy\u00fck\u015fehir Belediyesinin en g\u00fczle yapt\u0131\u011f\u0131 i\u015flerden biri de bu kafe oldu. K\u0131\u015f ay\u0131nda olmam\u0131za ra\u011fmen, bekledi\u011fimizin \u00fczerinde bir yo\u011funluk var. Mersinliler, sabah saat 8&#8217;den ak\u015fam 11\u2019e kadar buraya gelebilirler.\u201d\u00a0<\/span><\/div>\n<div><span style=\"font-size: 12px;\">\u00a0<\/span><\/div>\n<div><span style=\"font-size: 12px;\">\u00a0 \u201cB\u00f6yle bir bakkala \u00e7ok ihtiyac\u0131m\u0131z vard\u0131. \u00c7ok mutlu oldum\u201d\u00a0<\/span><\/div>\n<div><span style=\"font-size: 12px;\">\u00a0 Parkta a\u00e7\u0131lan bakkaldan al\u0131\u015fveri\u015f yapanlar da ihtiya\u00e7lar\u0131n\u0131 kar\u015f\u0131layabildikleri i\u00e7in memnuniyetlerini dile getirdi. Arkada\u015f\u0131yla parka gezmeye gelen ve bakkaldan al\u0131\u015fveri\u015f yapan Irak vatanda\u015f\u0131 Tiba Nashuan, \u201cBe\u015f y\u0131ld\u0131r Mersin\u2019de ya\u015f\u0131yorum. Mersin \u00dcniversitesinde T\u0131bbi Laboratuvar Teknikleri b\u00f6l\u00fcm\u00fcnde okuyorum. Parka s\u00fcrekli geliyorum. Arkada\u015f\u0131mla da konu\u015fmu\u015ftuk, burada bir market olsa diye. \u00c7\u00fcnk\u00fc marketler parka \u00e7ok uzak. Bu bakkal\u0131n a\u00e7\u0131ld\u0131\u011f\u0131n g\u00f6r\u00fcnce \u00e7ok mutlu oldum, \u00e7ok ihtiyac\u0131m\u0131z vard\u0131. \u00c7ok g\u00fczel olmu\u015f. \u00c7o\u011falmas\u0131n\u0131 isteriz. \u00c7ok g\u00fczel bir fikir, tebrikler\u201d dedi.\u00a0<\/span><\/div>\n<div><span style=\"font-size: 12px;\">\u00a0 Bakkalda g\u00f6revli belediye personeli S\u0131la Ild\u0131r ise bakkal\u0131n bir hafta \u00f6nce B\u00fcy\u00fck\u015fehir Belediyesi b\u00fcnyesinde a\u00e7\u0131ld\u0131\u011f\u0131n\u0131 dile getirerek, vatanda\u015flar\u0131n \u00e7ok memnun olduklar\u0131n\u0131, gelenlerden \u00e7ok g\u00fczel tepkiler ald\u0131klar\u0131n\u0131 s\u00f6yledi.\u00a0<\/span><\/div>\n","protected":false},"excerpt":{"rendered":"<p>\u00a0Mersinliler, sahildeki kafelere yeniden kavu\u015fuyor. K\u00fclt\u00fcr Parkta yer alan t\u00fcm kafelerin mahkeme karar\u0131yla y\u0131k\u0131lmas\u0131n\u0131n \u00fczerinden yakla\u015f\u0131k 5 y\u0131l ge\u00e7mesinin ard\u0131ndan Mersin B\u00fcy\u00fck\u015fehir Belediyesi, ilk kafeyi a\u00e7t\u0131. Limon Kafe, K\u00fclt\u00fcr Parkta &hellip; <a href=\"https:\/\/mersinekonomipolitikagazetesi.com\/?p=5882\" class=\"more-link\">Devam\u0131n\u0131 Oku&#8230;<\/a><\/p>\n","protected":false},"author":1,"featured_media":0,"comment_status":"open","ping_status":"open","sticky":false,"template":"","format":"standard","meta":[],"categories":[],"tags":[],"_links":{"self":[{"href":"https:\/\/mersinekonomipolitikagazetesi.com\/index.php?rest_route=\/wp\/v2\/posts\/5882"}],"collection":[{"href":"https:\/\/mersinekonomipolitikagazetesi.com\/index.php?rest_route=\/wp\/v2\/posts"}],"about":[{"href":"https:\/\/mersinekonomipolitikagazetesi.com\/index.php?rest_route=\/wp\/v2\/types\/post"}],"author":[{"embeddable":true,"href":"https:\/\/mersinekonomipolitikagazetesi.com\/index.php?rest_route=\/wp\/v2\/users\/1"}],"replies":[{"embeddable":true,"href":"https:\/\/mersinekonomipolitikagazetesi.com\/index.php?rest_route=%2Fwp%2Fv2%2Fcomments&post=5882"}],"version-history":[{"count":0,"href":"https:\/\/mersinekonomipolitikagazetesi.com\/index.php?rest_route=\/wp\/v2\/posts\/5882\/revisions"}],"wp:attachment":[{"href":"https:\/\/mersinekonomipolitikagazetesi.com\/index.php?rest_route=%2Fwp%2Fv2%2Fmedia&parent=5882"}],"wp:term":[{"taxonomy":"category","embeddable":true,"href":"https:\/\/mersinekonomipolitikagazetesi.com\/index.php?rest_route=%2Fwp%2Fv2%2Fcategories&post=5882"},{"taxonomy":"post_tag","embeddable":true,"href":"https:\/\/mersinekonomipolitikagazetesi.com\/index.php?rest_route=%2Fwp%2Fv2%2Ftags&post=5882"}],"curies":[{"name":"wp","href":"https:\/\/api.w.org\/{rel}","templated":true}]}}