{"id":5886,"date":"2020-11-04T18:26:20","date_gmt":"2020-11-04T15:26:20","guid":{"rendered":"http:\/\/mersinekonomipolitikagazetesi.com\/?p=5886"},"modified":"2020-11-04T18:26:20","modified_gmt":"2020-11-04T15:26:20","slug":"yesilbogaz-medeni-kanun-ile-kadinlarimiz-vatandaslik-haklarina-kavustu","status":"publish","type":"post","link":"https:\/\/mersinekonomipolitikagazetesi.com\/?p=5886","title":{"rendered":"Ye\u015filbo\u011faz: &#8220;Medeni Kanun ile kad\u0131nlar\u0131m\u0131z vatanda\u015fl\u0131k haklar\u0131na kavu\u015ftu&#8221;"},"content":{"rendered":"<div><span style=\"font-size: 12px;\">Mersin Barosu Ba\u015fkan\u0131 Bilgin Ye\u015filbo\u011faz, Medeni Kanun ile birlikte kad\u0131nlar\u0131n vatanda\u015fl\u0131k haklar\u0131na kavu\u015ftu\u011funun alt\u0131n\u0131 \u00e7izerek, &#8220;Medeni Kanunu yok sayan ad\u0131mlar at\u0131lmamal\u0131\u201d dedi.\u00a0<\/span><\/div>\n<div><span style=\"font-size: 12px;\">\u00a0 Ba\u015fkan Ye\u015filbo\u011faz, Medeni Kanun\u2019un T\u00fcrkiye B\u00fcy\u00fck Millet Meclisi&#8217;nde (TBMM) kabul edili\u015finin 94. y\u0131ld\u00f6n\u00fcm\u00fc dolay\u0131s\u0131yla a\u00e7\u0131klama yapt\u0131. T\u00fcrk Medeni Kanunu&#8217;nun Atat\u00fcrk\u2019\u00fcn ayd\u0131nlanma projesinin ba\u015f\u0131nda yer alan, \u00e7a\u011fda\u015f uygarl\u0131k yolunda at\u0131lan en \u00f6nemli ad\u0131m oldu\u011funu belirten Ye\u015filbo\u011faz, \u201cMedeni Kanun, T\u00fcrkiye\u2019de 17 \u015eubat 1926\u2019da \u0130svi\u00e7re Medeni Kanunu \u00f6rnek al\u0131narak TBMM\u2019de kabul edilen ve 4 Ekim 1926 tarihinde y\u00fcr\u00fcrl\u00fc\u011fe konulan 743 say\u0131l\u0131 kanundur. 1 Ocak 2002 tarihinde 4721 say\u0131l\u0131 T\u00fcrk Medeni Kanunu\u2019nun y\u00fcr\u00fcrl\u00fc\u011fe girmesiyle 743 say\u0131l\u0131 y\u00fcr\u00fcrl\u00fckten kalkm\u0131\u015ft\u0131r. T\u00fcrk Medeni Kanun, T\u00fcrk devriminin ve hukuk reformunun can damar\u0131d\u0131r\u201d \u015feklinde konu\u015ftu.\u00a0<\/span><\/div>\n<div><span style=\"font-size: 12px;\">\u00a0 Medeni Kanun ile birlikte kad\u0131nlar\u0131n vatanda\u015fl\u0131k haklar\u0131na kavu\u015ftu\u011funun alt\u0131n\u0131 \u00e7izen Ye\u015filbo\u011faz, \u201cAilede kad\u0131n-erkek e\u015fitli\u011fi sa\u011fland\u0131. Evlilikte resmi nikah zorunlulu\u011fu getirildi. Tek e\u015fle evlilik esas\u0131 getirildi. Kad\u0131nlara, istedikleri mesle\u011fe girebilme hakk\u0131 tan\u0131nd\u0131. Mahkemelerde tan\u0131kl\u0131k yapma, miras ve bo\u015fanma konular\u0131nda kad\u0131n-erkek e\u015fit hale getirildi. Patrikhanelerin, din i\u015fleri d\u0131\u015f\u0131ndaki yetkileri kald\u0131r\u0131ld\u0131. Ancak g\u00fcn\u00fcm\u00fczde, kad\u0131n erkek e\u015fitli\u011fini g\u00f6z ard\u0131 eden Medeni Kanunu&#8217;nun yok say\u0131lmas\u0131na y\u00f6nelik s\u00f6ylemlere ve yasa de\u011fi\u015fikliklerine tan\u0131k oluyoruz. N\u00fcfus Hizmetleri Kanunu\u2019nda yap\u0131lan de\u011fi\u015fiklikle, m\u00fcft\u00fcye resmi nikah yetkisi verilmesi, yoksulluk nafakas\u0131n\u0131n s\u00fcre ile k\u0131s\u0131tlanmas\u0131 i\u00e7in yeni d\u00fczenlemelerin yap\u0131lmas\u0131, zorunlu aile arabuluculuk sisteminin getirilmesi, kad\u0131na y\u00f6nelik \u015fiddetin \u00f6n\u00fcne ge\u00e7ilecek radikal ad\u0131mlar\u0131n at\u0131lmamas\u0131, Medeni Kanun ve laik hukuk kurallar\u0131n\u0131n \u00e7i\u011fnenmesi demektir. Kad\u0131nlar\u0131n hak ve \u00f6zg\u00fcrl\u00fc\u011f\u00fc, demokratik ortamlarda geli\u015fir. Mersin Barosu olarak, Medeni Kanunla kad\u0131nlar\u0131m\u0131za verilen haklar\u0131n k\u0131s\u0131tlanmas\u0131na y\u00f6nelik at\u0131lan her ad\u0131m\u0131n, her daim kar\u015f\u0131s\u0131nda olmaya devam edece\u011fiz, Atat\u00fcrk\u00e7\u00fc d\u00fc\u015f\u00fcnce \u0131\u015f\u0131\u011f\u0131nda, \u00e7a\u011fda\u015fla\u015fma yolundan \u00f6d\u00fcn vermeden ilerleyece\u011fiz. Devrim yasas\u0131yla kad\u0131nlar\u0131m\u0131z\u0131 ve ulusumuzu \u00e7a\u011fda\u015f hukuk seviyesine kavu\u015fturan, laik T\u00fcrkiye Cumhuriyeti Devleti\u2019nin kurucusu Mustafa Kemal Atat\u00fcrk\u2019\u00fc ve silah arkada\u015flar\u0131n\u0131 bir kez daha sevgi, sayg\u0131 ve \u00f6zlemle an\u0131yorum&#8221; dedi.\u00a0<\/span><\/div>\n","protected":false},"excerpt":{"rendered":"<p>Mersin Barosu Ba\u015fkan\u0131 Bilgin Ye\u015filbo\u011faz, Medeni Kanun ile birlikte kad\u0131nlar\u0131n vatanda\u015fl\u0131k haklar\u0131na kavu\u015ftu\u011funun alt\u0131n\u0131 \u00e7izerek, &#8220;Medeni Kanunu yok sayan ad\u0131mlar at\u0131lmamal\u0131\u201d dedi.\u00a0 \u00a0 Ba\u015fkan Ye\u015filbo\u011faz, Medeni Kanun\u2019un T\u00fcrkiye B\u00fcy\u00fck Millet &hellip; <a href=\"https:\/\/mersinekonomipolitikagazetesi.com\/?p=5886\" class=\"more-link\">Devam\u0131n\u0131 Oku&#8230;<\/a><\/p>\n","protected":false},"author":1,"featured_media":0,"comment_status":"open","ping_status":"open","sticky":false,"template":"","format":"standard","meta":[],"categories":[],"tags":[],"_links":{"self":[{"href":"https:\/\/mersinekonomipolitikagazetesi.com\/index.php?rest_route=\/wp\/v2\/posts\/5886"}],"collection":[{"href":"https:\/\/mersinekonomipolitikagazetesi.com\/index.php?rest_route=\/wp\/v2\/posts"}],"about":[{"href":"https:\/\/mersinekonomipolitikagazetesi.com\/index.php?rest_route=\/wp\/v2\/types\/post"}],"author":[{"embeddable":true,"href":"https:\/\/mersinekonomipolitikagazetesi.com\/index.php?rest_route=\/wp\/v2\/users\/1"}],"replies":[{"embeddable":true,"href":"https:\/\/mersinekonomipolitikagazetesi.com\/index.php?rest_route=%2Fwp%2Fv2%2Fcomments&post=5886"}],"version-history":[{"count":0,"href":"https:\/\/mersinekonomipolitikagazetesi.com\/index.php?rest_route=\/wp\/v2\/posts\/5886\/revisions"}],"wp:attachment":[{"href":"https:\/\/mersinekonomipolitikagazetesi.com\/index.php?rest_route=%2Fwp%2Fv2%2Fmedia&parent=5886"}],"wp:term":[{"taxonomy":"category","embeddable":true,"href":"https:\/\/mersinekonomipolitikagazetesi.com\/index.php?rest_route=%2Fwp%2Fv2%2Fcategories&post=5886"},{"taxonomy":"post_tag","embeddable":true,"href":"https:\/\/mersinekonomipolitikagazetesi.com\/index.php?rest_route=%2Fwp%2Fv2%2Ftags&post=5886"}],"curies":[{"name":"wp","href":"https:\/\/api.w.org\/{rel}","templated":true}]}}