{"id":5890,"date":"2020-11-04T18:26:20","date_gmt":"2020-11-04T15:26:20","guid":{"rendered":"http:\/\/mersinekonomipolitikagazetesi.com\/?p=5890"},"modified":"2020-11-04T18:26:20","modified_gmt":"2020-11-04T15:26:20","slug":"mersinli-ve-adanali-sektor-temsilcileri-yerel-sera-a-s-kurulmasini-istiyor","status":"publish","type":"post","link":"https:\/\/mersinekonomipolitikagazetesi.com\/?p=5890","title":{"rendered":"Mersinli ve Adanal\u0131 sekt\u00f6r temsilcileri \u2018Yerel Sera A.\u015e.\u2019 kurulmas\u0131n\u0131 istiyor"},"content":{"rendered":"<p>Mersin ve Adana\u2019n\u0131n tar\u0131m sekt\u00f6r\u00fc temsilcileri, ge\u00e7en y\u0131l Tar\u0131m ve Orman Bakanl\u0131\u011f\u0131 \u00f6nc\u00fcl\u00fc\u011f\u00fcnde kurulan Sera A.\u015e.\u2019nin, bir tak\u0131m s\u0131k\u0131nt\u0131lar\u0131 da beraberinde getirdi\u011fini belirterek, tabana yay\u0131lan bir sisteme ge\u00e7ilmesini ve \u00fcretim b\u00f6lgelerinde yerel Sera A.\u015e.\u2019ler olu\u015fturulmas\u0131n\u0131 istediler.<br \/>\n\u00a0<br \/>\nMersin Ticaret ve Sanayi Odas\u0131 (MTSO) ile Adana Ticaret Odas\u0131 (ATO) tar\u0131m sekt\u00f6r temsilcileri, d\u00fczenledikleri ortak toplant\u0131 ile g\u0131da enflasyonunu d\u00fc\u015f\u00fcrmek hedefiyle sebze ve meyvelerin \u00fcreticiden t\u00fcketiciye arac\u0131s\u0131z, do\u011frudan sat\u0131lmas\u0131 ad\u0131na 2019 May\u0131s ay\u0131nda Ankara\u2019da kurulan ve tek merkezden y\u00f6netilen Sera A.\u015e.\u2019yi ve sekt\u00f6re etkilerini de\u011ferlendirdi. Tar\u0131m Bakanl\u0131\u011f\u0131, Ziraat Bankas\u0131 ve Tar\u0131m Kredi Kooperatifleri i\u015fbirli\u011finde kurulan Sera A.\u015e.\u2019nin \u00fcreticiden direk al\u0131m yapt\u0131\u011f\u0131 ve sadece anla\u015fmal\u0131 oldu\u011fu marketlere bu \u00fcr\u00fcnleri satt\u0131\u011f\u0131 anlat\u0131lan toplant\u0131da, bu sistemin \u00f6n\u00fcm\u00fczdeki s\u00fcre\u00e7te tekelle\u015fmeye yol a\u00e7abilece\u011fi endi\u015fesi dile getirildi. T\u00fcrkiye\u2019de miras hukuku nedeniyle a\u011f\u0131rl\u0131kl\u0131 k\u00fc\u00e7\u00fck arazilerde tar\u0131m yap\u0131ld\u0131\u011f\u0131 ve k\u00fc\u00e7\u00fck arazisi olan \u00fcreticilerin bu sistemden yararlanamayarak sistem d\u0131\u015f\u0131 kalacak olmas\u0131 nedeniyle \u00fcretimde s\u0131k\u0131nt\u0131 ya\u015fanabilece\u011fi vurgulanan toplant\u0131da, anla\u015fmal\u0131 marketler d\u0131\u015f\u0131nda kalan t\u00fcm yerel ve zincir marketlerin de haks\u0131z rekabetle kar\u015f\u0131 kar\u015f\u0131ya kalaca\u011f\u0131na dikkat \u00e7ekildi. Sera A.\u015e.\u2019nin yurt d\u0131\u015f\u0131 ba\u011flant\u0131lar kurmaya ba\u015flad\u0131\u011f\u0131n\u0131n da dile getirildi\u011fi g\u00f6r\u00fc\u015fmede, mevcut durumda \u00fcreticilerin, komisyoncular\u0131n ve marketlerin olumsuz etkilenmeye ba\u015flad\u0131\u011f\u0131 uygulaman\u0131n \u00f6n\u00fcm\u00fczdeki s\u00fcre\u00e7te ihracat\u00e7\u0131lar\u0131 da s\u0131k\u0131nt\u0131ya sokaca\u011f\u0131 belirtildi.\u00a0<\/p>\n<p>\u201c\u00dcretimin tabana yay\u0131ld\u0131\u011f\u0131 bir sistem geli\u015ftirilmeli\u201d<br \/>\n\u00a0<br \/>\nUygulama kapsam\u0131nda Sera A.\u015e.\u2019nin yurt genelinde sera say\u0131s\u0131n\u0131 ve \u00fcretimi art\u0131rma hedefi bulundu\u011fu hat\u0131rlat\u0131ld\u0131. Yeni yap\u0131lanman\u0131n meyve sebze hallerini devre d\u0131\u015f\u0131 b\u0131rakmay\u0131 hedefledi\u011fini, fiyatlar\u0131n a\u015fa\u011f\u0131 \u00e7ekilmesini \u00f6ng\u00f6rd\u00fc\u011f\u00fcn\u00fc kaydeden Mersinli ve Adanal\u0131 sekt\u00f6r temsilcileri, ilk bak\u0131\u015fta iyi gibi g\u00f6r\u00fcnen bu sistemin, i\u00e7inde \u00e7e\u015fitli handikaplar bar\u0131nd\u0131rd\u0131\u011f\u0131na dikkat \u00e7ekti. Yeni seralar yap\u0131l\u0131rken mevcut \u00fcreticilerin ne olaca\u011f\u0131, hallerin devre d\u0131\u015f\u0131 kalkmas\u0131yla birlikte fiyat\u0131 kimin belirleyece\u011fi gibi sorular\u0131n yan\u0131ts\u0131z kald\u0131\u011f\u0131n\u0131 kaydeden temsilciler, sekt\u00f6rdeki tekelle\u015fme endi\u015felerini anlatt\u0131lar.\u00a0<br \/>\nDevletin fiyatlara m\u00fcdahale i\u00e7in b\u00f6yle bir yol se\u00e7mesinin ticaret ve sanayi odas\u0131 \u00fcyelerine zarar verece\u011fi g\u00f6r\u00fc\u015f\u00fcnde birle\u015fen temsilciler, devletin serbest piyasada \u00f6zel sekt\u00f6re rakip \u00e7\u0131kar\u0131lmas\u0131n\u0131n do\u011fru olmad\u0131\u011f\u0131n\u0131 vurgulad\u0131. \u00d6zel sekt\u00f6re yeni rakip \u00e7\u0131karmak yerine \u00fcreticilerin ortak oldu\u011fu, Ziraat Bankas\u0131 ve Tar\u0131m Kredi Kooperatiflerinin destekledi\u011fi, tabana yay\u0131lan bir sisteme ge\u00e7ilmesi g\u00f6r\u00fc\u015f\u00fcn\u00fc dile getiren sekt\u00f6r temsilcileri, \u00fcretim b\u00f6lgelerinde yerel Sera A.\u015e.\u2019ler olu\u015fturulmas\u0131 taleplerini yineledi. Sekt\u00f6r temsilcileri, \u00fcretim ve sat\u0131\u015f\u0131n birbirinden ayr\u0131lmas\u0131 gerekti\u011fini belirtip, denge sa\u011flanmas\u0131n\u0131n \u00f6nemini vurgulad\u0131.\u00a0<\/p>\n<p>\u201cB\u00f6lgede kurulacak seralar\u0131 biz i\u015fletelim\u201d<br \/>\n\u00a0<br \/>\nKonuyla ilgili de\u011ferlendirme yapan MTSO Y\u00f6netim Kurulu Ba\u015fkan\u0131 Ayhan K\u0131z\u0131ltan, \u201cB\u00f6yle bir sistemin i\u015flerli\u011finin artmas\u0131 i\u00e7in kontrol mekanizmas\u0131 \u00f6nemli. Tek merkezden sa\u011fl\u0131kl\u0131 bir kontrol m\u00fcmk\u00fcn g\u00f6r\u00fcnm\u00fcyor. Hazine arazilerine sera kurulacak deniyor. Madem \u00f6yle, b\u00f6lgedeki hazine arazilerinde kurulacak seralar\u0131n i\u015fletilmesi i\u00e7in biz b\u00f6lge olarak \u00c7ukurova B\u00f6lgesi Sera A.\u015e.\u2019yi kurup i\u015fletelim. \u00dcreticiler de bu olu\u015fumun par\u00e7as\u0131 olsun\u201d dedi. \u00a0<\/p>\n","protected":false},"excerpt":{"rendered":"<p>Mersin ve Adana\u2019n\u0131n tar\u0131m sekt\u00f6r\u00fc temsilcileri, ge\u00e7en y\u0131l Tar\u0131m ve Orman Bakanl\u0131\u011f\u0131 \u00f6nc\u00fcl\u00fc\u011f\u00fcnde kurulan Sera A.\u015e.\u2019nin, bir tak\u0131m s\u0131k\u0131nt\u0131lar\u0131 da beraberinde getirdi\u011fini belirterek, tabana yay\u0131lan bir sisteme ge\u00e7ilmesini ve \u00fcretim &hellip; <a href=\"https:\/\/mersinekonomipolitikagazetesi.com\/?p=5890\" class=\"more-link\">Devam\u0131n\u0131 Oku&#8230;<\/a><\/p>\n","protected":false},"author":1,"featured_media":0,"comment_status":"open","ping_status":"open","sticky":false,"template":"","format":"standard","meta":[],"categories":[],"tags":[],"_links":{"self":[{"href":"https:\/\/mersinekonomipolitikagazetesi.com\/index.php?rest_route=\/wp\/v2\/posts\/5890"}],"collection":[{"href":"https:\/\/mersinekonomipolitikagazetesi.com\/index.php?rest_route=\/wp\/v2\/posts"}],"about":[{"href":"https:\/\/mersinekonomipolitikagazetesi.com\/index.php?rest_route=\/wp\/v2\/types\/post"}],"author":[{"embeddable":true,"href":"https:\/\/mersinekonomipolitikagazetesi.com\/index.php?rest_route=\/wp\/v2\/users\/1"}],"replies":[{"embeddable":true,"href":"https:\/\/mersinekonomipolitikagazetesi.com\/index.php?rest_route=%2Fwp%2Fv2%2Fcomments&post=5890"}],"version-history":[{"count":0,"href":"https:\/\/mersinekonomipolitikagazetesi.com\/index.php?rest_route=\/wp\/v2\/posts\/5890\/revisions"}],"wp:attachment":[{"href":"https:\/\/mersinekonomipolitikagazetesi.com\/index.php?rest_route=%2Fwp%2Fv2%2Fmedia&parent=5890"}],"wp:term":[{"taxonomy":"category","embeddable":true,"href":"https:\/\/mersinekonomipolitikagazetesi.com\/index.php?rest_route=%2Fwp%2Fv2%2Fcategories&post=5890"},{"taxonomy":"post_tag","embeddable":true,"href":"https:\/\/mersinekonomipolitikagazetesi.com\/index.php?rest_route=%2Fwp%2Fv2%2Ftags&post=5890"}],"curies":[{"name":"wp","href":"https:\/\/api.w.org\/{rel}","templated":true}]}}