{"id":5894,"date":"2020-11-04T18:26:20","date_gmt":"2020-11-04T15:26:20","guid":{"rendered":"http:\/\/mersinekonomipolitikagazetesi.com\/?p=5894"},"modified":"2020-11-04T18:26:20","modified_gmt":"2020-11-04T15:26:20","slug":"mersinde-beyaz-mitinge-cagri-yapildi","status":"publish","type":"post","link":"https:\/\/mersinekonomipolitikagazetesi.com\/?p=5894","title":{"rendered":"MERS\u0130N\u2019DE BEYAZ  M\u0130T\u0130NG\u2019E \u00c7A\u011eRI YAPILDI"},"content":{"rendered":"<p>Mersin Tabip Odas\u0131, SES Mersin, Mersin Aile Hekimleri Derne\u011fi, Birle\u015fik Dayan\u0131\u015fma Sendikas\u0131, Genel Sa\u011fl\u0131k \u0130\u015f Toros Devlet Hastanesi \u00f6n\u00fcnde bas\u0131n a\u00e7\u0131klamas\u0131 ger\u00e7ekle\u015ftirdi. Sa\u011fl\u0131k \u00e7al\u0131\u015fanlar\u0131 ile Mersin CHP Milletvekili Av. Alpay Antmen\u2019in kat\u0131ld\u0131\u011f\u0131 bas\u0131n a\u00e7\u0131klamas\u0131nda konu\u015fan Mersin Tabip Odas\u0131 Ba\u015fkan\u0131 Dr. Mehmet Antmen, \u201cSa\u011fl\u0131kta \u015fiddete kar\u015f\u0131 ve sa\u011fl\u0131kta \u015fiddet yasas\u0131n\u0131n \u00e7\u0131kar\u0131lmas\u0131 i\u00e7in 17 nisana kadar de\u011fi\u015fik b\u00f6lgede a\u00e7\u0131klamalar ger\u00e7ekle\u015ftirece\u011fiz\u201d diye konu\u015ftu.<br \/>\n\u00a0<br \/>\nToros Devlet Hastanesi \u00f6n\u00fcnde ger\u00e7ekle\u015ftirilen a\u00e7\u0131klamada Genel Sekreter Dr. Cemil Galio\u011flu milyonlarca hastan\u0131n muayenesini, ameliyat\u0131n\u0131, bak\u0131m\u0131n\u0131, enjeksiyonunu, pansuman\u0131n\u0131 ger\u00e7ekle\u015ftiren, bu \u00fclkenin sa\u011fl\u0131k \u00e7al\u0131\u015fanlar\u0131 olarak g\u00fcvenceli bir \u00e7al\u0131\u015fma ortam\u0131nda, y\u00fcksek enflasyon ve pahal\u0131l\u0131\u011fa ezdirilmeyen \u00fccretlerle, eme\u011fiklerinin kar\u015f\u0131l\u0131\u011f\u0131n\u0131 alarak \u00e7al\u0131\u015fmak istediklerini belirtti. Galio\u011flu, \u201cAciller ba\u015fta olmak \u00fczere sa\u011fl\u0131k hizmet sunumunun her yer ve a\u015famas\u0131nda yayg\u0131nla\u015fan \u015fiddetin nedeni sa\u011fl\u0131k \u00e7al\u0131\u015fanlar\u0131 de\u011fil, tamam\u0131 ile piyasaya b\u0131rak\u0131lan, \u00f6zelle\u015ftirilen sa\u011fl\u0131k sistemidir.\u201d dedi.<br \/>\n\u00a0<br \/>\n\u201cAnkara\u2019da Beyaz Miting\u2019de bulu\u015fuyoruz.\u201d<br \/>\n\u00a0<br \/>\nSa\u011fl\u0131k sekt\u00f6r\u00fcnde \u015fiddete de\u011finen Galio\u011flu, \u201cTBMM\u2019de bekleyen \u2018sa\u011fl\u0131kta \u015fiddeti \u00f6nleme yasa tasar\u0131s\u0131n\u0131n\u2019 yasala\u015fmas\u0131n\u0131, \u00f6l\u00fcmler ya\u015fanmadan \u00f6nerdikleri \u00a0acil tedbirlerin al\u0131nmas\u0131n\u0131 sa\u011flamak i\u00e7in, t\u00fcm sa\u011fl\u0131k \u00e7al\u0131\u015fanlar\u0131 ve sa\u011fl\u0131k hakk\u0131na sahip \u00e7\u0131k\u0131p sa\u011fl\u0131ktaki \u015fiddetin kendisine ve hastas\u0131na da zarar verdi\u011fini d\u00fc\u015f\u00fcnenlerle birlikte 15 Mart Pazar g\u00fcn\u00fc Ankara\u2019da Beyaz Miting\u2019 de bulu\u015fuyoruz.\u201d ifadesinde bulundu.<br \/>\n\u00a0\u00a0<br \/>\n\u201cKimsenin sa\u011fl\u0131k \u00e7al\u0131\u015fan\u0131n\u0131 \u00f6ld\u00fcrmeye hakk\u0131 yok\u201d<br \/>\n\u00a0<br \/>\nSa\u011fl\u0131k \u00e7al\u0131\u015fanlar\u0131 olarak \u015fiddete u\u011frama tedirginli\u011fi ya\u015famak istemediklerini belirten Galio\u011flu, \u201cBireysel eksiklik ya da hata yapan sa\u011fl\u0131k \u00e7al\u0131\u015fanlar\u0131 hakk\u0131nda her hizmet kolunda oldu\u011fu gibi gerekli \u015fikayetlerin yap\u0131lmas\u0131 anla\u015f\u0131labilir. E\u011fer bireysel kusur varsa hukuki ve mesleki takibat istenebilir. Ama hi\u00e7 kimsenin, hi\u00e7bir gerek\u00e7eyle sa\u011fl\u0131k \u00e7al\u0131\u015fanlar\u0131na sald\u0131rmaya, \u00f6ld\u00fcrmeye, taciz etmeye hakk\u0131 bulunmuyor.\u201c diye konu\u015ftu.<br \/>\n\u00a0<br \/>\n\u201cSa\u011fl\u0131kta \u015fiddet yap\u0131sald\u0131r\u201d<br \/>\n\u00a0<br \/>\nSa\u011fl\u0131k hizmetlerindeki aksamalar\u0131n sa\u011fl\u0131k \u00e7al\u0131\u015fanlar\u0131n\u0131n \u00fcst\u00fcne y\u0131k\u0131lamayaca\u011f\u0131na de\u011finen Galioglu, \u201cSa\u011fl\u0131kta \u015fiddet yap\u0131sald\u0131r. \u00dclkedeki genel politik ve toplumsal atmosferden, yoksulluk, i\u015fsizlik gibi ekonomik olgulardan ba\u011f\u0131ms\u0131z de\u011fildir. Eme\u011fimizi de\u011fersizle\u015ftiren, \u00fccretlerimizi ezdiren, \u00e7al\u0131\u015fma ko\u015fullar\u0131m\u0131z\u0131 her ge\u00e7en g\u00fcn zorla\u015ft\u0131ran y\u00f6netim anlay\u0131\u015f\u0131 de\u011fi\u015finceye, sa\u011fl\u0131ktaki bu \u00f6l\u00fcmc\u00fcl \u015fiddeti tam olarak ortadan kald\u0131racak yasal d\u00fczenlemeler yap\u0131l\u0131ncaya; \u00f6nerdi\u011fimiz tedbirler al\u0131n\u0131ncaya kadar bu konuda m\u00fccadeleyi hep birlikte y\u00fckseltmekte kararl\u0131 oldu\u011fumuzu g\u00f6stermek \u00fczere; 15 Mart g\u00fcn\u00fc Ankara\u2019n\u0131n yolunu tutacak ve bu \u00fclkede sa\u011fl\u0131k ortam\u0131n\u0131n \u015fiddetten ar\u0131nd\u0131r\u0131lmas\u0131 i\u00e7in on binlerce sa\u011fl\u0131k\u00e7\u0131 olarak tek bir sesle hayk\u0131raca\u011f\u0131z.\u201d diyerek davette bulundu.\u00a0<\/p>\n","protected":false},"excerpt":{"rendered":"<p>Mersin Tabip Odas\u0131, SES Mersin, Mersin Aile Hekimleri Derne\u011fi, Birle\u015fik Dayan\u0131\u015fma Sendikas\u0131, Genel Sa\u011fl\u0131k \u0130\u015f Toros Devlet Hastanesi \u00f6n\u00fcnde bas\u0131n a\u00e7\u0131klamas\u0131 ger\u00e7ekle\u015ftirdi. Sa\u011fl\u0131k \u00e7al\u0131\u015fanlar\u0131 ile Mersin CHP Milletvekili Av. Alpay &hellip; <a href=\"https:\/\/mersinekonomipolitikagazetesi.com\/?p=5894\" class=\"more-link\">Devam\u0131n\u0131 Oku&#8230;<\/a><\/p>\n","protected":false},"author":1,"featured_media":0,"comment_status":"open","ping_status":"open","sticky":false,"template":"","format":"standard","meta":[],"categories":[],"tags":[],"_links":{"self":[{"href":"https:\/\/mersinekonomipolitikagazetesi.com\/index.php?rest_route=\/wp\/v2\/posts\/5894"}],"collection":[{"href":"https:\/\/mersinekonomipolitikagazetesi.com\/index.php?rest_route=\/wp\/v2\/posts"}],"about":[{"href":"https:\/\/mersinekonomipolitikagazetesi.com\/index.php?rest_route=\/wp\/v2\/types\/post"}],"author":[{"embeddable":true,"href":"https:\/\/mersinekonomipolitikagazetesi.com\/index.php?rest_route=\/wp\/v2\/users\/1"}],"replies":[{"embeddable":true,"href":"https:\/\/mersinekonomipolitikagazetesi.com\/index.php?rest_route=%2Fwp%2Fv2%2Fcomments&post=5894"}],"version-history":[{"count":0,"href":"https:\/\/mersinekonomipolitikagazetesi.com\/index.php?rest_route=\/wp\/v2\/posts\/5894\/revisions"}],"wp:attachment":[{"href":"https:\/\/mersinekonomipolitikagazetesi.com\/index.php?rest_route=%2Fwp%2Fv2%2Fmedia&parent=5894"}],"wp:term":[{"taxonomy":"category","embeddable":true,"href":"https:\/\/mersinekonomipolitikagazetesi.com\/index.php?rest_route=%2Fwp%2Fv2%2Fcategories&post=5894"},{"taxonomy":"post_tag","embeddable":true,"href":"https:\/\/mersinekonomipolitikagazetesi.com\/index.php?rest_route=%2Fwp%2Fv2%2Ftags&post=5894"}],"curies":[{"name":"wp","href":"https:\/\/api.w.org\/{rel}","templated":true}]}}