{"id":5895,"date":"2020-11-04T18:26:20","date_gmt":"2020-11-04T15:26:20","guid":{"rendered":"http:\/\/mersinekonomipolitikagazetesi.com\/?p=5895"},"modified":"2020-11-04T18:26:20","modified_gmt":"2020-11-04T15:26:20","slug":"ozyigit-gelecegin-bilim-insanlari-yenisehirde-gelisecek","status":"publish","type":"post","link":"https:\/\/mersinekonomipolitikagazetesi.com\/?p=5895","title":{"rendered":"\u00d6zyi\u011fit: \u201cGelece\u011fin bilim  insanlar\u0131 Yeni\u015fehir&#8217;de geli\u015fecek\u201d"},"content":{"rendered":"<p>T\u00fcrkiye geli\u015fmi\u015f \u00fclkeler aras\u0131nda okul \u00f6ncesi e\u011fitimde son s\u0131rada..!<\/p>\n<p>Yeni\u015fehir Belediye Akademi\u2019de ba\u015flayacak 0-3 ya\u015f aras\u0131 Aile E\u011fitimi projesinin a\u00e7\u0131l\u0131\u015f\u0131 ger\u00e7ekle\u015fti. Yeni\u015fehir Belediye Ba\u015fkan\u0131 Abdullah \u00d6zyi\u011fit ve projeyi y\u00fcr\u00fcten Marmara \u00dcniversitesi\u2019nden Prof. Dr. Ozana Ural\u2019\u0131n kat\u0131ld\u0131\u011f\u0131 bas\u0131n toplant\u0131s\u0131n da \u00d6zyi\u011fit, \u201cGelece\u011fin bilim insanlar\u0131 Yeni\u015fehir&#8217;de geli\u015fecek\u201d diyerek projenin \u00f6nemine dikkat \u00e7ekti.<br \/>\n\u00a0\u00a0<br \/>\nBas\u0131n toplant\u0131s\u0131nda Marmara Aile Becerileri E\u011fitim Program\u0131(MABEP ) kapsam\u0131nda ba\u015flat\u0131lacak \u00e7al\u0131\u015fmalar anlat\u0131l\u0131rken yap\u0131lan projenin T\u00fcrkiye\u2019de ilk defa bir kurum taraf\u0131nda ger\u00e7ekle\u015ftirdi\u011fi vurguland\u0131. 8 ila 9 haftal\u0131k bir e\u011fitim s\u00fcreci olaca\u011f\u0131 vurgulanan proje de uzaktan e\u011fitim ile kar\u015f\u0131l\u0131kl\u0131 g\u00f6r\u00fc\u015fme ve dersler verilecek.<\/p>\n<p>\u00a0\u201cS\u00f6z verdik ve yerine getirdik\u201d<br \/>\n\u00a0<br \/>\nYeni\u015fehir Belediye Ba\u015fkan\u0131 Abdullah \u00d6zyi\u011fit T\u00fcrkiye tarihinde \u00f6neme sahip K\u00f6y Enstit\u00fclerini \u00f6rnek g\u00f6stererek de\u011fi\u015fen ku\u015fak fark\u0131na vurgu yapt\u0131. \u00d6zyi\u011fit, \u201cE\u011fitim alma bi\u00e7imleri de\u011fi\u015ftik\u00e7e fark\u0131 g\u00f6rebiliyorsunuz. Cumhuriyet Halk Partisi olarak yapt\u0131\u011f\u0131m\u0131z kamuoyu yoklamalar\u0131nda ve g\u00f6r\u00fc\u015flerinde e\u011fitime verilmesi gereken deste\u011fi g\u00f6rd\u00fck. CHP olarak e\u011fitim \u00e7al\u0131\u015ftay\u0131 ger\u00e7ekle\u015ftirdik ve T\u00fcrkiye\u2019nin geli\u015fmi\u015f \u00fclkeler aras\u0131nda okul \u00f6ncesi e\u011fitimde son s\u0131rada oldu\u011funu belirledik. Belediye ba\u015fkan\u0131 olursak bunun \u00e7al\u0131\u015fmas\u0131n\u0131 yapaca\u011f\u0131z dedik ve s\u00f6z verdi\u011fimiz gibi yerine getirdik.\u201d diye konu\u015ftu.<br \/>\n\u00a0<br \/>\n\u00a0<br \/>\n\u201cZaman\u0131n bizim i\u00e7in \u00f6nemi yok\u201d<br \/>\n\u00a0<br \/>\nE\u011fitim s\u00fcrecinin ilerleyen zamanlarda topluma katk\u0131 sa\u011flayaca\u011f\u0131na dikkat \u00e7eken \u00d6zyi\u011fit, \u201cZaman\u0131n bizim i\u00e7in \u00f6nemi yok, bir yerden ba\u015flamak gerekiyordu ve ba\u015flad\u0131k. Bu \u00e7al\u0131\u015fma i\u00e7in maddi temeli olmayan i\u015f birli\u011fi i\u00e7im Mersin\u2019e gelen ekiple beraberiz. Yeni\u015fehir\u2019de 32 mahallede toplant\u0131 yaparak vatanda\u015flar\u0131n isteklerini de\u011ferlendirdik. B\u00f6lge olarak e\u011fitimi, sanat\u0131, k\u00fclt\u00fcr\u00fc desteklememiz y\u00f6n\u00fcnde ricalar edildi ve bizlerde bu y\u00f6nde hizmet ediyoruz.\u201d ifadesini kulland\u0131.<br \/>\n\u00a0<br \/>\n\u201c\u00d6rnek bir \u00e7al\u0131\u015fma olacak\u201d<br \/>\n\u00a0<br \/>\nBir bilim insan\u0131n\u0131n \u00fclkeyi geli\u015ftirebilece\u011fine vurgu yapan \u00d6zyi\u011fit, \u201cBurada yapt\u0131\u011f\u0131m\u0131z proje ile Milli E\u011fitim Bakanl\u0131\u011f\u0131 ve di\u011fer kurumlara \u00f6rnek bir \u00e7al\u0131\u015fma ba\u015flatmay\u0131 temenni ediyoruz.\u201d diye konu\u015ftu.<br \/>\n\u00a0<br \/>\nUral: \u201c\u00d6zyi\u011fit 20 ila 30 y\u0131l sonras\u0131 i\u00e7in \u00e7al\u0131\u015fma ba\u015flatt\u0131\u201d<br \/>\n\u00a0<br \/>\nMarmara \u00dcniversitesi\u2019nden Prof. Dr. Ozana Ural ise kendilerine k\u0131sa zamanda hedef g\u00f6sterildi\u011fini belirterek, \u201cProjelerde zaman problemi ya\u015f\u0131yoruz fakat \u00d6zyi\u011fit se\u00e7ilmi\u015f d\u00f6nemi d\u0131\u015f\u0131nda 20 ila 30 y\u0131l sonras\u0131 i\u00e7in bir \u00e7al\u0131\u015fma yap\u0131yor bu ger\u00e7ekten fark\u0131ndal\u0131k yaratacak bir durum. Ayr\u0131ca il defa s\u0131n\u0131rlar\u0131 geni\u015fleterek \u0130stanbul ve Mersin aras\u0131nda \u00e7al\u0131\u015fma ger\u00e7ekle\u015ftiriyoruz.\u201d diye vurgulad\u0131.<br \/>\n\u00a0<br \/>\n\u201cToplumumuzun geli\u015fimi i\u00e7in okul \u00f6ncesi e\u011fitim \u00f6nemli\u201d<br \/>\n\u00a0<br \/>\nE\u011fitimin ailede ba\u015flad\u0131\u011f\u0131na dikkat \u00e7eken Ural erken \u00e7ocukluk d\u00f6nemi diye an\u0131lan \u00e7a\u011f\u0131n \u00f6\u011frenmenin en h\u0131zl\u0131 oldu\u011fu ve kritik \u00f6nemi olan bir s\u00fcre\u00e7 oldu\u011funa de\u011finerek, \u201cOkul \u00f6ncesi bireylerin temellerinin at\u0131ld\u0131\u011f\u0131 \u00f6nemli bir kritik zamand\u0131r. \u00a0Biz bu defa \u00fcniversite ve yerel y\u00f6netim i\u015fbirli\u011fi ile s\u0131n\u0131rlar\u0131 biraz geni\u015flettik. Erken \u00e7ocukluk dedi\u011fimiz \u00e7a\u011f geli\u015fmelerin en h\u0131zl\u0131 ve kritik oldu\u011fu \u00e7a\u011fd\u0131r. \u00c7\u00fcnk\u00fc \u2018daha sonra telafi ederim\u2019 denilemiyor. Vaktinde e\u011fitim al\u0131nmas\u0131 gerekiyor. Sonras\u0131 olmad\u0131\u011f\u0131 i\u00e7in \u00e7ok kritik bir d\u00f6nem. Erken \u00e7ocukluk d\u00f6neminde al\u0131nan e\u011fitimin sonucunda birey ilkokul, orta \u00f6\u011fretim ve \u00fcniversite e\u011fitiminde ald\u0131\u011f\u0131 e\u011fitimi fark ediyor. Buna aile de destekler verecek. Erken \u00e7ocukluk e\u011fitimi toplumumuzun geli\u015fip kalk\u0131nmas\u0131 i\u00e7in \u00e7ok \u00f6nemli iken herkese g\u00f6revler d\u00fc\u015f\u00fcyor. Bug\u00fcn \u00fcniversite ve yerel y\u00f6netimin g\u00f6revini yerine getirdi\u011fini g\u00f6r\u00fcyoruz. Bu modelin bir \u00f6rnek olmas\u0131n\u0131 ve t\u00fcm \u00fclkede yayg\u0131nla\u015fmas\u0131n\u0131 arzu ediyoruz. Yeni\u015fehir Akdemi ile 0-3 ya\u015f aras\u0131nda \u00e7ocuklar\u0131 olan t\u00fcm aileler bu e\u011fitimlerden yararlanacak. Toplumumuzun geli\u015fimi i\u00e7in erken \u00e7ocukluk e\u011fitimi \u00f6nemli bir noktada.\u201d dedi.<br \/>\n\u00a0<br \/>\n\u201cHer aile bir okuldur\u201d<br \/>\n\u00a0<br \/>\nYap\u0131lan \u00e7al\u0131\u015fmalar\u0131n 0-9 ayl\u0131k s\u00fcre\u00e7 sonras\u0131nda da 36 ayl\u0131k d\u00f6nemde e\u011fitime haz\u0131rlad\u0131klar\u0131 kitap ve etkinlik takvimleriyle destek vereceklerini belirten Prof. Dr. Ozana Ural, MABEP ekibi i\u00e7erisinde yer alan okul \u00f6ncesi uzman\u0131, \u00e7ocuk geli\u015fimi uzman\u0131, yeti\u015fkin uzman\u0131, rehberlik ve psikolojik dan\u0131\u015fman, pedagog ve yeni do\u011fan bak\u0131c\u0131 uygulay\u0131c\u0131lar\u0131n\u0131n akademik d\u00fczeyde yeterlili\u011fini aktard\u0131. Ural, \u201cHer aile bir okuldur slogan\u0131yla yola \u00e7\u0131kt\u0131k. 0-3 ya\u015f aral\u0131\u011f\u0131mda \u00e7ocuk sahibi ailelere beceri ve fark\u0131ndal\u0131k kazand\u0131rmak \u00fczere \u00e7al\u0131\u015f\u0131yoruz.\u201d diye konu\u015ftu.<br \/>\n\u00a0<br \/>\nS\u0131n\u0131flar doluyor<br \/>\n\u00a0<br \/>\nYeni\u015fehir Belediyesi Akademi\u2019nin MEB\u2019e ba\u011fl\u0131 ve izinli bir kurum oldu\u011fu belirtilerek yap\u0131lan \u00e7al\u0131\u015fmalar sonucunda 20 \u015fer ki\u015fiden 2 s\u0131n\u0131f\u0131n doldu\u011fu ve 3\u2019\u00fcnc\u00fc bir s\u0131n\u0131fa al\u0131mlar\u0131n ba\u015flat\u0131laca\u011f\u0131 belirtildi. Ayr\u0131ca \u00d6zyi\u011fit emzirme hem\u015fireli\u011fi uygulamas\u0131 hayata ge\u00e7ireceklerini vurgulayarak, \u201cDo\u011fum yapan annelere ula\u015farak e\u011fitim vermeyi hedefliyoruz.\u201d diyerek m\u00fcjde verdi.<\/p>\n","protected":false},"excerpt":{"rendered":"<p>T\u00fcrkiye geli\u015fmi\u015f \u00fclkeler aras\u0131nda okul \u00f6ncesi e\u011fitimde son s\u0131rada..! Yeni\u015fehir Belediye Akademi\u2019de ba\u015flayacak 0-3 ya\u015f aras\u0131 Aile E\u011fitimi projesinin a\u00e7\u0131l\u0131\u015f\u0131 ger\u00e7ekle\u015fti. Yeni\u015fehir Belediye Ba\u015fkan\u0131 Abdullah \u00d6zyi\u011fit ve projeyi y\u00fcr\u00fcten Marmara &hellip; <a href=\"https:\/\/mersinekonomipolitikagazetesi.com\/?p=5895\" class=\"more-link\">Devam\u0131n\u0131 Oku&#8230;<\/a><\/p>\n","protected":false},"author":1,"featured_media":0,"comment_status":"open","ping_status":"open","sticky":false,"template":"","format":"standard","meta":[],"categories":[],"tags":[],"_links":{"self":[{"href":"https:\/\/mersinekonomipolitikagazetesi.com\/index.php?rest_route=\/wp\/v2\/posts\/5895"}],"collection":[{"href":"https:\/\/mersinekonomipolitikagazetesi.com\/index.php?rest_route=\/wp\/v2\/posts"}],"about":[{"href":"https:\/\/mersinekonomipolitikagazetesi.com\/index.php?rest_route=\/wp\/v2\/types\/post"}],"author":[{"embeddable":true,"href":"https:\/\/mersinekonomipolitikagazetesi.com\/index.php?rest_route=\/wp\/v2\/users\/1"}],"replies":[{"embeddable":true,"href":"https:\/\/mersinekonomipolitikagazetesi.com\/index.php?rest_route=%2Fwp%2Fv2%2Fcomments&post=5895"}],"version-history":[{"count":0,"href":"https:\/\/mersinekonomipolitikagazetesi.com\/index.php?rest_route=\/wp\/v2\/posts\/5895\/revisions"}],"wp:attachment":[{"href":"https:\/\/mersinekonomipolitikagazetesi.com\/index.php?rest_route=%2Fwp%2Fv2%2Fmedia&parent=5895"}],"wp:term":[{"taxonomy":"category","embeddable":true,"href":"https:\/\/mersinekonomipolitikagazetesi.com\/index.php?rest_route=%2Fwp%2Fv2%2Fcategories&post=5895"},{"taxonomy":"post_tag","embeddable":true,"href":"https:\/\/mersinekonomipolitikagazetesi.com\/index.php?rest_route=%2Fwp%2Fv2%2Ftags&post=5895"}],"curies":[{"name":"wp","href":"https:\/\/api.w.org\/{rel}","templated":true}]}}