{"id":5896,"date":"2020-11-04T18:26:20","date_gmt":"2020-11-04T15:26:20","guid":{"rendered":"http:\/\/mersinekonomipolitikagazetesi.com\/?p=5896"},"modified":"2020-11-04T18:26:20","modified_gmt":"2020-11-04T15:26:20","slug":"turk-bayragini-yirtan-yunan-milletvekiline-tepki-icin-mersinden-ankaraya-kosacak","status":"publish","type":"post","link":"https:\/\/mersinekonomipolitikagazetesi.com\/?p=5896","title":{"rendered":"T\u00fcrk bayra\u011f\u0131n\u0131 y\u0131rtan Yunan milletvekiline tepki i\u00e7in Mersin\u2019den Ankara\u2019ya ko\u015facak"},"content":{"rendered":"<p>Mersin\u2019in Tarsus il\u00e7esinde ya\u015fayan atlet Bekir Zengin, Avrupa Parlamentosu&#8217;nda (AP) T\u00fcrk bayra\u011f\u0131n\u0131 y\u0131rtan Yunan milletvekili Ioannis Lagos&#8217;a tepki i\u00e7in Mersin\u2019den Ankara\u2019ya kadar 500 kilometre ko\u015facak. 15 Temmuz \u015fehitleri i\u00e7in 2018\u2019de de Mersin\u2019den \u0130stanbul\u2019a 42 g\u00fcn s\u00fcren \u2018Vefa Ko\u015fusu\u2019 ger\u00e7ekle\u015ftiren Zengin, 23 g\u00fcn s\u00fcrecek Ankara ko\u015fusuna 13 Mart\u2019ta ba\u015flamay\u0131 hedefliyor.\u00a0<br \/>\nTarsus \u0130l\u00e7e Gen\u00e7lik ve Spor M\u00fcd\u00fcrl\u00fc\u011f\u00fcn\u00fcn lisansl\u0131 atletizm sporcusu olan 25 ya\u015f\u0131ndaki atlet Bekir Zengin, iki y\u0131l \u00f6nce ger\u00e7ekle\u015ftirdi\u011fi \u2018Vefa Ko\u015fusu\u2019nun ard\u0131ndan yeni bir ko\u015fuya daha haz\u0131rlan\u0131yor. 15 Temmuz \u015fehitleri i\u00e7in 1 Haziran 2018\u2019de Mersin\u2019den \u0130stanbul\u2019a 42 g\u00fcn s\u00fcren \u2018Vefa Ko\u015fusu\u2019 ger\u00e7ekle\u015ftiren sporcu Zengin, bu kez de AP\u2019de T\u00fcrk bayra\u011f\u0131n\u0131 y\u0131rtan Yunan vekile tepki i\u00e7in Ankara\u2019ya ko\u015facak. 500 kilometrelik ko\u015fuyu 4 Nisan\u2019da tamamlamay\u0131 hedefleyen Zengin, Yunanistan Konsolosluk Ofisi \u00f6n\u00fcnde T\u00fcrk bayra\u011f\u0131 a\u00e7arak, \u0130stiklal Mar\u015f\u0131n\u0131 okuyacak.\u00a0<\/p>\n<p>\u201cKonsolosluk \u00f6n\u00fcnde bayra\u011f\u0131m\u0131z\u0131 a\u00e7\u0131p Yunanl\u0131lara hadlerini bildirmek istiyorum\u201d<br \/>\n\u00a0<br \/>\nAtlet Bekir Zengin, Mersin-Ankara ko\u015fusuna ili\u015fkin \u0130HA muhabirine a\u00e7\u0131klama yapt\u0131. 2018\u2019de d\u00f6nemin Kalk\u0131nma Bakan\u0131 L\u00fctfi Elvan\u2019dan T\u00fcrk bayra\u011f\u0131n\u0131 alarak, t\u00fcm \u015fehitler ve gaziler ad\u0131na 15 Temmuz Vefa Ko\u015fusunu ger\u00e7ekle\u015ftirdi\u011fini an\u0131msatan Zengin, \u201c\u015eimdi de hedefim, t\u00fcm \u015fehitler ve gaziler ad\u0131na Yunan milletvekilinin T\u00fcrk bayra\u011f\u0131m\u0131za yapt\u0131\u011f\u0131 sayg\u0131s\u0131zl\u0131k nedeniyle \u015fehit ailelerimize \u00f6z\u00fcr olarak bir ko\u015fu ger\u00e7ekle\u015ftirmek. Mersin\u2019den T\u00fcrk bayra\u011f\u0131m\u0131z\u0131 valimizden al\u0131p, 500 kilometre ko\u015farak Ankara\u2019ya Yunanistan Konsoloslu\u011fu \u00f6n\u00fcne ula\u015f\u0131p, T\u00fcrk bayra\u011f\u0131m\u0131z\u0131 a\u00e7\u0131p \u0130stiklal Mar\u015f\u0131m\u0131z\u0131 okuyarak Yunanl\u0131lara haddini bildirmek istiyorum\u201d dedi.\u00a0<\/p>\n<p>\u201cG\u00fcnde 25 kilometre yol kat ederek, 23 g\u00fcn s\u00fcrecek 500 kilometre ko\u015faca\u011f\u0131m\u201d<br \/>\n\u00a0<br \/>\nAnkara ko\u015fusu i\u00e7in Mersin B\u00fcy\u00fck\u015fehir Belediyesi ve il\u00e7e belediyelerinden destek isteyen Zengin, \u201cMersin il ve il\u00e7e belediyelerine sesleniyorum; bu konuda desteklerini bekliyorum. 13 Mart\u2019ta Mersin Valilik makam\u0131ndan \u00e7\u0131k\u0131\u015f yapmak istiyorum. 4 Nisan\u2019da da Yunan Konsoloslu\u011funun \u00f6n\u00fcne ula\u015f\u0131p, bayra\u011f\u0131m\u0131z\u0131 a\u00e7mak istiyorum\u201d diye konu\u015ftu.\u00a0<br \/>\nVefa Ko\u015fusunda tecr\u00fcbe edindi\u011fini belirten Zengin, \u201cMersin-Ankara ko\u015fumda g\u00fcnl\u00fck 25 kilometre yol kat ederek, toplamda 23 g\u00fcn s\u00fcrecek 500 kilometre ko\u015faca\u011f\u0131m. Tahminimce 4 Nisan\u2019da da konsoloslu\u011fun \u00f6n\u00fcnde olaca\u011f\u0131m\u201d ifadelerini kulland\u0131.\u00a0<\/p>\n<p>\u201cYunanl\u0131lara tokat gibi cevap vermek istiyorum\u201d<br \/>\n\u00a0<br \/>\nAtlet Zengin, ko\u015fuyu ger\u00e7ekle\u015ftirme amac\u0131n\u0131 ve T\u00fcrk bayra\u011f\u0131n\u0131n y\u0131rt\u0131lmas\u0131 kar\u015f\u0131s\u0131nda hissettiklerini de \u015f\u00f6yle a\u00e7\u0131klad\u0131:\u00a0<br \/>\n\u201cT\u00fcrk bayra\u011f\u0131n\u0131 al\u0131p y\u0131rtmas\u0131 (Yunan milletvekili) vicdanen b\u00fct\u00fcn T\u00fcrkiye\u2019yi hayal k\u0131r\u0131kl\u0131\u011f\u0131na u\u011fratt\u0131. \u00c7\u00fcnk\u00fc T\u00fcrk bayra\u011f\u0131m\u0131z \u015fehitlerimizin kan\u0131yla y\u0131kanm\u0131\u015ft\u0131r ve \u015fehitlerimizin bize arma\u011fan\u0131d\u0131r. Bu konu \u015fehit ailelerini de \u00e7ok \u00fczd\u00fc. \u015eehitlerimizin bize b\u0131rakt\u0131\u011f\u0131 emanete ihanet edildi\u011fi zaman, T\u00fcrk bayra\u011f\u0131 y\u0131rt\u0131ld\u0131\u011f\u0131 zaman b\u00fct\u00fcn T\u00fcrkiye olarak bunu kabul edemeyiz; \u00e7\u00fcnk\u00fc \u015fehitlerimizin kan\u0131yla y\u0131kanm\u0131\u015f bir T\u00fcrk bayra\u011f\u0131d\u0131r. Buna kar\u015f\u0131l\u0131k da Yunanl\u0131lara tokat gibi cevap vermek istiyorum.\u201d\u00a0<\/p>\n<p>Yunan milletvekili Lagos, AP\u2019de T\u00fcrk bayra\u011f\u0131n\u0131 y\u0131rtm\u0131\u015ft\u0131<br \/>\n\u00a0<br \/>\nAP\u2019ye, Alt\u0131n \u015eafak partisinden se\u00e7ilen Yunan milletvekili Ioannis Lagos, ocak ay\u0131n\u0131n sonlar\u0131nda AP Genel Kurulunda, Yunan adalar\u0131ndaki g\u00f6\u00e7menlerin durumuna ili\u015fkin bir tart\u0131\u015fma s\u0131ras\u0131nda ka\u011f\u0131t \u00fczerine bas\u0131l\u0131 T\u00fcrk bayra\u011f\u0131n\u0131 y\u0131rtarak, T\u00fcrkiye kar\u015f\u0131t\u0131, hakaret i\u00e7eren ifadeler kullanm\u0131\u015ft\u0131. Bu eylemi \u00fczerine T\u00fcrkiye\u2019den en \u00fcst d\u00fczeyde \u00e7ok sert tepkilerle kar\u015f\u0131la\u015fan Yunan vekil Lagos\u2019a AP taraf\u0131ndan da \u00f6denek kesintisi ve 4 g\u00fcn parlamento faaliyetlerine kat\u0131lmama cezas\u0131 verilmi\u015fti.\u00a0<\/p>\n","protected":false},"excerpt":{"rendered":"<p>Mersin\u2019in Tarsus il\u00e7esinde ya\u015fayan atlet Bekir Zengin, Avrupa Parlamentosu&#8217;nda (AP) T\u00fcrk bayra\u011f\u0131n\u0131 y\u0131rtan Yunan milletvekili Ioannis Lagos&#8217;a tepki i\u00e7in Mersin\u2019den Ankara\u2019ya kadar 500 kilometre ko\u015facak. 15 Temmuz \u015fehitleri i\u00e7in 2018\u2019de &hellip; <a href=\"https:\/\/mersinekonomipolitikagazetesi.com\/?p=5896\" class=\"more-link\">Devam\u0131n\u0131 Oku&#8230;<\/a><\/p>\n","protected":false},"author":1,"featured_media":0,"comment_status":"open","ping_status":"open","sticky":false,"template":"","format":"standard","meta":[],"categories":[],"tags":[],"_links":{"self":[{"href":"https:\/\/mersinekonomipolitikagazetesi.com\/index.php?rest_route=\/wp\/v2\/posts\/5896"}],"collection":[{"href":"https:\/\/mersinekonomipolitikagazetesi.com\/index.php?rest_route=\/wp\/v2\/posts"}],"about":[{"href":"https:\/\/mersinekonomipolitikagazetesi.com\/index.php?rest_route=\/wp\/v2\/types\/post"}],"author":[{"embeddable":true,"href":"https:\/\/mersinekonomipolitikagazetesi.com\/index.php?rest_route=\/wp\/v2\/users\/1"}],"replies":[{"embeddable":true,"href":"https:\/\/mersinekonomipolitikagazetesi.com\/index.php?rest_route=%2Fwp%2Fv2%2Fcomments&post=5896"}],"version-history":[{"count":0,"href":"https:\/\/mersinekonomipolitikagazetesi.com\/index.php?rest_route=\/wp\/v2\/posts\/5896\/revisions"}],"wp:attachment":[{"href":"https:\/\/mersinekonomipolitikagazetesi.com\/index.php?rest_route=%2Fwp%2Fv2%2Fmedia&parent=5896"}],"wp:term":[{"taxonomy":"category","embeddable":true,"href":"https:\/\/mersinekonomipolitikagazetesi.com\/index.php?rest_route=%2Fwp%2Fv2%2Fcategories&post=5896"},{"taxonomy":"post_tag","embeddable":true,"href":"https:\/\/mersinekonomipolitikagazetesi.com\/index.php?rest_route=%2Fwp%2Fv2%2Ftags&post=5896"}],"curies":[{"name":"wp","href":"https:\/\/api.w.org\/{rel}","templated":true}]}}