{"id":5898,"date":"2020-11-04T18:26:20","date_gmt":"2020-11-04T15:26:20","guid":{"rendered":"http:\/\/mersinekonomipolitikagazetesi.com\/?p=5898"},"modified":"2020-11-04T18:26:20","modified_gmt":"2020-11-04T15:26:20","slug":"mersin-turizm-a-s-nin-ilk-hedefi-kargicikta-turizm-koyu-kurmak","status":"publish","type":"post","link":"https:\/\/mersinekonomipolitikagazetesi.com\/?p=5898","title":{"rendered":"Mersin Turizm A.\u015e.\u2019nin ilk hedefi Karg\u0131c\u0131k\u2019ta turizm k\u00f6y\u00fc kurmak"},"content":{"rendered":"<p>Her t\u00fcrl\u00fc potansiyeli bar\u0131nd\u0131rmas\u0131na kar\u015f\u0131n turizmde bir t\u00fcrl\u00fc hak etti\u011fi noktaya gelemeyen Mersin\u2019de, kent dinamikleri turizm potansiyellerini en iyi \u015fekilde de\u011ferlendirmek ad\u0131na harekete ge\u00e7ti. Mersin Turizm Anonim \u015eirketi kurmak i\u00e7in MTSO \u00f6nc\u00fcl\u00fc\u011f\u00fcnde kollar\u0131 s\u0131vayan kent dinamikleri, Silifke\u2019nin Karg\u0131c\u0131k b\u00f6lgesinde, 400 d\u00f6n\u00fcml\u00fck alanda farkl\u0131 konseptte bir turizm k\u00f6y\u00fc planlan\u0131yor.\u00a0<br \/>\nMersin\u2019de turizmin geli\u015fmesi ad\u0131na yeni bir ad\u0131m daha at\u0131l\u0131yor. Valilik, belediyeler, odalar ve Mersinli yat\u0131r\u0131mc\u0131lar\u0131n ortak olaca\u011f\u0131 bir turizm \u015firketi kurmak i\u00e7in ilk ad\u0131m at\u0131l\u0131rken, kurulacak \u015firketin yapaca\u011f\u0131 ilk i\u015f de i\u00e7inde bir\u00e7ok yenilik bar\u0131nd\u0131racak turizm k\u00f6y\u00fc kurmak olacak. MTSO \u00f6nc\u00fcl\u00fc\u011f\u00fcnde Mersin Turizm A.\u015e. ad\u0131yla kurulum \u00e7al\u0131\u015fmalar\u0131na ba\u015flanan \u015firketin hedefi, Mersin\u2019in turizm cazibesini ortaya \u00e7\u0131karmak.\u00a0<\/p>\n<p>Mersin Ticaret ve Sanayi Odas\u0131 (MTSO) Y\u00f6netim Kurulu Ba\u015fkan\u0131 Ayhan K\u0131z\u0131ltan, Mersin turizminin hak etti\u011fi noktaya gelebilmesi ad\u0131na son d\u00f6nemde yapt\u0131klar\u0131 \u00e7al\u0131\u015fmalar ve geni\u015f bir kat\u0131l\u0131mla kurmay\u0131 planlad\u0131klar\u0131 Mersin Turizm A.\u015e. ile ilgili \u0130HA muhabirine a\u00e7\u0131klama yapt\u0131.\u00a0<br \/>\nMersin Turizm A.\u015e.\u2019nin kurulu\u015f a\u015famas\u0131 ve yap\u0131s\u0131yla ilgili bilgi veren K\u0131z\u0131ltan, tabana yay\u0131lacak g\u00fc\u00e7l\u00fc bir olu\u015fum i\u00e7in \u00e7al\u0131\u015ft\u0131klar\u0131n\u0131 s\u00f6yledi. Mersin Turizm A.\u015e. ile ilgili s\u00fcreci ba\u015flatt\u0131klar\u0131n\u0131 belirten MTSO Ba\u015fkan\u0131 K\u0131z\u0131ltan, \u201c\u015eu anda \u00f6nse\u00e7im olarak belirledi\u011fimiz b\u00f6lge i\u00e7in bir avan proje haz\u0131rl\u0131yoruz. Maliyetler hesaplan\u0131yor. Tahmini maliyetlere g\u00f6re \u015firketin sermaye yap\u0131s\u0131 ortaya \u00e7\u0131kacak. Tahmini bedeller ve yat\u0131r\u0131m bedeli ortaya \u00e7\u0131kt\u0131ktan sonra \u015firketin ortak say\u0131s\u0131 da belli olacak. \u0130nsanlar belli bir orana kadar hisse alabilecek. \u00c7o\u011funlu\u011fu bir ki\u015finin ya da kurumun eline ge\u00e7meyecek \u015fekilde \u00e7al\u0131\u015fma yap\u0131yoruz. \u015eirketin kurulu\u015f s\u00f6zle\u015fmesini odam\u0131zdaki arkada\u015flar\u0131m\u0131z d\u00fczenliyor\u201d dedi.\u00a0<\/p>\n<p>\u015eirkete, kamuyu, belediyeleri ve odalar\u0131 ortak edeceklerini ancak, \u015firketin as\u0131l ortaklar\u0131n\u0131n Mersinli yat\u0131r\u0131mc\u0131lar olaca\u011f\u0131n\u0131 vurgulayan K\u0131z\u0131ltan, \u201cTabana yayaca\u011f\u0131z. Prosed\u00fcrler tamamland\u0131ktan sonra kamuoyunda duyuraca\u011f\u0131z ve yat\u0131r\u0131mc\u0131lar\u0131 davet edece\u011fiz, kar\u015f\u0131lar\u0131na bir projeyle ve rakamlarla \u00e7\u0131kaca\u011f\u0131z. \u015eirket o \u015fekilde kurulacak. \u00d6nc\u00fcl\u00fc\u011f\u00fcn\u00fc MTSO yap\u0131yor ama proje, Mersin\u2019in ve Mersin\u2019e inanan herkesin projesi\u201d diye konu\u015ftu.\u00a0<\/p>\n<p>\u015eirketin kurulu\u015funun ard\u0131ndan haz\u0131rlad\u0131klar\u0131 proje \u00e7er\u00e7evesinde Silifke Karg\u0131c\u0131k b\u00f6lgesinde tesis kurma \u00e7al\u0131\u015fmalar\u0131na ba\u015flayacaklar\u0131n\u0131 dile getiren K\u0131z\u0131ltan, \u201cYer belli; Karg\u0131c\u0131k\u2019ta yakla\u015f\u0131k 400 d\u00f6n\u00fcml\u00fck b\u00fcy\u00fck bir arazi. Bu arazi hazineye ait. Belli bir bedel kar\u015f\u0131l\u0131\u011f\u0131nda tahsis edilecek. Bunun da s\u00f6z\u00fc verildi. Alternatifleri de var ama buras\u0131 olarak d\u00fc\u015f\u00fcn\u00fcyoruz\u201d ifadelerini kulland\u0131.\u00a0<\/p>\n<p>Planlad\u0131klar\u0131 tesisi Avrupa Birli\u011fi fonlar\u0131yla yapmay\u0131 d\u00fc\u015f\u00fcnd\u00fcklerini s\u00f6yleyen K\u0131z\u0131ltan, ayr\u0131ca K\u00fclt\u00fcr ve Turizm Bakanl\u0131\u011f\u0131n\u0131n da tesisin yap\u0131m\u0131nda teknik olarak her t\u00fcrl\u00fc deste\u011fi verece\u011fini ifade etti. Tesis tamamland\u0131\u011f\u0131nda T\u00fcrkiye\u2019ye \u00f6rnek olaca\u011f\u0131n\u0131 vurgulayan K\u0131z\u0131ltan, \u015funlar\u0131 s\u00f6yledi:<br \/>\n\u00a0<br \/>\n\u201cKonseptimizin \u015feklini belirlemek i\u00e7in bir\u00e7ok g\u00f6r\u00fc\u015fme ve beyin f\u0131rt\u0131nas\u0131 yapt\u0131k. Antalya\u2019daki turizm sisteminden farkl\u0131 konseptte bir tesis olmas\u0131 gerekti\u011fi karar\u0131na vard\u0131k. Turist buraya geldi\u011finde be\u015f y\u0131ld\u0131zl\u0131 bir otele de\u011fil, bir Akdeniz sahil kasabas\u0131na ya da k\u00f6ye geldi\u011fini hissetsin istiyoruz. Yapmay\u0131 planlad\u0131\u011f\u0131m\u0131z konseptte, bir k\u00f6y meydan\u0131, kafeler, ma\u011fazalar, butik oteller olacak. Bir tane merkezi resepsiyon olacak ve kay\u0131tlar\u0131 \u00f6nceden yap\u0131lan turiste anahtarlar\u0131 burada teslim edilecek. B\u00fcy\u00fck bir yer oldu\u011fu i\u00e7in oraya 60 ya\u015f \u00fcst\u00fc insanlar, orta ya\u015ftakiler ve gen\u00e7lere hitap edecek farkl\u0131 konseptlerde 3 tane k\u00f6y yapma plan\u0131m\u0131z var. Do\u011fa, orman i\u00e7inde y\u00fcr\u00fcy\u00fc\u015fler, spor tesisleri, konferans salonlar\u0131 ve deniz kenar\u0131ndaki konumuyla bu proje cazibe merkezi olacak.\u201d\u00a0<br \/>\nProjeyle ilgili hedefini de a\u00e7\u0131klayan K\u0131z\u0131ltan, \u201cBenim hedefim, 2021 y\u0131l\u0131 i\u00e7erisinde kazmay\u0131 vurmak ya da kazmay\u0131 vuracak hale getirmek\u201d dedi.<br \/>\n\u00a0<br \/>\nHedeflerinin, tesise gelecek turistlerin Adana\u2019da havaalan\u0131nda u\u00e7aktan indikleri anda tatillerinin ba\u015flamas\u0131n\u0131 sa\u011flamak oldu\u011funu anlatan K\u0131z\u0131ltan, Yenice, Tarsus, Mersin merkez ve Narl\u0131kuyu\u2019yu da i\u00e7ine alan bir tur gezisiyle konuklar\u0131n\u0131 otellerine ula\u015ft\u0131rmay\u0131 planlad\u0131klar\u0131n\u0131 kaydetti.\u00a0<br \/>\n\u00a0<\/p>\n","protected":false},"excerpt":{"rendered":"<p>Her t\u00fcrl\u00fc potansiyeli bar\u0131nd\u0131rmas\u0131na kar\u015f\u0131n turizmde bir t\u00fcrl\u00fc hak etti\u011fi noktaya gelemeyen Mersin\u2019de, kent dinamikleri turizm potansiyellerini en iyi \u015fekilde de\u011ferlendirmek ad\u0131na harekete ge\u00e7ti. Mersin Turizm Anonim \u015eirketi kurmak i\u00e7in &hellip; <a href=\"https:\/\/mersinekonomipolitikagazetesi.com\/?p=5898\" class=\"more-link\">Devam\u0131n\u0131 Oku&#8230;<\/a><\/p>\n","protected":false},"author":1,"featured_media":0,"comment_status":"open","ping_status":"open","sticky":false,"template":"","format":"standard","meta":[],"categories":[],"tags":[],"_links":{"self":[{"href":"https:\/\/mersinekonomipolitikagazetesi.com\/index.php?rest_route=\/wp\/v2\/posts\/5898"}],"collection":[{"href":"https:\/\/mersinekonomipolitikagazetesi.com\/index.php?rest_route=\/wp\/v2\/posts"}],"about":[{"href":"https:\/\/mersinekonomipolitikagazetesi.com\/index.php?rest_route=\/wp\/v2\/types\/post"}],"author":[{"embeddable":true,"href":"https:\/\/mersinekonomipolitikagazetesi.com\/index.php?rest_route=\/wp\/v2\/users\/1"}],"replies":[{"embeddable":true,"href":"https:\/\/mersinekonomipolitikagazetesi.com\/index.php?rest_route=%2Fwp%2Fv2%2Fcomments&post=5898"}],"version-history":[{"count":0,"href":"https:\/\/mersinekonomipolitikagazetesi.com\/index.php?rest_route=\/wp\/v2\/posts\/5898\/revisions"}],"wp:attachment":[{"href":"https:\/\/mersinekonomipolitikagazetesi.com\/index.php?rest_route=%2Fwp%2Fv2%2Fmedia&parent=5898"}],"wp:term":[{"taxonomy":"category","embeddable":true,"href":"https:\/\/mersinekonomipolitikagazetesi.com\/index.php?rest_route=%2Fwp%2Fv2%2Fcategories&post=5898"},{"taxonomy":"post_tag","embeddable":true,"href":"https:\/\/mersinekonomipolitikagazetesi.com\/index.php?rest_route=%2Fwp%2Fv2%2Ftags&post=5898"}],"curies":[{"name":"wp","href":"https:\/\/api.w.org\/{rel}","templated":true}]}}