{"id":5899,"date":"2020-11-04T18:26:20","date_gmt":"2020-11-04T15:26:20","guid":{"rendered":"http:\/\/mersinekonomipolitikagazetesi.com\/?p=5899"},"modified":"2020-11-04T18:26:20","modified_gmt":"2020-11-04T15:26:20","slug":"baskan-vahap-secer-tersaneyi-corba-kadar-onemsemedi-tasucu-cennetini-copluge-cevirecekler","status":"publish","type":"post","link":"https:\/\/mersinekonomipolitikagazetesi.com\/?p=5899","title":{"rendered":"Ba\u015fkan Vahap Se\u00e7er tersaneyi &#8216;\u00e7orba&#8217; kadar \u00f6nemsemedi! TA\u015eUCU CENNET\u0130N\u0130 \u00c7\u00d6PL\u00dc\u011eE \u00c7EV\u0130RECEKLER..!"},"content":{"rendered":"<p>Ta\u015fucu\u2019nda bulunan G\u00f6ksu Deltas\u0131\u2019na ciddi zararlar verecek ve b\u00f6lge turizmine b\u00fcy\u00fck darbe vurarak cennet gibi alan\u0131 katledecek, &#8216;Tersane&#8217; projesine tepkiler bitmiyor. Ba\u015fkan Se\u00e7er&#8217;in konuyu &#8216;\u00e7orba&#8217; kadar \u00f6nemsemedi\u011fi ele\u015ftirilerek sessizli\u011fi tepki konusu oldu. Y\u0131lmaz, &#8221;Zaman\u0131n\u0131z var, Mersin halk\u0131na varl\u0131\u011f\u0131n\u0131z\u0131 \u0131spatlay\u0131n..!&#8221; dedi.<\/p>\n<p>Ta\u015fucu&#8217;na y\u0131llard\u0131r yap\u0131lmas\u0131 planlanan, n\u00fckleer santralden sonra kentin gelece\u011fine, do\u011fal ya\u015fam alanlar\u0131na ve geli\u015fmesine ipotek koyaca\u011f\u0131 d\u00fc\u015f\u00fcn\u00fclen Tersane&#8217;ye, ge\u00e7ti\u011fimiz g\u00fcnlerde komisyonolumsuz karar bildirdi\u011fi halde belediye \u00a0meclisi kabul etmi\u015fti. Meclis oturumunu y\u00f6neten Mersin B\u00fcy\u00fck\u015fehir Belediye Ba\u015fkan\u0131 Vahap Se\u00e7er, sessiz kalarak tek bir kelime bile etmemi\u015fti. Se\u00e7er&#8217;in bu sessizli\u011fi kamuoyunda b\u00fcy\u00fck tepki toplayarak, vatanda\u015flar taraf\u0131ndan sert ele\u015ftirildi. Mersinli Mimar Abdullah Y\u0131lmaz, Ba\u015fkan Vahap Se\u00e7er&#8217;in Mersin halk\u0131n\u0131 h\u00fcsrana u\u011fratt\u0131\u011f\u0131n\u0131 belirtti.<br \/>\nY\u0131lmaz, &#8221;Ba\u015fkan Vahap Se\u00e7er, Tersane karar\u0131n\u0131 veto edebilir, hukuksal s\u00fcreci ba\u015flatabilirdi. Yapmad\u0131..! Mersin halk\u0131 ta\u015fucu tersanesi hakk\u0131nda her \u015feyin fark\u0131nda. Sizden beklentisi \u00e7ok b\u00fcy\u00fckt\u00fc, h\u00fcsrana u\u011frad\u0131lar.&#8221; dedi.<\/p>\n<p>&#8221;Yasalar\u0131 \u00d6n\u00fcn\u00fcze Al\u0131n \u0130yice Okuyun&#8221;\u00a0<\/p>\n<p>Mimar Abdullah Y\u0131lmaz, b\u00fcy\u00fck bir kentsel ve \u00e7evre sorunu getirerek, do\u011fal ya\u015fam alanlar\u0131n\u0131 katledecek olan tersane hakk\u0131nda yanl\u0131\u015f\u0131 d\u00fczeltmek i\u00e7in pek \u00e7ok yolun oldu\u011funun vurgusunu yapt\u0131. Y\u0131lmaz, &#8221;Eliniz kolunuz ba\u011fl\u0131 de\u011filse, B\u00fcy\u00fck\u015fehir Belediye yasas\u0131n\u0131 \u00f6n\u00fcn\u00fcze a\u00e7\u0131n. Yasadaki, meclis \u00fcyesi yetki, g\u00f6rev ve sorumluluklar\u0131 konusunu iyice okuyun. Ger\u00e7ekten pi\u015fmanl\u0131k duyuyor ve geceleri uyuyam\u0131yorsan\u0131z yanl\u0131\u015f\u0131 d\u00fczeltmek i\u00e7in zaman\u0131n\u0131z var. Mersin halk\u0131na kar\u015f\u0131 varsa e\u011fer varl\u0131\u011f\u0131n\u0131z\u0131 \u0131spatlay\u0131n.&#8221; diye konu\u015ftu.\u00a0<\/p>\n<p>&#8221;Mahkemelerimiz Katliama Dur Diyecektir&#8221;<\/p>\n<p>Mersin B\u00fcy\u00fck\u015fehir Belediye Ba\u015fkan\u0131 Vahap Se\u00e7er&#8217;in art\u0131k her toplant\u0131da \u00f6nceden kendisini tan\u0131tmas\u0131 gerekti\u011fini dile getiren Y\u0131lmaz, &#8221;Bizler, &#8216;bu kentin sahibi , B\u00fcy\u00fck\u015fehir Belediye Ba\u015fkan\u0131m\u0131z Vahap Se\u00e7er var&#8217; diye hayk\u0131rmak istiyoruz. Bizlere hissetiremedi. Ask\u0131 s\u00fcreci ba\u015flad\u0131\u011f\u0131nda, Mersin&#8217;in ger\u00e7ek sahiplerinin anayasal haklar\u0131n\u0131 kullan\u0131p hukuksal s\u00fcre\u00e7 ba\u015flad\u0131\u011f\u0131nda y\u00fcce mahkemelerimizin bu kentsel katliama dur diyece\u011fi inanc\u0131nday\u0131m.&#8221; diye konu\u015ftu.<\/p>\n","protected":false},"excerpt":{"rendered":"<p>Ta\u015fucu\u2019nda bulunan G\u00f6ksu Deltas\u0131\u2019na ciddi zararlar verecek ve b\u00f6lge turizmine b\u00fcy\u00fck darbe vurarak cennet gibi alan\u0131 katledecek, &#8216;Tersane&#8217; projesine tepkiler bitmiyor. Ba\u015fkan Se\u00e7er&#8217;in konuyu &#8216;\u00e7orba&#8217; kadar \u00f6nemsemedi\u011fi ele\u015ftirilerek sessizli\u011fi tepki &hellip; <a href=\"https:\/\/mersinekonomipolitikagazetesi.com\/?p=5899\" class=\"more-link\">Devam\u0131n\u0131 Oku&#8230;<\/a><\/p>\n","protected":false},"author":1,"featured_media":0,"comment_status":"open","ping_status":"open","sticky":false,"template":"","format":"standard","meta":[],"categories":[],"tags":[],"_links":{"self":[{"href":"https:\/\/mersinekonomipolitikagazetesi.com\/index.php?rest_route=\/wp\/v2\/posts\/5899"}],"collection":[{"href":"https:\/\/mersinekonomipolitikagazetesi.com\/index.php?rest_route=\/wp\/v2\/posts"}],"about":[{"href":"https:\/\/mersinekonomipolitikagazetesi.com\/index.php?rest_route=\/wp\/v2\/types\/post"}],"author":[{"embeddable":true,"href":"https:\/\/mersinekonomipolitikagazetesi.com\/index.php?rest_route=\/wp\/v2\/users\/1"}],"replies":[{"embeddable":true,"href":"https:\/\/mersinekonomipolitikagazetesi.com\/index.php?rest_route=%2Fwp%2Fv2%2Fcomments&post=5899"}],"version-history":[{"count":0,"href":"https:\/\/mersinekonomipolitikagazetesi.com\/index.php?rest_route=\/wp\/v2\/posts\/5899\/revisions"}],"wp:attachment":[{"href":"https:\/\/mersinekonomipolitikagazetesi.com\/index.php?rest_route=%2Fwp%2Fv2%2Fmedia&parent=5899"}],"wp:term":[{"taxonomy":"category","embeddable":true,"href":"https:\/\/mersinekonomipolitikagazetesi.com\/index.php?rest_route=%2Fwp%2Fv2%2Fcategories&post=5899"},{"taxonomy":"post_tag","embeddable":true,"href":"https:\/\/mersinekonomipolitikagazetesi.com\/index.php?rest_route=%2Fwp%2Fv2%2Ftags&post=5899"}],"curies":[{"name":"wp","href":"https:\/\/api.w.org\/{rel}","templated":true}]}}