{"id":5901,"date":"2020-11-04T18:26:20","date_gmt":"2020-11-04T15:26:20","guid":{"rendered":"http:\/\/mersinekonomipolitikagazetesi.com\/?p=5901"},"modified":"2020-11-04T18:26:20","modified_gmt":"2020-11-04T15:26:20","slug":"emekli-evi-uyeleri-haftada-uc-gun-yuruyus-yapiyor","status":"publish","type":"post","link":"https:\/\/mersinekonomipolitikagazetesi.com\/?p=5901","title":{"rendered":"Emekli Evi \u00fcyeleri haftada \u00fc\u00e7 g\u00fcn y\u00fcr\u00fcy\u00fc\u015f yap\u0131yor"},"content":{"rendered":"<p>Mersin B\u00fcy\u00fck\u015fehir Belediyesi \u0130kinci Bahar Emekli Evi \u00fcyeleri, haftan\u0131n \u00fc\u00e7 g\u00fcn\u00fc y\u00fcr\u00fcy\u00fc\u015f yap\u0131yor. \u00dcyeler, sa\u011fl\u0131kl\u0131 bir ya\u015fam i\u00e7in emekli beden e\u011fitimi \u00f6\u011fretmeni Bayram Y\u0131lmaz e\u015fli\u011finde y\u00fcr\u00fcy\u00fc\u015f\u00fcn ard\u0131ndan da egzersiz yap\u0131yor.<br \/>\n\u00a0<br \/>\nSosyal Hizmetler Dairesi Ba\u015fkanl\u0131\u011f\u0131 b\u00fcnyesinde hizmet veren \u0130kinci Bahar Emekli Evinde sosyal etkinliklerin yan\u0131 s\u0131ra spor aktiviteleri de yap\u0131l\u0131yor. Emekli Evine \u00fcye olan beden e\u011fitimi \u00f6\u011fretmeni Bayram Y\u0131lmaz e\u015fli\u011finde haftada 3 g\u00fcn y\u00fcr\u00fcy\u00fc\u015f yapmaya ba\u015flayan \u00fcyeler, k\u00fclt\u00fcr fizik hareketleriyle sporunu tamaml\u0131yor.\u00a0<br \/>\nEmekliler, \u0130kinci Bahar Emekli Evinden \u00f6zel bir otele kadar y\u00fcr\u00fcy\u00fc\u015f yapt\u0131. \u00dcyeler, y\u00fcr\u00fcy\u00fc\u015f\u00fc bitirdiklerinde Y\u0131lmaz\u2019\u0131n e\u015fli\u011finde kontroll\u00fc bir \u015fekilde yapt\u0131klar\u0131 kas gev\u015fetme, a\u00e7ma, germe hareketleriyle sporunu tamamlad\u0131. Emekliler art\u0131k pazartesi, \u00e7ar\u015famba ve cuma g\u00fcnleri y\u00fcr\u00fcy\u00fc\u015f ve k\u00fclt\u00fcr fizik hareketleri yapacak.\u00a0<\/p>\n<p>\u201c3 saatten fazla oturmak olduk\u00e7a zararl\u0131\u201d<br \/>\n\u00a0<br \/>\nEmekli beden e\u011fitimi \u00f6\u011fretmeni Bayram Y\u0131lmaz, \u201cEmekli Evine yakla\u015f\u0131k iki y\u0131ld\u0131r geliyorum. Bu iki y\u0131l i\u00e7erisinde bakt\u0131m ki biz ya\u015flardakiler \u00f6\u011flen saatinden ak\u015fam saat 18.00\u2019e kadar oturuyor. Bilimsel olarak da kan\u0131tlanm\u0131\u015f ki 3 saatten fazla oturmak insana olduk\u00e7a zararl\u0131. Bundan dolay\u0131 Emekli Evinin y\u00f6netimi ile birlikte ne yapabiliriz diye d\u00fc\u015f\u00fcnd\u00fck ve y\u00fcr\u00fcy\u00fc\u015fle ba\u015flayabiliriz dedik. B\u00fcy\u00fck\u015fehir Belediye Ba\u015fkan\u0131m\u0131zdan isteklerimiz olmu\u015ftu. Masa tenisi, badminton, stres toplar\u0131 gibi bunlar da geldi\u011finde ben inan\u0131yorum \u00fcyelerimiz \u00e7ok daha geni\u015f \u015fekilde kat\u0131lacak. \u0130nsanlar\u0131m\u0131z\u0131 hareket ettirece\u011fiz, ba\u015far\u0131ya ula\u015faca\u011f\u0131m\u0131za inan\u0131yorum\u201d dedi.\u00a0<br \/>\nY\u00fcr\u00fcy\u00fc\u015f yapman\u0131n \u00e7ok faydal\u0131 oldu\u011funu d\u00fc\u015f\u00fcnen Ali Acun ise \u201cB\u00f6yle bir etkinlik oldu\u011fu i\u00e7in ilgililere, bu i\u015fi organize edenlere te\u015fekk\u00fcr ederim. Ben sabah zaten y\u00fcr\u00fcy\u00fc\u015f yapm\u0131\u015ft\u0131m ama yine de y\u00fcr\u00fcy\u00fc\u015fe kat\u0131ld\u0131m. Bizim, belli ya\u015ftaki insanlar\u0131n en b\u00fcy\u00fck aktivitesi spor, y\u00fcr\u00fcmek\u201d diye konu\u015ftu.<\/p>\n<p>Palmiye k\u0131rm\u0131z\u0131 b\u00f6ce\u011fi ile ortak m\u00fccadele toplant\u0131s\u0131 d\u00fczenlenecek\u00a0<\/p>\n<p>Mersin B\u00fcy\u00fck\u015fehir Belediyesi, Mersin \u0130l Tar\u0131m ve Orman M\u00fcd\u00fcrl\u00fc\u011f\u00fc i\u015fbirli\u011fi ile kentin t\u00fcm payda\u015flar\u0131n\u0131n bir araya gelece\u011fi \u201cPalmiye K\u0131rm\u0131z\u0131 B\u00f6ce\u011fi Zararl\u0131s\u0131 ile E\u015f Zamanl\u0131 Ortak M\u00fccadele\u201d toplant\u0131s\u0131 d\u00fczenleyecek. Kentin ilgili t\u00fcm payda\u015flar\u0131n\u0131n bir araya gelece\u011fi toplant\u0131da, palmiye a\u011fa\u00e7lar\u0131na zarar veren palmiye k\u0131rm\u0131z\u0131 b\u00f6ce\u011fi ile etkin m\u00fccadele y\u00f6ntemleri konu\u015fulacak.<br \/>\nMersin B\u00fcy\u00fck\u015fehir Belediyesi Park ve Bah\u00e7eler Dairesi Ba\u015fkanl\u0131\u011f\u0131 ile Mersin \u0130l Tar\u0131m ve Orman M\u00fcd\u00fcrl\u00fc\u011f\u00fc koordinat\u00f6rl\u00fc\u011f\u00fcnde 20 \u015eubat 2020 Per\u015fembe g\u00fcn\u00fc saat 13.30\u2019da Kongre ve Sergi Saray\u0131nda ger\u00e7ekle\u015ftirilecek olan ve 100\u2019\u00fcn \u00fczerinde kat\u0131l\u0131mc\u0131n\u0131n yer alaca\u011f\u0131 toplant\u0131da, palmiye k\u0131rm\u0131z\u0131 b\u00f6ce\u011fi ile e\u015f zamanl\u0131 ve etkin m\u00fccadele program\u0131 haz\u0131rlanacak.\u00a0<br \/>\nB\u00fcy\u00fck\u015fehir Belediyesinden yap\u0131lan a\u00e7\u0131klamada, toplant\u0131ya, Mersin Valili\u011fi ba\u015fta olmak \u00fczere \u00fcniversite, kaymakaml\u0131k, il\u00e7e belediyeleri, il m\u00fcd\u00fcrl\u00fc\u011f\u00fc, vak\u0131f, oda ve dernek, zirai ila\u00e7 firmalar\u0131 temsilcilerinin yan\u0131 s\u0131ra Adana B\u00fcy\u00fck\u015fehir Belediyesi ve Adana\u2019dan ilgili birimlerin de davet edildi\u011fi belirtildi.\u00a0<\/p>\n<p>Uzmanlar taraf\u0131ndan seminer verilecek<br \/>\n\u00a0<br \/>\nPalmiye k\u0131rm\u0131z\u0131 b\u00f6ce\u011fi ile m\u00fccadelede b\u00fct\u00fcn payda\u015flar\u0131n desteklerini almak, uygun m\u00fccadele y\u00f6ntemleriyle \u00e7al\u0131\u015fmalar\u0131 ba\u015flatmak amac\u0131yla d\u00fczenlenen toplant\u0131da, e\u011fitim semineri ve mevcut durum de\u011ferlendirmesi yap\u0131lacak.\u00a0<br \/>\nToplant\u0131da, Adana B\u00fcy\u00fck\u015fehir Belediyesi Tar\u0131m ve Hayvanc\u0131l\u0131k Hizmetleri Daire Ba\u015fkan\u0131 Ziraat Y\u00fcksek M\u00fchendisi Hasan Deda B\u00fcy\u00fck\u00f6zt\u00fcrk ile Tar\u0131m ve Orman Bakanl\u0131\u011f\u0131 Adana Biyolojik M\u00fccadele Ara\u015ft\u0131rma Enstit\u00fcs\u00fc M\u00fcd\u00fcrl\u00fc\u011f\u00fc Palmiye K\u0131rm\u0131z\u0131 B\u00f6ce\u011fi M\u00fccadelesi Proje Koordinat\u00f6r\u00fc Dr. Okan \u00d6zg\u00fcr\u2019\u00fcn konu\u015fmac\u0131 olarak yer alaca\u011f\u0131 e\u011fitim semineri d\u00fczenlenecek.\u00a0<br \/>\nPalmiye k\u0131rm\u0131z\u0131 b\u00f6ce\u011fi ile e\u015f zamanl\u0131 ve etkin m\u00fccadele y\u00f6ntemleri ile di\u011fer payda\u015flar olan \u00c7evre ve \u015eehircilik \u0130l M\u00fcd\u00fcrl\u00fc\u011f\u00fc, il\u00e7e belediyeleri, il\u00e7e tar\u0131m m\u00fcd\u00fcrl\u00fcklerinin de deste\u011fiyle \u00f6n\u00fcm\u00fczdeki bir y\u0131ll\u0131k periyotta bu m\u00fccadeleyi ba\u015far\u0131yla tamamlamay\u0131 hedefleyen B\u00fcy\u00fck\u015fehir Belediyesinin, Mersin\u2019de yeti\u015fen palmiyeleri bu zararl\u0131lardan kurtarmay\u0131 ama\u00e7lad\u0131\u011f\u0131 bildirildi. \u00a0<\/p>\n","protected":false},"excerpt":{"rendered":"<p>Mersin B\u00fcy\u00fck\u015fehir Belediyesi \u0130kinci Bahar Emekli Evi \u00fcyeleri, haftan\u0131n \u00fc\u00e7 g\u00fcn\u00fc y\u00fcr\u00fcy\u00fc\u015f yap\u0131yor. \u00dcyeler, sa\u011fl\u0131kl\u0131 bir ya\u015fam i\u00e7in emekli beden e\u011fitimi \u00f6\u011fretmeni Bayram Y\u0131lmaz e\u015fli\u011finde y\u00fcr\u00fcy\u00fc\u015f\u00fcn ard\u0131ndan da egzersiz yap\u0131yor. &hellip; <a href=\"https:\/\/mersinekonomipolitikagazetesi.com\/?p=5901\" class=\"more-link\">Devam\u0131n\u0131 Oku&#8230;<\/a><\/p>\n","protected":false},"author":1,"featured_media":0,"comment_status":"open","ping_status":"open","sticky":false,"template":"","format":"standard","meta":[],"categories":[],"tags":[],"_links":{"self":[{"href":"https:\/\/mersinekonomipolitikagazetesi.com\/index.php?rest_route=\/wp\/v2\/posts\/5901"}],"collection":[{"href":"https:\/\/mersinekonomipolitikagazetesi.com\/index.php?rest_route=\/wp\/v2\/posts"}],"about":[{"href":"https:\/\/mersinekonomipolitikagazetesi.com\/index.php?rest_route=\/wp\/v2\/types\/post"}],"author":[{"embeddable":true,"href":"https:\/\/mersinekonomipolitikagazetesi.com\/index.php?rest_route=\/wp\/v2\/users\/1"}],"replies":[{"embeddable":true,"href":"https:\/\/mersinekonomipolitikagazetesi.com\/index.php?rest_route=%2Fwp%2Fv2%2Fcomments&post=5901"}],"version-history":[{"count":0,"href":"https:\/\/mersinekonomipolitikagazetesi.com\/index.php?rest_route=\/wp\/v2\/posts\/5901\/revisions"}],"wp:attachment":[{"href":"https:\/\/mersinekonomipolitikagazetesi.com\/index.php?rest_route=%2Fwp%2Fv2%2Fmedia&parent=5901"}],"wp:term":[{"taxonomy":"category","embeddable":true,"href":"https:\/\/mersinekonomipolitikagazetesi.com\/index.php?rest_route=%2Fwp%2Fv2%2Fcategories&post=5901"},{"taxonomy":"post_tag","embeddable":true,"href":"https:\/\/mersinekonomipolitikagazetesi.com\/index.php?rest_route=%2Fwp%2Fv2%2Ftags&post=5901"}],"curies":[{"name":"wp","href":"https:\/\/api.w.org\/{rel}","templated":true}]}}