{"id":5910,"date":"2020-11-04T18:26:21","date_gmt":"2020-11-04T15:26:21","guid":{"rendered":"http:\/\/mersinekonomipolitikagazetesi.com\/?p=5910"},"modified":"2020-11-04T18:26:21","modified_gmt":"2020-11-04T15:26:21","slug":"urdunlu-cocuga-tokat-atan-sahis-yaptigim-hareketten-dolayi-cok-pismanim","status":"publish","type":"post","link":"https:\/\/mersinekonomipolitikagazetesi.com\/?p=5910","title":{"rendered":"\u00dcrd\u00fcnl\u00fc \u00e7ocu\u011fa tokat atan \u015fah\u0131s: &#8220;Yapt\u0131\u011f\u0131m hareketten dolay\u0131 \u00e7ok pi\u015fman\u0131m&#8221;"},"content":{"rendered":"<p>Mersin&#8217;de bir sitede \u00e7ocuklar aras\u0131nda \u00e7\u0131kan tart\u0131\u015fma sonras\u0131 \u00dcrd\u00fcnl\u00fc 5 ya\u015f\u0131ndaki \u00e7ocu\u011fa tokat att\u0131\u011f\u0131 iddias\u0131yla yarg\u0131lanan san\u0131k, \u00fc\u00e7\u00fcnc\u00fc kez hakim kar\u015f\u0131s\u0131na \u00e7\u0131kt\u0131. Tutuklu yarg\u0131lan\u0131rken bir \u00f6nceki duru\u015fmada tahliye olan san\u0131k, &#8220;\u00c7ocu\u011fa yapt\u0131\u011f\u0131m hareketten dolay\u0131 \u00e7ok pi\u015fman\u0131m, di\u011fer su\u00e7lamalar\u0131 kabul etmiyorum&#8221; dedi.\u00a0<br \/>\n\u00a0 21. Asliye Ceza Mahkemesindeki davan\u0131n 3. duru\u015fmas\u0131na tutuksuz san\u0131k Nadir K., \u00dcrd\u00fcnl\u00fc aile, tan\u0131klar ve taraf avukatlar\u0131 kat\u0131ld\u0131. Duru\u015fmada tan\u0131klar dinlendi. San\u0131\u011f\u0131n tan\u0131klar\u0131, \u00e7ocu\u011fa tokat an\u0131n\u0131 g\u00f6rmediklerini ancak o olaydan sonra san\u0131\u011f\u0131n ba\u015fka bir \u015fey yapmad\u0131\u011f\u0131n\u0131 iddia ettiler.\u00a0\u00a0<br \/>\n\u00a0 Tokat at\u0131lan \u00e7ocu\u011fun ablas\u0131 Haneen Al Khaldi ise olay g\u00fcn\u00fc k\u0131z karde\u015fini a\u015fa\u011f\u0131 yollad\u0131\u011f\u0131n\u0131 belirterek, &#8220;Bende pencereden g\u00f6r\u00fcnt\u00fc \u00e7ekiyordum. Karde\u015fimle san\u0131\u011f\u0131n e\u015fi tart\u0131\u015f\u0131yordu. Bir s\u00fcre sonra san\u0131k gelerek hi\u00e7bir \u015fey anlamadan, dinlemeden karde\u015fime tokat att\u0131. Ard\u0131ndan k\u0131z karde\u015fimi iterek yere d\u00fc\u015f\u00fcrd\u00fc. Daha sonra bizim g\u00f6r\u00fcnt\u00fc \u00e7ekti\u011fimizi fark edince evi ta\u015flamaya ba\u015flad\u0131. Ta\u015f halen bizim elimizde ve \u00fcst\u00fcnde parmak izi var. Babama da vurdu. Bizi, &#8216;Sizi ya\u015fatmayaca\u011f\u0131m, burada bar\u0131nd\u0131rmayaca\u011f\u0131m&#8217; \u015feklinde tehdit etti&#8221; dedi.\u00a0<br \/>\n\u00a0<br \/>\n\u00a0 &#8220;\u00c7ocu\u011fa yapt\u0131\u011f\u0131m hareketten dolay\u0131 \u00e7ok pi\u015fman\u0131m&#8221;\u00a0<br \/>\n\u00a0 San\u0131k Nadir K. \u00e7ocu\u011fa yapt\u0131\u011f\u0131ndan dolay\u0131 \u00e7ok pi\u015fman oldu\u011funu s\u00f6yleyerek, &#8220;Hakk\u0131mdaki di\u011fer su\u00e7lamalar\u0131 kabul etmiyorum. \u00dcrd\u00fcnl\u00fc aile sitede s\u0131k\u0131nt\u0131l\u0131 bir aileydi. Sitede 5-6 aile \u015fah\u0131slardan \u015fikayet\u00e7i oldu. Ben o g\u00fcn \u00e7ocu\u011fumun kolunun k\u0131r\u0131k oldu\u011funu g\u00f6rd\u00fc\u011f\u00fcmde ne yapt\u0131\u011f\u0131m\u0131 bilemedim. Bir anda \u00e7ocu\u011fa tokat att\u0131m. Ancak ondan sonra bir \u015fey yapmad\u0131m. Videoda da g\u00f6r\u00fcld\u00fc\u011f\u00fc gibi ben \u00e7ocu\u011fun k\u0131z karde\u015fini olaylar b\u00fcy\u00fcmesin diye yukar\u0131 \u00e7\u0131ks\u0131n diye uyar\u0131yorum. \u00c7ocuktan dolay\u0131 \u00fczg\u00fcn\u00fcm ve pi\u015fman\u0131m. Beraat\u0131m\u0131 istiyorum&#8221; diye konu\u015ftu.\u00a0\u00a0<br \/>\n\u00a0 San\u0131k avukat\u0131 da \u00e7ocu\u011fa tokat d\u0131\u015f\u0131nda iddia edilen hi\u00e7bir su\u00e7lamay\u0131 kabul etmediklerini belirterek, karar\u0131n bu \u015fekilde verilmesini talep etti. M\u00fc\u015fteki avukat\u0131 ise ger\u00e7ekle\u015ftirilen su\u00e7lar\u0131n ortada oldu\u011funu kaydederek, iddianamedeki su\u00e7lardan san\u0131\u011f\u0131n cezaland\u0131r\u0131lmas\u0131n\u0131 istedi. Mahkeme heyeti, san\u0131k avukat\u0131n\u0131n ek s\u00fcre talebini kabul ederek duru\u015fmay\u0131 2 Mart tarihine erteledi.\u00a0\u00a0<br \/>\n\u00a0 Mersin&#8217;in merkez Mezitli il\u00e7esindeki bir sitenin bah\u00e7esinde oynayan \u00e7ocuklar aras\u0131nda tart\u0131\u015fma \u00e7\u0131km\u0131\u015f, tart\u0131\u015fma sonras\u0131 Nadir K. 5 ya\u015f\u0131ndaki Suriye uyruklu \u00dcrd\u00fcn vatanda\u015f\u0131 A.K.&#8217;yi tokatlayarak yere devirmi\u015fti. Sosyal medyada yer alan olaya ili\u015fkin g\u00f6r\u00fcnt\u00fcler ise b\u00fcy\u00fck tepki \u00e7ekmi\u015fti. G\u00f6r\u00fcnt\u00fclerin ortaya \u00e7\u0131kmas\u0131n\u0131n ard\u0131ndan g\u00f6zalt\u0131na al\u0131nan zanl\u0131 hakk\u0131nda \u00f6nce ev hapsi karar\u0131 verilmi\u015f, ard\u0131ndan Mersin Cumhuriyet Ba\u015fsavc\u0131l\u0131\u011f\u0131n\u0131n itiraz\u0131 \u00fczerine tutuklanm\u0131\u015ft\u0131. 40 g\u00fcn cezaevinde kalan Nadir K., 2. duru\u015fmada tutuksuz yarg\u0131lanmak \u00fczere tahliye edilmi\u015fti.\u00a0<\/p>\n","protected":false},"excerpt":{"rendered":"<p>Mersin&#8217;de bir sitede \u00e7ocuklar aras\u0131nda \u00e7\u0131kan tart\u0131\u015fma sonras\u0131 \u00dcrd\u00fcnl\u00fc 5 ya\u015f\u0131ndaki \u00e7ocu\u011fa tokat att\u0131\u011f\u0131 iddias\u0131yla yarg\u0131lanan san\u0131k, \u00fc\u00e7\u00fcnc\u00fc kez hakim kar\u015f\u0131s\u0131na \u00e7\u0131kt\u0131. Tutuklu yarg\u0131lan\u0131rken bir \u00f6nceki duru\u015fmada tahliye olan san\u0131k, &hellip; <a href=\"https:\/\/mersinekonomipolitikagazetesi.com\/?p=5910\" class=\"more-link\">Devam\u0131n\u0131 Oku&#8230;<\/a><\/p>\n","protected":false},"author":1,"featured_media":0,"comment_status":"open","ping_status":"open","sticky":false,"template":"","format":"standard","meta":[],"categories":[],"tags":[],"_links":{"self":[{"href":"https:\/\/mersinekonomipolitikagazetesi.com\/index.php?rest_route=\/wp\/v2\/posts\/5910"}],"collection":[{"href":"https:\/\/mersinekonomipolitikagazetesi.com\/index.php?rest_route=\/wp\/v2\/posts"}],"about":[{"href":"https:\/\/mersinekonomipolitikagazetesi.com\/index.php?rest_route=\/wp\/v2\/types\/post"}],"author":[{"embeddable":true,"href":"https:\/\/mersinekonomipolitikagazetesi.com\/index.php?rest_route=\/wp\/v2\/users\/1"}],"replies":[{"embeddable":true,"href":"https:\/\/mersinekonomipolitikagazetesi.com\/index.php?rest_route=%2Fwp%2Fv2%2Fcomments&post=5910"}],"version-history":[{"count":0,"href":"https:\/\/mersinekonomipolitikagazetesi.com\/index.php?rest_route=\/wp\/v2\/posts\/5910\/revisions"}],"wp:attachment":[{"href":"https:\/\/mersinekonomipolitikagazetesi.com\/index.php?rest_route=%2Fwp%2Fv2%2Fmedia&parent=5910"}],"wp:term":[{"taxonomy":"category","embeddable":true,"href":"https:\/\/mersinekonomipolitikagazetesi.com\/index.php?rest_route=%2Fwp%2Fv2%2Fcategories&post=5910"},{"taxonomy":"post_tag","embeddable":true,"href":"https:\/\/mersinekonomipolitikagazetesi.com\/index.php?rest_route=%2Fwp%2Fv2%2Ftags&post=5910"}],"curies":[{"name":"wp","href":"https:\/\/api.w.org\/{rel}","templated":true}]}}