{"id":5916,"date":"2020-11-04T18:26:21","date_gmt":"2020-11-04T15:26:21","guid":{"rendered":"http:\/\/mersinekonomipolitikagazetesi.com\/?p=5916"},"modified":"2020-11-04T18:26:21","modified_gmt":"2020-11-04T15:26:21","slug":"mersin-uluslararasi-muzik-festivali-1-nisanda-basliyor","status":"publish","type":"post","link":"https:\/\/mersinekonomipolitikagazetesi.com\/?p=5916","title":{"rendered":"Mersin Uluslararas\u0131 M\u00fczik Festivali  1 Nisan&#8217;da ba\u015fl\u0131yor"},"content":{"rendered":"<p>\u00a0<\/p>\n<p>\nM\u00fczik Festivali, Bulgaristan, Almanya, Hollanda, Avusturya, Amerika, S\u0131rbistan, \u0130talya, \u00c7in, KKTC, Yunanistan ve T\u00fcrkiye\u2019den farkl\u0131 m\u00fczik t\u00fcrlerinden sanat\u00e7\u0131lar\u0131 Mersin\u2019de sanatseverlerle bulu\u015fturacak.<\/p>\n<p>\u00a0<\/p>\n<p>Mersin\u2019de y\u0131llard\u0131r devam ettirilerek \u015fehre yak\u0131\u015f\u0131r etkinliklerle g\u00fcndeme gelen Mersin Uluslararas\u0131 M\u00fczik Festivali\u2019nin 19\u2019uncusu 1 Nisan\u2019da ba\u015fl\u0131yor. 18 g\u00fcn boyunca sanatseverleri m\u00fczikle bulu\u015fturacak etkinlik i\u00e7in D\u00f6nem Ba\u015fkan\u0131 Selma Ya\u011fc\u0131, \u201cFestivalde sadece klasik m\u00fczik de\u011fil \u00e7ok sesli ve her kesime uygun m\u00fczisyenler tercih ettik.\u201d dedi.<\/p>\n<p>D\u00f6nem ba\u015fkanl\u0131\u011f\u0131n\u0131 Selma Ya\u011fc\u0131, sanat y\u00f6netmenli\u011fini Erdo\u011fan \u015eanal, sanat dan\u0131\u015fma kurulu \u00fcyeliklerini ise Prof. Rengim G\u00f6kmen, Prof. Dr. Cihat A\u015fk\u0131n, \u0130brahim Yaz\u0131c\u0131 ve Remzi Buharal\u0131\u2019n\u0131n yapt\u0131\u011f\u0131 festivalin tan\u0131t\u0131m toplant\u0131s\u0131, Mersin Sanat Etkinlikleri Derne\u011fi\u2019de yap\u0131ld\u0131. D\u00fcnyan\u0131n ezgilerini Mersin\u2019de bir araya getirecek olan festivalde, Bosnal\u0131 efsanevi besteci, gitarist ve \u015fark\u0131c\u0131 Goran Bregovi\u00e7 ile klarnet virt\u00fc\u00f6z\u00fc H\u00fcsn\u00fc \u015eenlendirici ve Ezginin G\u00fcnl\u00fc\u011f\u00fc de sahne alacak. Mersin Valili\u011fi, Mersin B\u00fcy\u00fck\u015fehir Belediyesi, il\u00e7e belediyeler ve odalar\u0131n destekleriyle ger\u00e7ekle\u015ftirilen 19. Mersin Uluslararas\u0131 M\u00fczik Festivali, Bulgaristan, Almanya, Hollanda, Avusturya, Amerika, S\u0131rbistan, \u0130talya, \u00c7in, KKTC, Yunanistan ve T\u00fcrkiye\u2019den farkl\u0131 m\u00fczik t\u00fcrlerinden sanat\u00e7\u0131lar\u0131 Mersin\u2019de sanatseverlerle bulu\u015fturacak.<\/p>\n<p>\u00a0<\/p>\n<p>\u201cHerkesin be\u011fenece\u011fi \u00e7ok g\u00fczel bir program haz\u0131rlad\u0131k\u201d<\/p>\n<p>\u00a0<\/p>\n<p>Mersin Uluslararas\u0131 M\u00fczik Festivali D\u00f6nem Ba\u015fkan\u0131 Selma Ya\u011fc\u0131, Mersin ve T\u00fcrkiye i\u00e7in\u00a0 bu t\u00fcr etkinliklerin\u00a0 gerekli oldu\u011funu ve\u00a0 bu sebeple festivali d\u00fczenlemeye devam ettiklerini vurgulad\u0131. K\u00fclt\u00fcr ve sanat\u0131n \u00f6nemine de\u011finen Ya\u011fc\u0131, Mersin\u2019de art\u0131k bunun benimsendi\u011fini ve festivale desteklerin artt\u0131\u011f\u0131n\u0131 belirtti.<\/p>\n<p>Ya\u011fc\u0131, \u201cBu y\u0131l festivalimizin 19\u2019uncusunu yap\u0131yoruz. Yo\u011fun bir \u00e7al\u0131\u015fman\u0131n ard\u0131ndan herkesin be\u011fenece\u011fi \u00e7ok g\u00fczel bir program haz\u0131rlad\u0131k. D\u00fcnyan\u0131n pek \u00e7ok yerinden farkl\u0131 t\u00fcrde m\u00fczik yapan sayg\u0131n m\u00fczik topluluklar\u0131 ve sanat\u00e7\u0131lar\u0131 bu y\u0131l da sizlerle bulu\u015fturaca\u011f\u0131z\u201d dedi.<\/p>\n<p>\u00a0<\/p>\n<p>\u201c10 \u00fclkeden sanat\u00e7\u0131 ve m\u00fczik gruplar\u0131n\u0131 a\u011f\u0131rlayaca\u011f\u0131z\u201d<\/p>\n<p>\u00a0<\/p>\n<p>Festival program\u0131n\u0131 ise sanat y\u00f6netmeni Erdo\u011fan \u015eanal a\u00e7\u0131klad\u0131. \u015eanal, Mersin ve Tarsus\u2019ta bir \u00e7ok konser salonu ile tarihi mekanlarda ger\u00e7ekle\u015ftirilecek konserler \u00e7er\u00e7evesinde, bu y\u0131l 10 \u00fclkeden sanat\u00e7\u0131 ve m\u00fczik gruplar\u0131n\u0131 a\u011f\u0131rlayacaklar\u0131n\u0131 belirtti. Konserleri 9 farkl\u0131 etkinlik mekan\u0131nda d\u00fczenleyecekleri bilgisini veren \u015eanal, b\u00f6ylece daha geni\u015f kitlelere ula\u015facaklar\u0131n\u0131 dile getirdi. Programda 14 etkinlik olaca\u011f\u0131n\u0131 kaydeden \u015eanal, \u201cBu etkinliklerin 6\u2019s\u0131 halka a\u00e7\u0131k ve \u00fccretsiz, 8\u2019i ise biletli yap\u0131lacak. Bu y\u0131l da d\u00fcnyadan ve T\u00fcrkiye\u2019den \u00fcnl\u00fc sanat\u00e7\u0131lar\u0131 ve gruplar\u0131 sanatseverlerle bulu\u015fturaca\u011f\u0131z\u201d ifadelerini kulland\u0131.<\/p>\n<p>\u00a0<\/p>\n<p>A\u00e7\u0131l\u0131\u015f konseri 1 Nisan\u2019da<\/p>\n<p>\u00a0<\/p>\n<p>19. Mersin Uluslararas\u0131 M\u00fczik Festivalinin a\u00e7\u0131l\u0131\u015f konserini, 1 Nisan\u2019da Michael Balke y\u00f6netiminde d\u00fcnya operas\u0131n\u0131n Bulgar y\u0131ld\u0131z\u0131 soprano Alex Penda, Mersin K\u00fclt\u00fcr Merkezi\u2019nde verecek. Festival kapsam\u0131nda\u00a0 Hollanda\u2019n\u0131n e\u015fsiz Akapella korosu Wishful Singing ise 5 Nisan\u2019da Mersin Latin Katolik Kilise\u2019sinde bu kez Mersinli sanatseverlerle bulu\u015facak.<\/p>\n<p>\u00a0<\/p>\n<p>Beethoven 250. do\u011fum y\u0131l\u0131nda Mersin\u2019de an\u0131lacak<\/p>\n<p>\u00a0<\/p>\n<p>Avusturya\u2019n\u0131n m\u00fczik topluluklar\u0131ndan Stratos Trio, Beethoven\u2019in 250. do\u011fum y\u0131l\u0131nda bestecinin eserlerini, 7 Nisan\u2019da Mersin \u00dcniversitesi Yeni\u015fehir Kamp\u00fcs\u00fc Nevit Kodall\u0131 Salonu\u2019nda seslendirecek.<\/p>\n<p>\u00a0<\/p>\n<p>Buray ve Ezginin G\u00fcnl\u00fc\u011f\u00fc\u2019de Festivalde<\/p>\n<p>\u00a0<\/p>\n<p>Di\u011fer g\u00fcnlerde ise program \u015fu \u015fekilde devam edecek. Goran Bregovi\u00e7 Bosnal\u0131 efsanevi besteci, gitarist ve \u015fark\u0131c\u0131 Goran Bregovi\u00e7 de 10 Nisan\u2019da Mersin konser verecek. Film m\u00fczikleri ve konserleriyle d\u00fcnyaca \u00fcnl\u00fc Goran Bregovi\u00e7, Yeni\u015fehir Atat\u00fcrk K\u00fclt\u00fcr Merkezinde sanatseverlerle bulu\u015facak. KKTC\u2019li gen\u00e7 pop y\u0131ld\u0131z\u0131 Buray ve Ezginin G\u00fcnl\u00fc\u011f\u00fc m\u00fczik grubu ve Latin caz m\u00fczi\u011finin Amerikal\u0131 ustalar\u0131 Buyepongo ise Mersinlilerle \u00fccretsiz konserlerde bulu\u015facak.<\/p>\n<p>\u00a0<\/p>\n<p>Mersin\u2019de \u00f6d\u00fcller da\u011f\u0131t\u0131lacak<\/p>\n<p>\u00a0<\/p>\n<p>Festivalde ayr\u0131ca, \u0130talyan gitar d\u00f6rtl\u00fcs\u00fc 40 Fingers, Mersinli gen\u00e7 keman sanat\u00e7\u0131s\u0131 Hasan G\u00f6k\u00e7e Yorgun da yer alacak. H\u00fcsn\u00fc \u015eenlendirici Mersinlilerle bulu\u015facak Klarnet virt\u00fc\u00f6z\u00fc H\u00fcsn\u00fc \u015eenlendirici de \u015fef B\u00fclent Y\u00fcksel y\u00f6netiminde Deniz Kuvvetleri Komutanl\u0131\u011f\u0131 Deniz Y\u0131ld\u0131zlar\u0131 Caz Orkestras\u0131n\u0131n e\u015flik edece\u011fi konserle 17 Nisan\u2019da K\u00fclt\u00fcr Merkezinde konser verecek. 21. Nevit Kodall\u0131 Polifonik Korolar \u015eenli\u011fine de ev sahipli\u011fi yapacak olan festival, Festival Sanat \u00d6d\u00fcl\u00fc, Festival Kent \u00d6d\u00fcl\u00fc ve Nevit Kodall\u0131 Gen\u00e7 Yetenek \u00d6d\u00fcl\u00fc olmak \u00fczere \u00fc\u00e7 dalda \u00f6d\u00fcller de da\u011f\u0131tacak.<\/p>\n","protected":false},"excerpt":{"rendered":"<p>\u00a0 M\u00fczik Festivali, Bulgaristan, Almanya, Hollanda, Avusturya, Amerika, S\u0131rbistan, \u0130talya, \u00c7in, KKTC, Yunanistan ve T\u00fcrkiye\u2019den farkl\u0131 m\u00fczik t\u00fcrlerinden sanat\u00e7\u0131lar\u0131 Mersin\u2019de sanatseverlerle bulu\u015fturacak. \u00a0 Mersin\u2019de y\u0131llard\u0131r devam ettirilerek \u015fehre yak\u0131\u015f\u0131r etkinliklerle &hellip; <a href=\"https:\/\/mersinekonomipolitikagazetesi.com\/?p=5916\" class=\"more-link\">Devam\u0131n\u0131 Oku&#8230;<\/a><\/p>\n","protected":false},"author":1,"featured_media":0,"comment_status":"open","ping_status":"open","sticky":false,"template":"","format":"standard","meta":[],"categories":[],"tags":[],"_links":{"self":[{"href":"https:\/\/mersinekonomipolitikagazetesi.com\/index.php?rest_route=\/wp\/v2\/posts\/5916"}],"collection":[{"href":"https:\/\/mersinekonomipolitikagazetesi.com\/index.php?rest_route=\/wp\/v2\/posts"}],"about":[{"href":"https:\/\/mersinekonomipolitikagazetesi.com\/index.php?rest_route=\/wp\/v2\/types\/post"}],"author":[{"embeddable":true,"href":"https:\/\/mersinekonomipolitikagazetesi.com\/index.php?rest_route=\/wp\/v2\/users\/1"}],"replies":[{"embeddable":true,"href":"https:\/\/mersinekonomipolitikagazetesi.com\/index.php?rest_route=%2Fwp%2Fv2%2Fcomments&post=5916"}],"version-history":[{"count":0,"href":"https:\/\/mersinekonomipolitikagazetesi.com\/index.php?rest_route=\/wp\/v2\/posts\/5916\/revisions"}],"wp:attachment":[{"href":"https:\/\/mersinekonomipolitikagazetesi.com\/index.php?rest_route=%2Fwp%2Fv2%2Fmedia&parent=5916"}],"wp:term":[{"taxonomy":"category","embeddable":true,"href":"https:\/\/mersinekonomipolitikagazetesi.com\/index.php?rest_route=%2Fwp%2Fv2%2Fcategories&post=5916"},{"taxonomy":"post_tag","embeddable":true,"href":"https:\/\/mersinekonomipolitikagazetesi.com\/index.php?rest_route=%2Fwp%2Fv2%2Ftags&post=5916"}],"curies":[{"name":"wp","href":"https:\/\/api.w.org\/{rel}","templated":true}]}}