{"id":5918,"date":"2020-11-04T18:26:21","date_gmt":"2020-11-04T15:26:21","guid":{"rendered":"http:\/\/mersinekonomipolitikagazetesi.com\/?p=5918"},"modified":"2020-11-04T18:26:21","modified_gmt":"2020-11-04T15:26:21","slug":"ilac-ucretleri-vatandasi-zorluyor","status":"publish","type":"post","link":"https:\/\/mersinekonomipolitikagazetesi.com\/?p=5918","title":{"rendered":"\u0130LA\u00c7 \u00dcCRETLER\u0130 VATANDA\u015eI ZORLUYOR..!"},"content":{"rendered":"<p>\u00a0<\/p>\n<p>\u00a0<\/p>\n<p>Emekli maa\u015f\u0131 ve asgari \u00fccretle ge\u00e7inmeye \u00e7al\u0131\u015fan vatanda\u015flar kullanmakta zorunlu oldu\u011fu ila\u00e7lar i\u00e7in \u00f6deme yapmakta zorlan\u0131yor. \u0130la\u00e7 fiyatlar\u0131n\u0131n y\u00fcksek olmas\u0131 vatanda\u015f\u0131n belini b\u00fck\u00fcyor.\u00a0<\/p>\n<p>\u00a0<\/p>\n<p>Yeni y\u0131lda \u00e7al\u0131\u015fanlara yap\u0131lan asgari \u00fccret zamm\u0131 sonras\u0131nda ila\u00e7 firmalar\u0131n\u0131n gerek d\u00f6viz fark\u0131, gerekse kazan\u00e7 elde etme g\u00fcd\u00fcs\u00fcyle devletten zam beklentileri oldu\u011fu iddias\u0131 g\u00fcndemdeki yerini koruyor. Vatanda\u015flar ise almak zorunda olduklar\u0131 ila\u00e7lar\u0131 eczanelerde bulamad\u0131klar\u0131 gibi, ila\u00e7lar\u0131 temin etmekte ekonomik olarak zorland\u0131klar\u0131n\u0131 belirtti. Y\u0131llarca \u00e7al\u0131\u015farak emeklilik kazanm\u0131\u015f vatanda\u015flara, katk\u0131 pay\u0131 ve kesinti uygulamas\u0131ndan sonra yans\u0131yan \u00fccretler de b\u00fcy\u00fck tepki g\u00f6r\u00fcyor.<\/p>\n<p>\n\u201c\u0130la\u00e7 fiyatlar\u0131 y\u00fcksek bel b\u00fck\u00fcyor..!\u201d<\/p>\n<p>\u00a0<\/p>\n<p>Hastaneye giderek re\u00e7ete ile ila\u00e7 alan bir emekli vatanda\u015f s\u00fcrekli olarak kullanmak zorunda oldu\u011fu raporlu ila\u00e7lar\u0131n\u0131 \u00f6rnek vererek, \u201cHer ay hemen hemen muayene olarak ila\u00e7lar\u0131m\u0131 temin etmeye \u00e7al\u0131\u015f\u0131yorum. Y\u0131llarca \u00e7al\u0131\u015farak \u00fclkeme hizmet etmeye gayret g\u00f6sterdim. Tansiyon hastas\u0131y\u0131m evin giderlerini kar\u015f\u0131lamaya \u00e7al\u0131\u015f\u0131rken emeklilik maa\u015f\u0131m\u0131n yetti\u011fi kadar\u0131yla al\u0131\u015f veri\u015f yap\u0131yorum. Fakat ila\u00e7 pahal\u0131l\u0131\u011f\u0131 belimizi b\u00fck\u00fcyor. Devletin tamam\u0131n\u0131 kar\u015f\u0131lamas\u0131 gerekti\u011fi ila\u00e7lar\u0131 para vererek al\u0131yoruz ve b\u00fct\u00e7emiz sars\u0131l\u0131yor. Raporlu tansiyon hastas\u0131y\u0131m re\u00e7etemde, \u201810 kutu ila\u00e7, 3,62 TL ayl\u0131ktan katilim pay\u0131 ve 42,59 TL elden fiyat fark\u0131 vard\u0131r\u2019 \u015feklinde yaz\u0131yor. Bunu devletin kar\u015f\u0131lamas\u0131 gerekirdi.\u201d diyerek ila\u00e7 fiyatlar\u0131na tepki g\u00f6sterdi.<\/p>\n<p>\u00a0<\/p>\n<p>\u201c\u0130lac\u0131m\u0131 almazsam \u00f6l\u00fcr\u00fcm\u201d<\/p>\n<p>\u00a0<\/p>\n<p>\u0130la\u00e7lar\u0131n\u0131 kullanmak zorunda oldu\u011funu belirten vatanda\u015flar fiyatlardan dolay\u0131 geciktirerek al\u0131m yapt\u0131klar\u0131n\u0131, yada borca ila\u00e7 ald\u0131klar\u0131n\u0131 belirttiler. D\u00fczenli olarak ila\u00e7 kullanmas\u0131 gerekti\u011fini vurgulayan vatanda\u015f ise, \u201cRe\u00e7etemizde yazd\u0131\u011f\u0131 halde bu kadar fiyatlar \u00f6d\u00fcyoruz. Hem maa\u015f\u0131m\u0131zdan hem de cebimizden s\u00fcrekli pay \u00f6d\u00fcyoruz. Sigortam\u0131z ve emeklilik bir \u015fey ifade etmiyor. \u0130la\u00e7lar\u0131 temin edemezsem rahats\u0131zl\u0131\u011f\u0131m \u015fiddetlenir. \u0130la\u00e7lar\u0131m\u0131 alamazsam \u00f6l\u00fcr\u00fcm. Ekonominin durumu ortada devlet d\u00fczenleme yaparak bizlere uygun \u015fartlar g\u00f6zetmeli.\u201d diye konu\u015ftu.<\/p>\n<p>\u00a0<\/p>\n<p>\u201cBulamad\u0131\u011f\u0131m\u0131z ila\u00e7lar var\u201d<\/p>\n<p>\u00a0<\/p>\n<p>\u0130la\u00e7 firmalar\u0131n\u0131n h\u00fck\u00fcmeti zam yapt\u0131r\u0131m\u0131na zorlad\u0131\u011f\u0131na y\u00f6nelik iddialar hakk\u0131nda g\u00f6r\u00fc\u015f belirter vatanda\u015flar, \u201c\u0130la\u00e7lar\u0131m\u0131z\u0131 eczanelerde bazen bulamad\u0131\u011f\u0131m\u0131z oluyor. Bunun depolarda olmad\u0131\u011f\u0131 s\u00f6ylenerek e\u015fde\u011fer ila\u00e7 ile de\u011fi\u015ftirmek ister misiniz? diye soruluyor. Kendi ila\u00e7lar\u0131m\u0131z d\u0131\u015f\u0131nda ila\u00e7lara y\u00f6nlendiriliyoruz ve yine fiyat fark\u0131 art\u0131yor.\u201d \u015feklinde\u00a0 ifade ettiler.<\/p>\n","protected":false},"excerpt":{"rendered":"<p>\u00a0 \u00a0 Emekli maa\u015f\u0131 ve asgari \u00fccretle ge\u00e7inmeye \u00e7al\u0131\u015fan vatanda\u015flar kullanmakta zorunlu oldu\u011fu ila\u00e7lar i\u00e7in \u00f6deme yapmakta zorlan\u0131yor. \u0130la\u00e7 fiyatlar\u0131n\u0131n y\u00fcksek olmas\u0131 vatanda\u015f\u0131n belini b\u00fck\u00fcyor.\u00a0 \u00a0 Yeni y\u0131lda \u00e7al\u0131\u015fanlara yap\u0131lan &hellip; <a href=\"https:\/\/mersinekonomipolitikagazetesi.com\/?p=5918\" class=\"more-link\">Devam\u0131n\u0131 Oku&#8230;<\/a><\/p>\n","protected":false},"author":1,"featured_media":0,"comment_status":"open","ping_status":"open","sticky":false,"template":"","format":"standard","meta":[],"categories":[],"tags":[],"_links":{"self":[{"href":"https:\/\/mersinekonomipolitikagazetesi.com\/index.php?rest_route=\/wp\/v2\/posts\/5918"}],"collection":[{"href":"https:\/\/mersinekonomipolitikagazetesi.com\/index.php?rest_route=\/wp\/v2\/posts"}],"about":[{"href":"https:\/\/mersinekonomipolitikagazetesi.com\/index.php?rest_route=\/wp\/v2\/types\/post"}],"author":[{"embeddable":true,"href":"https:\/\/mersinekonomipolitikagazetesi.com\/index.php?rest_route=\/wp\/v2\/users\/1"}],"replies":[{"embeddable":true,"href":"https:\/\/mersinekonomipolitikagazetesi.com\/index.php?rest_route=%2Fwp%2Fv2%2Fcomments&post=5918"}],"version-history":[{"count":0,"href":"https:\/\/mersinekonomipolitikagazetesi.com\/index.php?rest_route=\/wp\/v2\/posts\/5918\/revisions"}],"wp:attachment":[{"href":"https:\/\/mersinekonomipolitikagazetesi.com\/index.php?rest_route=%2Fwp%2Fv2%2Fmedia&parent=5918"}],"wp:term":[{"taxonomy":"category","embeddable":true,"href":"https:\/\/mersinekonomipolitikagazetesi.com\/index.php?rest_route=%2Fwp%2Fv2%2Fcategories&post=5918"},{"taxonomy":"post_tag","embeddable":true,"href":"https:\/\/mersinekonomipolitikagazetesi.com\/index.php?rest_route=%2Fwp%2Fv2%2Ftags&post=5918"}],"curies":[{"name":"wp","href":"https:\/\/api.w.org\/{rel}","templated":true}]}}