{"id":5920,"date":"2020-11-04T18:26:21","date_gmt":"2020-11-04T15:26:21","guid":{"rendered":"http:\/\/mersinekonomipolitikagazetesi.com\/?p=5920"},"modified":"2020-11-04T18:26:21","modified_gmt":"2020-11-04T15:26:21","slug":"yillardir-fosseptik-cukurlarina-mahkum-birakildilar-gozneliler-meski-bizi-hep-kandirdi","status":"publish","type":"post","link":"https:\/\/mersinekonomipolitikagazetesi.com\/?p=5920","title":{"rendered":"YILLARDIR FOSSEPT\u0130K \u00c7UKURLARINA MAHKUM BIRAKILDILAR!   G\u00d6ZNEL\u0130LER: \u201cMESK\u0130 B\u0130Z\u0130 HEP KANDIRDI..!\u201d"},"content":{"rendered":"<div><span style=\"font-size: 12px;\">G\u00f6zne sakinleri, \u201cY\u0131llard\u0131r ba\u015fvuruda bulunuyoruz. Y\u0131llard\u0131r \u2019proje a\u015famas\u0131nday\u0131z. Yak\u0131nda kanalizasyon sorununuzu \u00e7\u00f6zece\u011fiz\u2019 dediler. Bizi oyalad\u0131lar, kand\u0131rd\u0131lar. G\u00f6zne\u2019de ayd\u0131n insanlar ya\u015fad\u0131\u011f\u0131 i\u00e7in sorunumuz \u00e7\u00f6z\u00fclmedi. Ayvagedi\u011fi ve So\u011fucak\u2019ta bu sorunlar \u00e7\u00f6z\u00fcl\u00fcrken bizler halen sokaklarlara caddelere ta\u015fan foseptik \u00e7ukurlar\u0131na mahkum halde ya\u015f\u0131yoruz.\u00a0 MESK\u0130 t\u00fcm talep ve \u00e7abalar\u0131m\u0131za ra\u011fmen kar\u015f\u0131l\u0131\u011f\u0131nda hi\u00e7 bir \u00e7al\u0131\u015fma yapmad\u0131!\u201d<\/span><\/div>\n<div>\u00a0<\/div>\n<div><span style=\"font-size: 12px;\">MESK\u0130\u2019nin son olarak Ta\u015fucu mahallesi kanalizasyon alt yap\u0131 sorununun \u00e7\u00f6z\u00fclece\u011finin belirtilmesi \u00fczerine Mersin\u2019in en eski yerle\u015fkesi olan G\u00f6zne\u2019deki sakinler, \u201cBizlerin kanalizasyon alt yap\u0131 sorunu ne zaman \u00e7\u00f6z\u00fclecek?\u201d diyerek MESK\u0130\u2019den y\u0131llard\u0131r \u00e7\u00f6z\u00fcm beklediklerini halen foseptik \u00e7ukuruna mahkum olduklar\u0131n\u0131 s\u00f6yledi.<\/span><\/div>\n<div>\u00a0<\/div>\n<div>\u00a0<\/div>\n<div><span style=\"font-size: 12px;\">Mersin B\u00fcy\u00fck\u015fehir Belediyesi Mersin Su ve Kanalizasyon \u0130daresi (MESK\u0130) Genel M\u00fcd\u00fcrl\u00fc\u011f\u00fc\u2019n\u00fcn, Mersin genelindeki b\u00fct\u00fcn il\u00e7e ve mahallelerde ba\u015flatt\u0131\u011f\u0131 altyap\u0131 seferberli\u011fi kapsam\u0131nda, Silifke\u2019nin Ta\u015fucu Mahallesi\u2019nin kanalizasyon altyap\u0131 sorunu \u00e7\u00f6z\u00fclmeyi hedefleniyor. Ta\u015fucu Mahallesi Muhtar\u0131 Adnan Uysal ve mahalle sakinlerinin kat\u0131l\u0131m\u0131 ile d\u00fczenlenen bilgilendirme toplant\u0131s\u0131nda, MESK\u0130 Genel M\u00fcd\u00fcr Yard\u0131mc\u0131s\u0131 \u0130rfan Korkmaz taraf\u0131ndan, Ta\u015fucu Mahallesi\u2019nde ikamet eden vatanda\u015flara MESK\u0130 Genel M\u00fcd\u00fcrl\u00fc\u011f\u00fc\u2019n\u00fcn yapaca\u011f\u0131 yat\u0131r\u0131mlar anlat\u0131ld\u0131.<\/span><\/div>\n<div>\u00a0<\/div>\n<div><span style=\"font-size: 12px;\">\u00a0<\/span><\/div>\n<div>\u00a0<\/div>\n<div><span style=\"font-size: 12px;\">Ta\u015fucu mahallesinde ger\u00e7ekle\u015ftirilen bilgilendirme toplant\u0131s\u0131n\u0131n ard\u0131ndan G\u00f6zneliler, \u201cBizler y\u0131llard\u0131r kanalizasyon sorunuyla kar\u015f\u0131 kar\u015f\u0131yay\u0131z. MESK\u0130\u2019nin bu G\u00f6zne\u2019ye de sahip \u00e7\u0131karak eksiklikleri gidermesini istiyoruz.Kanalizasyon ya\u015fam\u0131n ihtiyac\u0131d\u0131r bunun bizlere de sa\u011fl\u0131k olarak ula\u015fmas\u0131n\u0131 istiyoruz.\u201d diye konu\u015ftu.<\/span><\/div>\n<div>\u00a0<\/div>\n<div><span style=\"font-size: 12px;\">Y\u0131llard\u0131r kesin sonuca varacak bir \u00e7al\u0131\u015fmayla kanalizasyon sorununun \u00e7\u00f6z\u00fcme kavu\u015fturulmad\u0131\u011f\u0131n\u0131 belirten G\u00f6zne sakinleri, \u201cY\u0131llard\u0131r ba\u015fvuruda bulunuyoruz. Y\u0131llard\u0131r \u2018proje a\u015famas\u0131nday\u0131z. Yak\u0131nda kanalizasyon sorununuzu \u00e7\u00f6zece\u011fiz\u2019 dediler. Bizi oyalad\u0131lar, kand\u0131rd\u0131lar. G\u00f6zne\u2019de ayd\u0131n insanlar ya\u015fad\u0131\u011f\u0131 i\u00e7in sorunumuz \u00e7\u00f6z\u00fclmedi. Ayvagedi\u011fi ve So\u011fucak\u2019ta bu sorunlar \u00e7\u00f6z\u00fcl\u00fcrken bizler halen sokaklarlara caddelere ta\u015fan foseptik \u00e7ukurlar\u0131na mahkum halde ya\u015f\u0131yoruz.\u00a0 MESK\u0130 t\u00fcm talep ve \u00e7abalar\u0131m\u0131za ra\u011fmen kar\u015f\u0131l\u0131\u011f\u0131nda hi\u00e7 bir \u00e7al\u0131\u015fma yapmad\u0131.\u201d diyerek tepki g\u00f6sterdi.<\/span><\/div>\n<div>\u00a0<\/div>\n<div><span style=\"font-size: 12px;\">Ta\u015fucu mahallesi sevin\u00e7 ya\u015fad\u0131<\/span><\/div>\n<div>\u00a0<\/div>\n<div><span style=\"font-size: 12px;\">\u00a0<\/span><\/div>\n<div>\u00a0<\/div>\n<div><span style=\"font-size: 12px;\">MESK\u0130 Genel M\u00fcd\u00fcr Yard\u0131mc\u0131s\u0131 \u0130rfan Korkmaz, Mersin B\u00fcy\u00fck\u015fehir Belediye Ba\u015fkan\u0131 Vahap Se\u00e7er\u2019in \u00f6nc\u00fcl\u00fc\u011f\u00fcnde; halk\u0131 bilgilendirmek ve projeleri bizzat anlatmak i\u00e7in Ta\u015fucu Mahallesi\u2019ni ziyaret ettiklerini belirterek, \u201cBiz MESK\u0130 olarak Ta\u015fucu\u2019nda neler yapaca\u011f\u0131m\u0131z\u0131 vatanda\u015flara bildirmek i\u00e7in buraya geldik. Buraya sadece sizlerle konu\u015fmak i\u00e7in de\u011fil, sorunlar\u0131n\u0131z\u0131 \u00e7\u00f6z\u00fcme kavu\u015fturmak i\u00e7in elimizden geleni yapt\u0131\u011f\u0131m\u0131z\u0131 g\u00f6stermeye geldik. \u0130halesini yapaca\u011f\u0131m\u0131z kanalizasyon projesi sayesinde Silifke \u0130l\u00e7esi Ta\u015fucu Mahallesi\u2019nde uzun y\u0131llard\u0131r ya\u015fanan altyap\u0131 sorunlar\u0131n\u0131 \u00e7\u00f6zece\u011fiz. Kanalizasyon ve i\u00e7me suyu hatlar\u0131nda s\u0131k\u0131nt\u0131 ya\u015fanmayan bir sistem yarataca\u011f\u0131z. \u00c7al\u0131\u015fmalar\u0131m\u0131z sayesinde Ta\u015fucu\u2019nda ya\u015fayan vatanda\u015flar ba\u015fta olmak \u00fczere t\u00fcm Mersin halk\u0131, daha sa\u011fl\u0131kl\u0131 ve temiz bir denize kavu\u015facak\u201d dedi.<\/span><\/div>\n<div>\u00a0<\/div>\n<div><span style=\"font-size: 12px;\">\u00a0<\/span><\/div>\n<div>\u00a0<\/div>\n<div><span style=\"font-size: 12px;\">Kanalizasyon hatt\u0131 bulunmayan ve foseptik \u00e7ukurlar\u0131 ile altyap\u0131 ihtiyac\u0131n\u0131n kar\u015f\u0131land\u0131\u011f\u0131 b\u00f6lgelerde olu\u015fan sorunlara bir son vermek amac\u0131yla yeni hat d\u00f6\u015feme \u00e7al\u0131\u015fmalar\u0131n\u0131 ger\u00e7ekle\u015ftiren MESK\u0130 Genel M\u00fcd\u00fcrl\u00fc\u011f\u00fc\u2019n\u00fcn, Ta\u015fucu Mahallesi\u2019nin y\u0131llard\u0131r \u00e7\u00f6z\u00fcm bekleyen kanalizasyon sorununun \u00e7\u00f6z\u00fclmesi noktas\u0131nda, at\u0131ksular\u0131 terfi merkezleri yard\u0131m\u0131yla Silifke At\u0131ksu Ar\u0131tma Tesisi\u2019ne iletecek projenin ihale a\u015famas\u0131na geldi\u011fi bilgisi, mahalle sakinlerinde b\u00fcy\u00fck sevin\u00e7 yaratt\u0131.<\/span><\/div>\n<div><span style=\"font-size: 12px;\">\u00a0 \u00a0 \u00a0 \u00a0 \u00a0 \u00a0 \u00a0 \u00a0 \u00a0 \u00a0 \u00a0 \u00a0 \u00a0 \u00a0 \u00a0 \u00a0 \u00a0 \u00a0 \u00a0 \u00a0 \u00a0 \u00a0 \u00a0 \u00a0 \u00a0 \u00a0 \u00a0 \u00a0 \u00a0 \u00a0 \u00a0 \u00a0 \u00a0 \u00a0 \u00a0\u00a0<\/span><\/div>\n<div><span style=\"font-size: 12px;\">\u201cBiz vatanda\u015fa hizmet etmek i\u00e7in var\u0131z\u201d<\/span><\/div>\n<div>\u00a0<\/div>\n<div><span style=\"font-size: 12px;\">MESK\u0130 Genel M\u00fcd\u00fcr\u00fc Alaeddin Alka\u00e7, \u00e7\u00f6z\u00fcm bekleyen sorunlara y\u00f6nelik projeleri hayata ge\u00e7irmeye devam edeceklerini belirterek, \u201cTurizmin en \u00f6nemli merkezlerinden biri olan \u015fehrimizin yine \u00f6nemli noktalar\u0131ndan olan Silifke, hem k\u00fclt\u00fcrel hem de do\u011fal g\u00fczelliklerimizin yay\u0131lmas\u0131 a\u00e7\u0131s\u0131ndan \u00e7ok stratejik bir il\u00e7emiz, bunun yan\u0131 s\u0131ra turizm d\u00fcnyas\u0131na a\u00e7\u0131lan kap\u0131lar\u0131m\u0131zdan biridir. \u0130l\u00e7elerimizin eksikliklerini gidermek bilinciyle hareket ederek, Mersin B\u00fcy\u00fck\u015fehir Belediye Ba\u015fkan\u0131 Vahap Se\u00e7er\u2019in \u00f6nc\u00fcl\u00fc\u011f\u00fcnde projelerimizi tek tek hayata ge\u00e7iriyoruz. Ba\u015fkan\u0131m\u0131z Say\u0131n Vahap Se\u00e7er\u2019in de s\u00f6yledi\u011fi gibi; biz vatanda\u015fa hizmet i\u00e7in var\u0131z. Yeni yapaca\u011f\u0131m\u0131z proje ile birlikte b\u00f6lgenin \u00e7ok \u00f6nemli bir eksi\u011fini giderip, Silifke \u0130l\u00e7emiz\u2019e yak\u0131\u015f\u0131r bir altyap\u0131y\u0131 hizmete sunaca\u011f\u0131z. Projemiz Silifke \u0130l\u00e7emiz\u2019e ve Mersinli vatanda\u015flar\u0131m\u0131za hay\u0131rl\u0131 olsun\u201d dedi.<\/span><\/div>\n","protected":false},"excerpt":{"rendered":"<p>G\u00f6zne sakinleri, \u201cY\u0131llard\u0131r ba\u015fvuruda bulunuyoruz. Y\u0131llard\u0131r \u2019proje a\u015famas\u0131nday\u0131z. Yak\u0131nda kanalizasyon sorununuzu \u00e7\u00f6zece\u011fiz\u2019 dediler. Bizi oyalad\u0131lar, kand\u0131rd\u0131lar. G\u00f6zne\u2019de ayd\u0131n insanlar ya\u015fad\u0131\u011f\u0131 i\u00e7in sorunumuz \u00e7\u00f6z\u00fclmedi. Ayvagedi\u011fi ve So\u011fucak\u2019ta bu sorunlar \u00e7\u00f6z\u00fcl\u00fcrken bizler &hellip; <a href=\"https:\/\/mersinekonomipolitikagazetesi.com\/?p=5920\" class=\"more-link\">Devam\u0131n\u0131 Oku&#8230;<\/a><\/p>\n","protected":false},"author":1,"featured_media":0,"comment_status":"open","ping_status":"open","sticky":false,"template":"","format":"standard","meta":[],"categories":[],"tags":[],"_links":{"self":[{"href":"https:\/\/mersinekonomipolitikagazetesi.com\/index.php?rest_route=\/wp\/v2\/posts\/5920"}],"collection":[{"href":"https:\/\/mersinekonomipolitikagazetesi.com\/index.php?rest_route=\/wp\/v2\/posts"}],"about":[{"href":"https:\/\/mersinekonomipolitikagazetesi.com\/index.php?rest_route=\/wp\/v2\/types\/post"}],"author":[{"embeddable":true,"href":"https:\/\/mersinekonomipolitikagazetesi.com\/index.php?rest_route=\/wp\/v2\/users\/1"}],"replies":[{"embeddable":true,"href":"https:\/\/mersinekonomipolitikagazetesi.com\/index.php?rest_route=%2Fwp%2Fv2%2Fcomments&post=5920"}],"version-history":[{"count":0,"href":"https:\/\/mersinekonomipolitikagazetesi.com\/index.php?rest_route=\/wp\/v2\/posts\/5920\/revisions"}],"wp:attachment":[{"href":"https:\/\/mersinekonomipolitikagazetesi.com\/index.php?rest_route=%2Fwp%2Fv2%2Fmedia&parent=5920"}],"wp:term":[{"taxonomy":"category","embeddable":true,"href":"https:\/\/mersinekonomipolitikagazetesi.com\/index.php?rest_route=%2Fwp%2Fv2%2Fcategories&post=5920"},{"taxonomy":"post_tag","embeddable":true,"href":"https:\/\/mersinekonomipolitikagazetesi.com\/index.php?rest_route=%2Fwp%2Fv2%2Ftags&post=5920"}],"curies":[{"name":"wp","href":"https:\/\/api.w.org\/{rel}","templated":true}]}}